{"id":9064,"date":"2026-08-31T10:05:03","date_gmt":"2026-08-31T14:05:03","guid":{"rendered":"https:\/\/www.elfuerte.cl\/web\/?p=9064"},"modified":"2026-08-31T10:22:14","modified_gmt":"2026-08-31T14:22:14","slug":"los-rios-podria-ser-la-primera-region-del-pais-en-terminar-con-la-institucionalizacion-de-ninos-menores-de-cuatro-anos","status":"publish","type":"post","link":"https:\/\/www.elfuerte.cl\/web\/2026\/08\/31\/los-rios-podria-ser-la-primera-region-del-pais-en-terminar-con-la-institucionalizacion-de-ninos-menores-de-cuatro-anos\/","title":{"rendered":"Los R\u00edos podr\u00eda ser la primera regi\u00f3n del pa\u00eds en terminar con la institucionalizaci\u00f3n de ni\u00f1os menores de cuatro a\u00f1os"},"content":{"rendered":"\t\t<div data-elementor-type=\"wp-post\" data-elementor-id=\"9064\" class=\"elementor elementor-9064\">\n\t\t\t\t\t\t<section class=\"elementor-section elementor-top-section elementor-element elementor-element-464cea7 elementor-section-boxed elementor-section-height-default elementor-section-height-default\" data-id=\"464cea7\" data-element_type=\"section\">\r\n\t\t\t\t\t\t<div class=\"elementor-container elementor-column-gap-thegem\"><div class=\"elementor-row\">\r\n\t\t\t\t\t<div class=\"elementor-column elementor-col-66 elementor-top-column elementor-element elementor-element-2f44c54\" data-id=\"2f44c54\" data-element_type=\"column\">\n\t\t\t<div class=\"elementor-widget-wrap elementor-element-populated\">\n\t\t\t\t\t\t<div class=\"elementor-element elementor-element-ab386a6 flex-horizontal-align-default flex-horizontal-align-tablet-default flex-horizontal-align-mobile-default flex-vertical-align-default flex-vertical-align-tablet-default flex-vertical-align-mobile-default elementor-widget elementor-widget-heading\" data-id=\"ab386a6\" data-element_type=\"widget\" data-widget_type=\"heading.default\">\n\t\t\t\t\t<div class=\"title-h1 elementor-heading-title elementor-size-default\">Los R\u00edos podr\u00eda ser la primera regi\u00f3n del pa\u00eds en terminar con la institucionalizaci\u00f3n de ni\u00f1os menores de cuatro a\u00f1os<\/div>\t\t\t\t<\/div>\n\t\t\t\t<div class=\"elementor-element elementor-element-8427bf3 elementor-widget__width-initial flex-horizontal-align-default flex-horizontal-align-tablet-default flex-horizontal-align-mobile-default flex-vertical-align-default flex-vertical-align-tablet-default flex-vertical-align-mobile-default elementor-widget elementor-widget-text-editor\" data-id=\"8427bf3\" data-element_type=\"widget\" data-widget_type=\"text-editor.default\">\n\t\t\t\t\t\t\t\t\t\t\t\t<div class=\"elementor-text-editor elementor-clearfix\">\r\n\t\t\t\t\t\t<p><strong><b>El subsecretario de la Ni\u00f1ez, Marcelo S\u00e1nchez Ahumada, afirm\u00f3 que la regi\u00f3n requiere actualmente ocho familias de acogida para avanzar hacia esa meta. En entrevista con El Fuerte Noticias, la autoridad abord\u00f3 adem\u00e1s el despliegue de las Oficinas Locales de la Ni\u00f1ez, a las que defini\u00f3 como \u201cla vacuna preventiva frente a las graves vulneraciones de derechos de los ni\u00f1os\u201d, y el compromiso de fortalecer progresivamente el apoyo econ\u00f3mico y t\u00e9cnico a las familias de acogida.<\/b><\/strong><\/p><p><strong><b>VALDIVIA.\u2013<\/b><\/strong>\u00a0En medio de una intensa agenda de trabajo desarrollada recientemente en la Regi\u00f3n de Los R\u00edos, que incluy\u00f3 reuniones con autoridades regionales y su participaci\u00f3n en la <strong><b>Mesa de Articulaci\u00f3n Interinstitucional Regional de Ni\u00f1ez<\/b><\/strong>, el subsecretario de la Ni\u00f1ez, <strong><b>Marcelo S\u00e1nchez Ahumada<\/b><\/strong>, se dio tiempo para conversar con <strong><b>El Fuerte Noticias<\/b><\/strong>\u00a0en dependencias de <strong><b>Cecrea Valdivia<\/b><\/strong>, en avenida Ecuador.<\/p><p>La conversaci\u00f3n se produjo en momentos en que Chile avanza en la implementaci\u00f3n de una <strong><b>nueva institucionalidad de protecci\u00f3n integral de ni\u00f1os, ni\u00f1as y adolescentes<\/b><\/strong>, proceso desarrollado progresivamente a partir de la Ley de Garant\u00edas y que ha significado instalar nuevas estructuras territoriales, fortalecer la coordinaci\u00f3n entre los distintos organismos p\u00fablicos y avanzar desde una mirada principalmente reactiva hacia otra donde la prevenci\u00f3n adquiere un papel central.<\/p><p>En ese proceso, S\u00e1nchez identifica desaf\u00edos que deber\u00edan marcar los pr\u00f3ximos a\u00f1os: <strong><b>terminar con la institucionalizaci\u00f3n residencial de ni\u00f1os menores de cuatro a\u00f1os, fortalecer las familias de acogida y completar el despliegue territorial de las Oficinas Locales de la Ni\u00f1ez (OLN)<\/b><\/strong>.<\/p><p><strong>Los R\u00edos podr\u00eda ser la primera regi\u00f3n en alcanzar la meta<\/strong><\/p><p>Uno de los desaf\u00edos m\u00e1s inmediatos tiene una expresi\u00f3n concreta en Los R\u00edos. Actualmente <strong><b>ocho ni\u00f1os menores de cuatro a\u00f1os permanecen en cuidado residencial y requieren una alternativa familiar<\/b><\/strong>, situaci\u00f3n que abre la posibilidad de que la regi\u00f3n se convierta en la primera del pa\u00eds en alcanzar la meta de que ning\u00fan ni\u00f1o de ese rango de edad permanezca institucionalizado.<\/p><p>\u201c<strong><b>Es muy probable que \u00e9sta sea la primera regi\u00f3n que cumpla la meta. Pero lo que necesitamos son primero familias<\/b><\/strong>\u201d, afirm\u00f3 S\u00e1nchez.<\/p><p>La autoridad explic\u00f3 que cuando el actual Gobierno asumi\u00f3 exist\u00edan <strong><b>m\u00e1s de 700 ni\u00f1os menores de cuatro a\u00f1os en residencias<\/b><\/strong>\u00a0en el pa\u00eds, pese a que la legislaci\u00f3n establece restricciones a su institucionalizaci\u00f3n. El objetivo, sostuvo, es avanzar decididamente hacia modelos familiares de cuidado.<\/p><p>\u201c<b>\u00c9<\/b><strong><b>sa es la meta, de todas maneras: desinstitucionalizar a los ni\u00f1os de menos de cuatro a\u00f1os<\/b><\/strong>\u201d, enfatiz\u00f3.<\/p><p>El desaf\u00edo adquiere particular relevancia en Los R\u00edos. Hace algunas semanas, Valdivia fue escenario del seminario <strong><b>\u201cEl Derecho a Pertenecer\u201d<\/b><\/strong>, instancia abordada tambi\u00e9n por <em><i>El Fuerte Noticias<\/i><\/em>, que reuni\u00f3 a familias, especialistas e instituciones para reflexionar sobre adopci\u00f3n, acogimiento familiar y, principalmente, sobre <strong><b>el derecho de ni\u00f1os y ni\u00f1as a crecer en un entorno familiar<\/b><\/strong>.<\/p><p><strong>La Araucan\u00eda forma parte de un plan piloto<\/strong><\/p><p>La transformaci\u00f3n ya comenz\u00f3 a probarse en territorios de la macrozona sur. <strong><b>La Araucan\u00eda forma parte, junto a Valpara\u00edso y la Regi\u00f3n Metropolitana, del Plan Crecer en Familia<\/b><\/strong>, iniciativa impulsada por el Gobierno para acelerar la salida de ni\u00f1os menores de cuatro a\u00f1os desde residencias y privilegiar alternativas familiares.<\/p><p>S\u00e1nchez explic\u00f3 que la selecci\u00f3n de estos territorios busc\u00f3 precisamente probar el modelo frente a <strong><b>situaciones de mayor complejidad<\/b><\/strong>, para determinar si era posible acelerar los procesos de acogimiento incluso en escenarios particularmente dif\u00edciles.<\/p><p>Los resultados obtenidos, asegur\u00f3, permiten proyectar la extensi\u00f3n progresiva de la estrategia al resto del pa\u00eds y sostener la meta de avanzar durante <strong><b>2027 hacia la desinstitucionalizaci\u00f3n de los ni\u00f1os menores de cuatro a\u00f1os<\/b><\/strong>.<\/p><p>El objetivo no responde solamente a una decisi\u00f3n administrativa. S\u00e1nchez sostuvo que <strong><b>la evidencia disponible demuestra los efectos negativos que puede producir la institucionalizaci\u00f3n durante los primeros a\u00f1os de vida<\/b><\/strong>, particularmente en los \u00e1mbitos cognitivo, emocional y afectivo.<\/p><p><strong>\u00abLas OLN son las vacunas preventivas\u00bb<\/strong><\/p><p>Pero sacar a los ni\u00f1os peque\u00f1os de las residencias representa solamente una parte de una transformaci\u00f3n m\u00e1s amplia. El otro desaf\u00edo est\u00e1 en <strong><b>evitar que las vulneraciones lleguen a niveles de gravedad que hagan necesaria la intervenci\u00f3n del sistema especializado<\/b><\/strong>.<\/p><p>Ah\u00ed adquieren un papel central las <strong><b>Oficinas Locales de la Ni\u00f1ez (OLN)<\/b><\/strong>. Actualmente existen <strong><b>341 comunas con Oficinas Locales de la Ni\u00f1ez<\/b><\/strong>, equivalentes a cerca del 99% de cobertura comunal del pa\u00eds. La expectativa es completar el despliegue territorial pendiente hacia marzo de 2027.<\/p><p>Para S\u00e1nchez, esta nueva estructura permite contar por primera vez con una importante capacidad territorial para detectar riesgos, coordinar servicios y actuar preventivamente.<\/p><p>\u201c<strong><b>Las oficinas locales de la ni\u00f1ez son la vacuna preventiva frente a las graves vulneraciones de derechos de los ni\u00f1os<\/b><\/strong>\u201d, afirm\u00f3.<\/p><p>La comparaci\u00f3n no es casual. Seg\u00fan explic\u00f3, actualmente las OLN alcanzan aproximadamente a <strong><b>300 mil o 400 mil ni\u00f1os al a\u00f1o<\/b><\/strong>, pero el desaf\u00edo es aumentar considerablemente esa cobertura.<\/p><p>\u201c<strong><b>Tenemos que llegar por lo menos a dos millones de ni\u00f1os y debi\u00e9ramos llegar a los m\u00e1s de cuatro millones de ni\u00f1os. Porque para tener efecto realmente preventivo necesitamos escalas grandes<\/b><\/strong>\u201d, sostuvo.<\/p><p><strong>De reaccionar a prevenir<\/strong><\/p><p>Las OLN forman parte de una arquitectura que contempla distintos niveles de coordinaci\u00f3n. Existen <strong><b>Mesas de Articulaci\u00f3n Interinstitucional Comunales (MAIC), Regionales (MAIR) y una instancia nacional (MAIN)<\/b><\/strong>, cuyo prop\u00f3sito es detectar brechas y conseguir respuestas concretas desde los distintos organismos del Estado.<\/p><p>S\u00e1nchez explic\u00f3 que una dificultad hist\u00f3rica del sistema chileno ha sido precisamente <strong><b>la fragmentaci\u00f3n de los servicios p\u00fablicos<\/b><\/strong>, donde salud, educaci\u00f3n, prevenci\u00f3n de drogas, protecci\u00f3n social y otros organismos disponen de programas que muchas veces no se articulan adecuadamente entre s\u00ed.<\/p><p>Las mesas buscan cambiar esa l\u00f3gica. Si una comuna detecta, por ejemplo, ni\u00f1os que requieren determinadas prestaciones de salud y no encuentra respuesta local, <strong><b>el problema debe escalar al nivel regional y, si tampoco existe all\u00ed una soluci\u00f3n, llegar al nivel nacional<\/b><\/strong>.<\/p><p>\u201c<strong><b>No son para juntarse a tomar caf\u00e9 ni comer galletitas. Son para tomar compromisos concretos en el cumplimiento de los derechos de los ni\u00f1os<\/b><\/strong>\u201d, sostuvo el subsecretario.<\/p><p>El objetivo es que esos diagn\u00f3sticos territoriales no queden solamente registrados, sino que <strong><b>terminen incidiendo en la planificaci\u00f3n de los servicios, en sus presupuestos exploratorios, en el Programa P\u00fablico de Inversiones Regionales (PROPIR) y eventualmente en los recursos complementarios que puedan aportar los gobiernos regionales<\/b><\/strong>.<\/p><p><strong>Fortalecer a las familias que deciden acoger<\/strong><\/p><p>El otro componente fundamental es fortalecer las <strong><b>familias de acogida<\/b><\/strong>, que reciben temporalmente a ni\u00f1os que, por resoluci\u00f3n judicial, deben ser separados de sus familias de origen.<\/p><p>S\u00e1nchez reconoci\u00f3 que actualmente el aporte econ\u00f3mico que reciben estas familias resulta insuficiente frente a las responsabilidades que supone asumir temporalmente el cuidado de un ni\u00f1o.<\/p><p>Por ello, el Gobierno proyecta <strong><b>incrementar progresivamente los recursos<\/b><\/strong>, con el objetivo de acercarse a los <strong><b>$600 mil mensuales que el subsecretario identifica como el est\u00e1ndar recomendado por UNICEF<\/b><\/strong>.<\/p><p>\u201c<strong><b>Nosotros este a\u00f1o esperamos duplicar los aportes en la pr\u00f3xima licitaci\u00f3n y de ah\u00ed en adelante el pr\u00f3ximo a\u00f1o crecer ojal\u00e1 sobre los 400 mil pesos y ya el a\u00f1o 2028 poder estar instalando el est\u00e1ndar UNICEF<\/b><\/strong>\u201d, explic\u00f3.<\/p><p>El fortalecimiento, sin embargo, no ser\u00eda solamente econ\u00f3mico. La propuesta considera tambi\u00e9n <strong><b>aumentar el acompa\u00f1amiento profesional<\/b><\/strong>, pasando de las actuales duplas que pueden trabajar con alrededor de 18 familias a equipos de tres profesionales para aproximadamente 12 familias, buscando disponer de capacidad de apoyo permanente frente a situaciones complejas.<\/p><p>\u201c<strong><b>Queremos que una familia, si tiene una necesidad en un momento clave, pueda llamar a su equipo y pueda tener ese soporte<\/b><\/strong>\u201d, explic\u00f3 S\u00e1nchez.<\/p><p><strong><b>El desaf\u00edo de prevenir situaciones de vulneraci\u00f3n<\/b><\/strong><\/p><p><strong><b>El desaf\u00edo, finalmente, es hacer efectivo el deber del Estado de garantizar los derechos de los ni\u00f1os, ni\u00f1as y adolescentes, especialmente cuando se encuentran en situaciones de vulneraci\u00f3n.<\/b><\/strong>\u00a0Con la Ley de Garant\u00edas y la nueva institucionalidad que se est\u00e1 desplegando en el territorio, Chile comienza a traducir ese compromiso en medidas concretas: <strong><b>Oficinas Locales de la Ni\u00f1ez capaces de trabajar directamente con las familias y las comunidades, mejores est\u00e1ndares de financiamiento para los programas de protecci\u00f3n, una respuesta p\u00fablica m\u00e1s r\u00e1pida frente a las vulneraciones y el avance hacia la desinstitucionalizaci\u00f3n de la primera infancia.<\/b><\/strong><\/p><p>En ese proceso, el desaf\u00edo no consiste solamente en reaccionar cuando un derecho ya ha sido vulnerado. <strong><b>La transformaci\u00f3n del sistema apunta tambi\u00e9n a fortalecer la prevenci\u00f3n, detectar tempranamente los factores de riesgo y disponer de una red p\u00fablica capaz de activar oportunamente las medidas de protecci\u00f3n cuando sean necesarias.<\/b><\/strong><\/p><p><strong><b>Los R\u00edos tiene hoy la posibilidad de convertir ese cambio institucional en un resultado concreto:<\/b><\/strong>\u00a0conseguir las ocho familias de acogida que permitir\u00edan avanzar hacia una regi\u00f3n donde ning\u00fan ni\u00f1o menor de cuatro a\u00f1os tenga que crecer en una residencia. <strong><b>Una meta acotada en su n\u00famero, pero profunda en lo que representa: hacer efectivo el derecho de la infancia m\u00e1s vulnerable a crecer protegida y, siempre que sea posible, en un entorno familiar.<\/b><\/strong><\/p><p><strong><b>Por Marcelo Patroni, director de El Fuerte Noticias<\/b><\/strong><\/p>\t\t\t\t\t\t\t<\/div>\r\n\t\t\t\t\t\t\t\t\t\t<\/div>\n\t\t\t\t<div class=\"elementor-element elementor-element-5ac3e4a flex-horizontal-align-default flex-horizontal-align-tablet-default flex-horizontal-align-mobile-default flex-vertical-align-default flex-vertical-align-tablet-default flex-vertical-align-mobile-default elementor-widget elementor-widget-thegem-styledimage\" data-id=\"5ac3e4a\" data-element_type=\"widget\" data-settings=\"{&quot;thegem_elementor_preset&quot;:&quot;style-2&quot;,&quot;image&quot;:{&quot;url&quot;:&quot;https:\\\/\\\/elfuerte.cl\\\/web\\\/wp-content\\\/uploads\\\/2025\\\/10\\\/bannerefdelsur.jpg&quot;,&quot;id&quot;:1540,&quot;size&quot;:&quot;&quot;,&quot;alt&quot;:&quot;&quot;,&quot;source&quot;:&quot;library&quot;},&quot;image_position&quot;:&quot;left&quot;}\" data-widget_type=\"thegem-styledimage.default\">\n\t\t\t\t<div class=\"elementor-widget-container\">\n\t\t\t\t\t\n<div class=\"styled-image-wrapper\">\n\t\t\t<div class=\"gem-image gem-wrapbox gem-wrapbox-style-2 gem-wrapbox-position-left lazy-loading \">\n\t\t\t<div class=\"gem-wrapbox-inner  lazy-loading-item\"  data-ll-effect=\"move-up\">\n\t\t\t\t\t\t\t\t<a href=\"#\">\n\t\t\t\t\t\t\t\t\t\t<img class=\"gem-wrapbox-element img-responsive \"\n\t\t\t\t\t\t src=\"https:\/\/www.elfuerte.cl\/web\/wp-content\/uploads\/2025\/10\/bannerefdelsur.jpg\"\n\t\t\t\t\t\t alt=\"bannerefdelsur\">\n\t\t\t\t\t\t\t\t\t\t\t\t\t\t<\/a>\n\t\t\t\t\t\t<\/div>\n\t\t<\/div>\n\t\t<\/div>\n\n\n\t\n\t\t\t\t\t\t<\/div>\n\t\t\t\t<\/div>\n\t\t\t\t\t<\/div>\n\t\t<\/div>\n\t\t\t\t<div class=\"elementor-column elementor-col-33 elementor-top-column elementor-element elementor-element-dfac7b7\" data-id=\"dfac7b7\" data-element_type=\"column\">\n\t\t\t<div class=\"elementor-widget-wrap elementor-element-populated\">\n\t\t\t\t\t\t<div class=\"elementor-element elementor-element-af7077d flex-horizontal-align-default flex-horizontal-align-tablet-default flex-horizontal-align-mobile-default flex-vertical-align-default flex-vertical-align-tablet-default flex-vertical-align-mobile-default elementor-widget elementor-widget-sidebar\" data-id=\"af7077d\" data-element_type=\"widget\" data-settings=\"{&quot;thegem_custom_css&quot;:&quot;.gem-pp-posts-image {\\r\\n    width: 72px;\\r\\n}\\r\\n.gem-pp-posts-image img {\\r\\n    border-radius: 50%;\\r\\n}\\r\\nselector h4 {\\r\\n    padding-top: 40px;\\r\\n}&quot;}\" data-widget_type=\"sidebar.default\">\n\t\t\t\t\t<aside id=\"media_image-3\" class=\"widget widget_media_image\"><img width=\"750\" height=\"750\" src=\"https:\/\/www.elfuerte.cl\/web\/wp-content\/uploads\/2025\/10\/bannerrojook.jpg\" class=\"image wp-image-1681  attachment-full size-full\" alt=\"\" style=\"max-width: 100%; height: auto;\" title=\"Banner\" srcset=\"https:\/\/www.elfuerte.cl\/web\/wp-content\/uploads\/2025\/10\/bannerrojook.jpg 750w, https:\/\/www.elfuerte.cl\/web\/wp-content\/uploads\/2025\/10\/bannerrojook-300x300.jpg 300w, https:\/\/www.elfuerte.cl\/web\/wp-content\/uploads\/2025\/10\/bannerrojook-150x150.jpg 150w, https:\/\/www.elfuerte.cl\/web\/wp-content\/uploads\/2025\/10\/bannerrojook-256x256.jpg 256w\" sizes=\"(max-width: 750px) 100vw, 750px\" \/><\/aside><aside id=\"categories-2\" class=\"widget widget_categories\"><h4 class=\"widget-title\">Secciones<\/h4>\n\t\t\t<ul>\n\t\t\t\t\t<li class=\"cat-item cat-item-21\"><a href=\"https:\/\/www.elfuerte.cl\/web\/category\/actualidad\/\" title=\"View all posts filed under Actualidad\">Actualidad<\/a>\n<\/li>\n\t<li class=\"cat-item cat-item-100\"><a href=\"https:\/\/www.elfuerte.cl\/web\/category\/destacados\/\" title=\"View all posts filed under Destacados\">Destacados<\/a>\n<\/li>\n\t<li class=\"cat-item cat-item-101\"><a href=\"https:\/\/www.elfuerte.cl\/web\/category\/region-ludica\/\" title=\"View all posts filed under Regi\u00f3n L\u00fadica\">Regi\u00f3n L\u00fadica<\/a>\n<\/li>\n\t<li class=\"cat-item cat-item-157\"><a href=\"https:\/\/www.elfuerte.cl\/web\/category\/sala-de-redaccion\/\" title=\"View all posts filed under Sala de Redacci\u00f3n\">Sala de Redacci\u00f3n<\/a>\n<\/li>\n\t\t\t<\/ul>\n\n\t\t\t<\/aside><aside id=\"custom_popular_posts-2\" class=\"widget Custom_Popular_Posts\"><h4 class=\"widget-title\">Populares<\/h4><ul class=\"posts  styled\"><li class=\"clearfix gem-pp-posts\"><div class=\"gem-pp-posts-image\"><a href=\"https:\/\/www.elfuerte.cl\/web\/2025\/09\/05\/conce-pago-su-deuda-con-pepo\/\"><img src=\"https:\/\/www.elfuerte.cl\/web\/wp-content\/uploads\/2025\/09\/rl0003-thegem-post-thumb-large.jpg\" srcset=\"https:\/\/www.elfuerte.cl\/web\/wp-content\/uploads\/2025\/09\/rl0003-thegem-post-thumb-small.jpg 1x, https:\/\/www.elfuerte.cl\/web\/wp-content\/uploads\/2025\/09\/rl0003-thegem-post-thumb-large.jpg 2x\" alt=\"\"\/><\/a><\/div><div class=\"gem-pp-posts-text\"> <div class=\"gem-pp-posts-item\"><a href=\"https:\/\/www.elfuerte.cl\/web\/2025\/09\/05\/conce-pago-su-deuda-con-pepo\/\">Conce pag\u00f3 su deuda con \u201cPepo\u201d<\/a><\/div><div class=\"gem-pp-posts-date\">05\/09\/2025<\/div><\/div><\/li><li class=\"clearfix gem-pp-posts\"><div class=\"gem-pp-posts-image\"><a href=\"https:\/\/www.elfuerte.cl\/web\/2026\/08\/31\/los-rios-podria-ser-la-primera-region-del-pais-en-terminar-con-la-institucionalizacion-de-ninos-menores-de-cuatro-anos\/\"><img src=\"https:\/\/www.elfuerte.cl\/web\/wp-content\/uploads\/2026\/08\/portada-2026-08-31T100356.441.jpg\" srcset=\"https:\/\/www.elfuerte.cl\/web\/wp-content\/uploads\/2026\/08\/portada-2026-08-31T100356.441.jpg 1x, https:\/\/www.elfuerte.cl\/web\/wp-content\/uploads\/2026\/08\/portada-2026-08-31T100356.441.jpg 2x\" alt=\"\"\/><\/a><\/div><div class=\"gem-pp-posts-text\"> <div class=\"gem-pp-posts-item\"><a href=\"https:\/\/www.elfuerte.cl\/web\/2026\/08\/31\/los-rios-podria-ser-la-primera-region-del-pais-en-terminar-con-la-institucionalizacion-de-ninos-menores-de-cuatro-anos\/\">Los R\u00edos podr\u00eda ser la primera regi\u00f3n del pa\u00eds en terminar con la institucionalizaci\u00f3n de ni\u00f1os menores de cuatro a\u00f1os<\/a><\/div><div class=\"gem-pp-posts-date\">31\/08\/2026<\/div><\/div><\/li><li class=\"clearfix gem-pp-posts\"><div class=\"gem-pp-posts-image\"><a href=\"https:\/\/www.elfuerte.cl\/web\/2025\/09\/10\/educacion-en-chile-desafios-y-oportunidades\/\"><img src=\"https:\/\/www.elfuerte.cl\/web\/wp-content\/uploads\/2025\/09\/sr002-thegem-post-thumb-large.jpg\" srcset=\"https:\/\/www.elfuerte.cl\/web\/wp-content\/uploads\/2025\/09\/sr002-thegem-post-thumb-small.jpg 1x, https:\/\/www.elfuerte.cl\/web\/wp-content\/uploads\/2025\/09\/sr002-thegem-post-thumb-large.jpg 2x\" alt=\"\"\/><\/a><\/div><div class=\"gem-pp-posts-text\"> <div class=\"gem-pp-posts-item\"><a href=\"https:\/\/www.elfuerte.cl\/web\/2025\/09\/10\/educacion-en-chile-desafios-y-oportunidades\/\">Educaci\u00f3n en Chile: desaf\u00edos y oportunidades<\/a><\/div><div class=\"gem-pp-posts-date\">10\/09\/2025<\/div><\/div><\/li><li class=\"clearfix gem-pp-posts\"><div class=\"gem-pp-posts-image\"><a href=\"https:\/\/www.elfuerte.cl\/web\/2025\/09\/05\/la-derrota-que-dejo-al-gobierno-sin-brujula\/\"><img src=\"https:\/\/www.elfuerte.cl\/web\/wp-content\/uploads\/2025\/09\/actualidad004-thegem-post-thumb-large.jpg\" srcset=\"https:\/\/www.elfuerte.cl\/web\/wp-content\/uploads\/2025\/09\/actualidad004-thegem-post-thumb-small.jpg 1x, https:\/\/www.elfuerte.cl\/web\/wp-content\/uploads\/2025\/09\/actualidad004-thegem-post-thumb-large.jpg 2x\" alt=\"\"\/><\/a><\/div><div class=\"gem-pp-posts-text\"> <div class=\"gem-pp-posts-item\"><a href=\"https:\/\/www.elfuerte.cl\/web\/2025\/09\/05\/la-derrota-que-dejo-al-gobierno-sin-brujula\/\">La derrota que dej\u00f3 al gobierno sin br\u00fajula<\/a><\/div><div class=\"gem-pp-posts-date\">05\/09\/2025<\/div><\/div><\/li><\/ul><\/aside>\t\t\t\t<\/div>\n\t\t\t\t\t<\/div>\n\t\t<\/div>\n\t\t\t\t\t<\/div><\/div>\r\n\t\t<\/section>\r\n\t\t<div class=\"elementor-element elementor-element-c012b5a thegem-e-con-layout-thegem e-flex e-con-boxed e-con e-parent\" data-id=\"c012b5a\" data-element_type=\"container\" data-settings=\"{&quot;thegem_container_layout&quot;:&quot;thegem&quot;}\">\r\n\t\t\t\t\t<div class=\"e-con-inner\">\r\n\t\t\t\t<div class=\"elementor-element elementor-element-cf43844 elementor-arrows-position-inside elementor-pagination-position-outside flex-horizontal-align-default flex-horizontal-align-tablet-default flex-horizontal-align-mobile-default flex-vertical-align-default flex-vertical-align-tablet-default flex-vertical-align-mobile-default elementor-widget elementor-widget-image-carousel\" data-id=\"cf43844\" data-element_type=\"widget\" data-settings=\"{&quot;slides_to_show&quot;:&quot;1&quot;,&quot;navigation&quot;:&quot;both&quot;,&quot;autoplay&quot;:&quot;yes&quot;,&quot;pause_on_hover&quot;:&quot;yes&quot;,&quot;pause_on_interaction&quot;:&quot;yes&quot;,&quot;autoplay_speed&quot;:5000,&quot;infinite&quot;:&quot;yes&quot;,&quot;effect&quot;:&quot;slide&quot;,&quot;speed&quot;:500}\" data-widget_type=\"image-carousel.default\">\n\t\t\t\t\t\t\t<div class=\"elementor-image-carousel-wrapper swiper\" role=\"region\" aria-roledescription=\"carousel\" aria-label=\"Carrusel de im\u00e1genes\" dir=\"ltr\">\n\t\t\t<div class=\"elementor-image-carousel swiper-wrapper\" aria-live=\"off\">\n\t\t\t\t\t\t\t\t<div class=\"swiper-slide\" role=\"group\" aria-roledescription=\"slide\" aria-label=\"1 de 3\"><figure class=\"swiper-slide-inner\"><img class=\"swiper-slide-image\" src=\"https:\/\/www.elfuerte.cl\/web\/wp-content\/uploads\/2026\/08\/06283fe9-e23d-4e1a-b670-76a7035ac77a.jpg\" alt=\"06283fe9-e23d-4e1a-b670-76a7035ac77a\" \/><\/figure><\/div><div class=\"swiper-slide\" role=\"group\" aria-roledescription=\"slide\" aria-label=\"2 de 3\"><figure class=\"swiper-slide-inner\"><img class=\"swiper-slide-image\" src=\"https:\/\/www.elfuerte.cl\/web\/wp-content\/uploads\/2026\/08\/f74f3c01-a1e7-4968-b36c-3a032a7aa2e4.jpg\" alt=\"f74f3c01-a1e7-4968-b36c-3a032a7aa2e4\" \/><\/figure><\/div><div class=\"swiper-slide\" role=\"group\" aria-roledescription=\"slide\" aria-label=\"3 de 3\"><figure class=\"swiper-slide-inner\"><img class=\"swiper-slide-image\" src=\"https:\/\/www.elfuerte.cl\/web\/wp-content\/uploads\/2026\/08\/Subse-3.jpg\" alt=\"Subse 3\" \/><\/figure><\/div>\t\t\t<\/div>\n\t\t\t\t\t\t\t\t\t\t\t\t<div class=\"elementor-swiper-button elementor-swiper-button-prev\" role=\"button\" tabindex=\"0\">\n\t\t\t\t\t\t<svg aria-hidden=\"true\" class=\"e-font-icon-svg e-eicon-chevron-left\" viewBox=\"0 0 1000 1000\" xmlns=\"http:\/\/www.w3.org\/2000\/svg\"><path d=\"M646 125C629 125 613 133 604 142L308 442C296 454 292 471 292 487 292 504 296 521 308 533L604 854C617 867 629 875 646 875 663 875 679 871 692 858 704 846 713 829 713 812 713 796 708 779 692 767L438 487 692 225C700 217 708 204 708 187 708 171 704 154 692 142 675 129 663 125 646 125Z\"><\/path><\/svg>\t\t\t\t\t<\/div>\n\t\t\t\t\t<div class=\"elementor-swiper-button elementor-swiper-button-next\" role=\"button\" tabindex=\"0\">\n\t\t\t\t\t\t<svg aria-hidden=\"true\" class=\"e-font-icon-svg e-eicon-chevron-right\" viewBox=\"0 0 1000 1000\" xmlns=\"http:\/\/www.w3.org\/2000\/svg\"><path d=\"M696 533C708 521 713 504 713 487 713 471 708 454 696 446L400 146C388 133 375 125 354 125 338 125 325 129 313 142 300 154 292 171 292 187 292 204 296 221 308 233L563 492 304 771C292 783 288 800 288 817 288 833 296 850 308 863 321 871 338 875 354 875 371 875 388 867 400 854L696 533Z\"><\/path><\/svg>\t\t\t\t\t<\/div>\n\t\t\t\t\n\t\t\t\t\t\t\t\t\t<div class=\"swiper-pagination\"><\/div>\n\t\t\t\t\t\t\t\t\t<\/div>\n\t\t\t\t\t\t<\/div>\n\t\t\t\t\t<\/div>\n\t\t\t\t<\/div>\n\t\t\t\t<\/div>\n\t\t","protected":false},"excerpt":{"rendered":"<p>El subsecretario de la Ni\u00f1ez, Marcelo S\u00e1nchez Ahumada, afirm\u00f3 que la regi\u00f3n requiere actualmente ocho familias de acogida para avanzar hacia esa meta. En entrevista con El Fuerte Noticias, la autoridad abord\u00f3 adem\u00e1s el despliegue de las Oficinas Locales de la Ni\u00f1ez, a las que defini\u00f3 como \u201cla vacuna preventiva frente a las graves vulneraciones de derechos de los ni\u00f1os\u201d, y el compromiso de fortalecer progresivamente el apoyo econ\u00f3mico y t\u00e9cnico a las familias de acogida.<\/p>\n","protected":false},"author":1,"featured_media":9068,"comment_status":"closed","ping_status":"closed","sticky":false,"template":"single-fullwidth.php","format":"standard","meta":{"footnotes":""},"categories":[21,100],"tags":[1278,1276,793,1277],"class_list":{"0":"post-9064","1":"post","2":"type-post","3":"status-publish","4":"format-standard","5":"has-post-thumbnail","7":"category-actualidad","8":"category-destacados","9":"tag-implementacion","10":"tag-ninez-y-adolescencia","11":"tag-proteccion","12":"tag-subsecretario"},"menu_order":1,"_links":{"self":[{"href":"https:\/\/www.elfuerte.cl\/web\/wp-json\/wp\/v2\/posts\/9064","targetHints":{"allow":["GET"]}}],"collection":[{"href":"https:\/\/www.elfuerte.cl\/web\/wp-json\/wp\/v2\/posts"}],"about":[{"href":"https:\/\/www.elfuerte.cl\/web\/wp-json\/wp\/v2\/types\/post"}],"author":[{"embeddable":true,"href":"https:\/\/www.elfuerte.cl\/web\/wp-json\/wp\/v2\/users\/1"}],"replies":[{"embeddable":true,"href":"https:\/\/www.elfuerte.cl\/web\/wp-json\/wp\/v2\/comments?post=9064"}],"version-history":[{"count":10,"href":"https:\/\/www.elfuerte.cl\/web\/wp-json\/wp\/v2\/posts\/9064\/revisions"}],"predecessor-version":[{"id":9081,"href":"https:\/\/www.elfuerte.cl\/web\/wp-json\/wp\/v2\/posts\/9064\/revisions\/9081"}],"wp:featuredmedia":[{"embeddable":true,"href":"https:\/\/www.elfuerte.cl\/web\/wp-json\/wp\/v2\/media\/9068"}],"wp:attachment":[{"href":"https:\/\/www.elfuerte.cl\/web\/wp-json\/wp\/v2\/media?parent=9064"}],"wp:term":[{"taxonomy":"category","embeddable":true,"href":"https:\/\/www.elfuerte.cl\/web\/wp-json\/wp\/v2\/categories?post=9064"},{"taxonomy":"post_tag","embeddable":true,"href":"https:\/\/www.elfuerte.cl\/web\/wp-json\/wp\/v2\/tags?post=9064"}],"curies":[{"name":"wp","href":"https:\/\/api.w.org\/{rel}","templated":true}]}}