{"id":9091,"date":"2026-08-31T17:31:51","date_gmt":"2026-08-31T21:31:51","guid":{"rendered":"https:\/\/www.elfuerte.cl\/web\/?p=9091"},"modified":"2026-08-31T17:33:26","modified_gmt":"2026-08-31T21:33:26","slug":"masiva-participacion-en-feria-laboral-en-osorno-mas-300-de-personas-llegaron-en-busca-de-nuevas-oportunidades","status":"publish","type":"post","link":"https:\/\/www.elfuerte.cl\/web\/2026\/08\/31\/masiva-participacion-en-feria-laboral-en-osorno-mas-300-de-personas-llegaron-en-busca-de-nuevas-oportunidades\/","title":{"rendered":"Masiva participaci\u00f3n en Feria Laboral en Osorno: m\u00e1s 300 de personas llegaron en busca de nuevas oportunidades"},"content":{"rendered":"\t\t<div data-elementor-type=\"wp-post\" data-elementor-id=\"9091\" class=\"elementor elementor-9091\">\n\t\t\t\t\t\t<section class=\"elementor-section elementor-top-section elementor-element elementor-element-464cea7 elementor-section-boxed elementor-section-height-default elementor-section-height-default\" data-id=\"464cea7\" data-element_type=\"section\">\r\n\t\t\t\t\t\t<div class=\"elementor-container elementor-column-gap-thegem\"><div class=\"elementor-row\">\r\n\t\t\t\t\t<div class=\"elementor-column elementor-col-66 elementor-top-column elementor-element elementor-element-2f44c54\" data-id=\"2f44c54\" data-element_type=\"column\">\n\t\t\t<div class=\"elementor-widget-wrap elementor-element-populated\">\n\t\t\t\t\t\t<div class=\"elementor-element elementor-element-ab386a6 flex-horizontal-align-default flex-horizontal-align-tablet-default flex-horizontal-align-mobile-default flex-vertical-align-default flex-vertical-align-tablet-default flex-vertical-align-mobile-default elementor-widget elementor-widget-heading\" data-id=\"ab386a6\" data-element_type=\"widget\" data-widget_type=\"heading.default\">\n\t\t\t\t\t<div class=\"title-h1 elementor-heading-title elementor-size-default\">Masiva participaci\u00f3n en Feria Laboral en Osorno: m\u00e1s 300 de personas llegaron en busca de nuevas oportunidades<\/div>\t\t\t\t<\/div>\n\t\t\t\t<div class=\"elementor-element elementor-element-8427bf3 elementor-widget__width-initial flex-horizontal-align-default flex-horizontal-align-tablet-default flex-horizontal-align-mobile-default flex-vertical-align-default flex-vertical-align-tablet-default flex-vertical-align-mobile-default elementor-widget elementor-widget-text-editor\" data-id=\"8427bf3\" data-element_type=\"widget\" data-widget_type=\"text-editor.default\">\n\t\t\t\t\t\t\t\t\t\t\t\t<div class=\"elementor-text-editor elementor-clearfix\">\r\n\t\t\t\t\t\t<p><a name=\"_GoBack\"><\/a> <span lang=\"es-ES\"><b>En el marco del 7,7% de desempleo en la Regi\u00f3n de Los Lagos, que representa un aumento de dos puntos porcentuales en comparaci\u00f3n con el mismo periodo del a\u00f1o anterior (5,7%), se llev\u00f3 a cabo la oportunidad laboral.<\/b><\/span><\/p><p><span lang=\"es-ES\"><b>OSORNO.<\/b><\/span><span lang=\"es-ES\"> Algunas cifras inquietantes se han conocido \u00faltimamente con respecto al aumento del desempleo en el pa\u00eds<\/span><span lang=\"es-ES\"><b>; 9,5 por ciento de desocupaci\u00f3n<\/b><\/span><span lang=\"es-ES\"> ha sido la \u00faltima cifra entregada por el <\/span><span lang=\"es-ES\"><b>Instituto Nacional de Estad\u00edstica (INE)<\/b><\/span><span lang=\"es-ES\"> y en la <\/span><span lang=\"es-ES\"><b>Regi\u00f3n de Los Lagos<\/b><\/span><span lang=\"es-ES\"> alcanza a <\/span><span lang=\"es-ES\"><b>7,7 por ciento<\/b><\/span><span lang=\"es-ES\">, lo que representa un aumento de dos puntos porcentuales en comparaci\u00f3n con el mismo periodo del a\u00f1o anterior <\/span><span lang=\"es-ES\"><b>(5,7%).<\/b><\/span><\/p><p><span lang=\"es-ES\">Como una forma de palear estas cifras de desempleo, es que la <\/span><span lang=\"es-ES\"><b>Oficina Municipal de Informaci\u00f3n Laboral (OMIL) de la Municipalidad de Osorno<\/b><\/span><span lang=\"es-ES\">, en conjunto con la <\/span><span lang=\"es-ES\"><b>empresa Tawa<\/b><\/span><span lang=\"es-ES\">, realizaron una Feria laboral para acercar posiciones entre las personas que buscan trabajo por primera vez y las empresas que necesitan mano de obra calificada.<\/span><\/p><p><span lang=\"es-ES\">Para los organizadores de la feria laboral, la actividad result\u00f3 todo un \u00e9xito, ya que a la convocatoria llegaron m\u00e1s de <\/span><span lang=\"es-ES\"><b>300 personas<\/b><\/span><span lang=\"es-ES\"> en busca de una oportunidad de empleo, provenientes de la <\/span><span lang=\"es-ES\"><b>Capital Provincial<\/b><\/span><span lang=\"es-ES\"> y de ciudades y pueblos cercanos, quienes pudieron revisar las diversas alternativas presentes, instancia pensada para facilitar el contacto directo entre empleadores y personas que buscan trabajo.<\/span><\/p><p><span lang=\"es-ES\">Este tipo de herramienta pr\u00e1ctica apunta a fortalecer el v\u00ednculo entre los diversos actores,<\/span><span lang=\"es-ES\"><b> p\u00fablico y privado;<\/b><\/span><span lang=\"es-ES\"> adem\u00e1s, de cubrir las necesidades de los empleadores que buscan trabajadores calificados y abrir opciones para trabajadores que est\u00e1n desempleados.<\/span><\/p><p><span lang=\"es-ES\">La iniciativa generada por la <\/span><span lang=\"es-ES\"><b>Municipalidad de Osorno<\/b><\/span><span lang=\"es-ES\"> ha permitido agilizar el acceso a la informaci\u00f3n y proceso de selecci\u00f3n de quienes postulan a nuevos trabajos, especialmente a aquellas personas que necesitan emplearse en el corto plazo.<\/span><\/p><p><span lang=\"es-ES\">Desde la <\/span><span lang=\"es-ES\"><b>OMIL<\/b><\/span><span lang=\"es-ES\"> destacaron la relevancia de mantener un trabajo colaborativo permanente con distintas empresas de la provincia y la regi\u00f3n, como un camino para sostener y ampliar la oferta de oportunidades. La mirada, se\u00f1alaron desde la entidad, es seguir fortaleciendo la relaci\u00f3n con el sector privado para acercar vacantes y procesos de selecci\u00f3n a la comunidad.<\/span><\/p><p><span lang=\"es-ES\">Este tipo de iniciativas ayuda a generar <\/span><span lang=\"es-ES\"><b>alianzas estrat\u00e9gicas<\/b><\/span><span lang=\"es-ES\"> con empresas que requieren trabajadores en el corto y mediano plazo y ampliar el abanico de \u00e9stas convocatorias a otros campos m\u00e1s especializados.<\/span><\/p><p><span lang=\"es-ES\">La ventaja que trae tambi\u00e9n este tipo de llamado, es que los <\/span><span lang=\"es-ES\"><b>postulantes <\/b><\/span><span lang=\"es-ES\">entregan su curr\u00edculum en mano y hablan cara a cara con los reclutadores; conocen ofertas reales de vacantes disponibles en m\u00faltiples empresas en un solo lugar; crean una red de contactos y descubren que tipo de perfiles buscan las empresas.<\/span><\/p><p><span lang=\"es-ES\">En tanto, para las empresas, captan talento r\u00e1pido y reducen el tiempo y los costos de los <\/span><span lang=\"es-ES\"><b>procesos de selecci\u00f3n<\/b><\/span><span lang=\"es-ES\">; promueven la cultura del trabajo para atraer mejores postulantes y pueden hacer una preselecci\u00f3n a trav\u00e9s de charlas o entrevistas breves a los candidatos.<\/span><\/p><p><span lang=\"es-ES\">Desde la<\/span><span lang=\"es-ES\"><b> Municipalidad de Osorno<\/b><\/span><span lang=\"es-ES\"> se indic\u00f3 que seguir\u00e1n impulsando este tipo de convocatorias para mejorar la empleabilidad en el territorio, especialmente para quienes buscan por primera vez un trabajo o est\u00e1n desempleados. Adem\u00e1s, el Municipio asegur\u00f3 que reforzar\u00e1 el trabajo de intermediaci\u00f3n a trav\u00e9s de la <\/span><span lang=\"es-ES\"><b>OMIL<\/b><\/span><span lang=\"es-ES\">, con actividades orientadas a acercar oportunidades laborales concretas a la comunidad osornina. <\/span><\/p><p><span lang=\"es-ES\"><b>Redacci\u00f3n El Fuerte Noticias<\/b><\/span><\/p>\t\t\t\t\t\t\t<\/div>\r\n\t\t\t\t\t\t\t\t\t\t<\/div>\n\t\t\t\t<div class=\"elementor-element elementor-element-5ac3e4a flex-horizontal-align-default flex-horizontal-align-tablet-default flex-horizontal-align-mobile-default flex-vertical-align-default flex-vertical-align-tablet-default flex-vertical-align-mobile-default elementor-widget elementor-widget-thegem-styledimage\" data-id=\"5ac3e4a\" data-element_type=\"widget\" data-settings=\"{&quot;thegem_elementor_preset&quot;:&quot;style-2&quot;,&quot;image&quot;:{&quot;url&quot;:&quot;https:\\\/\\\/elfuerte.cl\\\/web\\\/wp-content\\\/uploads\\\/2025\\\/10\\\/bannerefdelsur.jpg&quot;,&quot;id&quot;:1540,&quot;size&quot;:&quot;&quot;,&quot;alt&quot;:&quot;&quot;,&quot;source&quot;:&quot;library&quot;},&quot;image_position&quot;:&quot;left&quot;}\" data-widget_type=\"thegem-styledimage.default\">\n\t\t\t\t<div class=\"elementor-widget-container\">\n\t\t\t\t\t\n<div class=\"styled-image-wrapper\">\n\t\t\t<div class=\"gem-image gem-wrapbox gem-wrapbox-style-2 gem-wrapbox-position-left lazy-loading \">\n\t\t\t<div class=\"gem-wrapbox-inner  lazy-loading-item\"  data-ll-effect=\"move-up\">\n\t\t\t\t\t\t\t\t<a href=\"#\">\n\t\t\t\t\t\t\t\t\t\t<img class=\"gem-wrapbox-element img-responsive \"\n\t\t\t\t\t\t src=\"https:\/\/www.elfuerte.cl\/web\/wp-content\/uploads\/2025\/10\/bannerefdelsur.jpg\"\n\t\t\t\t\t\t alt=\"bannerefdelsur\">\n\t\t\t\t\t\t\t\t\t\t\t\t\t\t<\/a>\n\t\t\t\t\t\t<\/div>\n\t\t<\/div>\n\t\t<\/div>\n\n\n\t\n\t\t\t\t\t\t<\/div>\n\t\t\t\t<\/div>\n\t\t\t\t\t<\/div>\n\t\t<\/div>\n\t\t\t\t<div class=\"elementor-column elementor-col-33 elementor-top-column elementor-element elementor-element-dfac7b7\" data-id=\"dfac7b7\" data-element_type=\"column\">\n\t\t\t<div class=\"elementor-widget-wrap elementor-element-populated\">\n\t\t\t\t\t\t<div class=\"elementor-element elementor-element-af7077d flex-horizontal-align-default flex-horizontal-align-tablet-default flex-horizontal-align-mobile-default flex-vertical-align-default flex-vertical-align-tablet-default flex-vertical-align-mobile-default elementor-widget elementor-widget-sidebar\" data-id=\"af7077d\" data-element_type=\"widget\" data-settings=\"{&quot;thegem_custom_css&quot;:&quot;.gem-pp-posts-image {\\r\\n    width: 72px;\\r\\n}\\r\\n.gem-pp-posts-image img {\\r\\n    border-radius: 50%;\\r\\n}\\r\\nselector h4 {\\r\\n    padding-top: 40px;\\r\\n}&quot;}\" data-widget_type=\"sidebar.default\">\n\t\t\t\t\t<aside id=\"media_image-3\" class=\"widget widget_media_image\"><img width=\"750\" height=\"750\" src=\"https:\/\/www.elfuerte.cl\/web\/wp-content\/uploads\/2025\/10\/bannerrojook.jpg\" class=\"image wp-image-1681  attachment-full size-full\" alt=\"\" style=\"max-width: 100%; height: auto;\" title=\"Banner\" srcset=\"https:\/\/www.elfuerte.cl\/web\/wp-content\/uploads\/2025\/10\/bannerrojook.jpg 750w, https:\/\/www.elfuerte.cl\/web\/wp-content\/uploads\/2025\/10\/bannerrojook-300x300.jpg 300w, https:\/\/www.elfuerte.cl\/web\/wp-content\/uploads\/2025\/10\/bannerrojook-150x150.jpg 150w, https:\/\/www.elfuerte.cl\/web\/wp-content\/uploads\/2025\/10\/bannerrojook-256x256.jpg 256w\" sizes=\"(max-width: 750px) 100vw, 750px\" \/><\/aside><aside id=\"categories-2\" class=\"widget widget_categories\"><h4 class=\"widget-title\">Secciones<\/h4>\n\t\t\t<ul>\n\t\t\t\t\t<li class=\"cat-item cat-item-21\"><a href=\"https:\/\/www.elfuerte.cl\/web\/category\/actualidad\/\" title=\"View all posts filed under Actualidad\">Actualidad<\/a>\n<\/li>\n\t<li class=\"cat-item cat-item-100\"><a href=\"https:\/\/www.elfuerte.cl\/web\/category\/destacados\/\" title=\"View all posts filed under Destacados\">Destacados<\/a>\n<\/li>\n\t<li class=\"cat-item cat-item-101\"><a href=\"https:\/\/www.elfuerte.cl\/web\/category\/region-ludica\/\" title=\"View all posts filed under Regi\u00f3n L\u00fadica\">Regi\u00f3n L\u00fadica<\/a>\n<\/li>\n\t<li class=\"cat-item cat-item-157\"><a href=\"https:\/\/www.elfuerte.cl\/web\/category\/sala-de-redaccion\/\" title=\"View all posts filed under Sala de Redacci\u00f3n\">Sala de Redacci\u00f3n<\/a>\n<\/li>\n\t\t\t<\/ul>\n\n\t\t\t<\/aside><aside id=\"custom_popular_posts-2\" class=\"widget Custom_Popular_Posts\"><h4 class=\"widget-title\">Populares<\/h4><ul class=\"posts  styled\"><li class=\"clearfix gem-pp-posts\"><div class=\"gem-pp-posts-image\"><a href=\"https:\/\/www.elfuerte.cl\/web\/2025\/09\/05\/conce-pago-su-deuda-con-pepo\/\"><img src=\"https:\/\/www.elfuerte.cl\/web\/wp-content\/uploads\/2025\/09\/rl0003-thegem-post-thumb-large.jpg\" srcset=\"https:\/\/www.elfuerte.cl\/web\/wp-content\/uploads\/2025\/09\/rl0003-thegem-post-thumb-small.jpg 1x, https:\/\/www.elfuerte.cl\/web\/wp-content\/uploads\/2025\/09\/rl0003-thegem-post-thumb-large.jpg 2x\" alt=\"\"\/><\/a><\/div><div class=\"gem-pp-posts-text\"> <div class=\"gem-pp-posts-item\"><a href=\"https:\/\/www.elfuerte.cl\/web\/2025\/09\/05\/conce-pago-su-deuda-con-pepo\/\">Conce pag\u00f3 su deuda con \u201cPepo\u201d<\/a><\/div><div class=\"gem-pp-posts-date\">05\/09\/2025<\/div><\/div><\/li><li class=\"clearfix gem-pp-posts\"><div class=\"gem-pp-posts-image\"><a href=\"https:\/\/www.elfuerte.cl\/web\/2025\/09\/10\/educacion-en-chile-desafios-y-oportunidades\/\"><img src=\"https:\/\/www.elfuerte.cl\/web\/wp-content\/uploads\/2025\/09\/sr002-thegem-post-thumb-large.jpg\" srcset=\"https:\/\/www.elfuerte.cl\/web\/wp-content\/uploads\/2025\/09\/sr002-thegem-post-thumb-small.jpg 1x, https:\/\/www.elfuerte.cl\/web\/wp-content\/uploads\/2025\/09\/sr002-thegem-post-thumb-large.jpg 2x\" alt=\"\"\/><\/a><\/div><div class=\"gem-pp-posts-text\"> <div class=\"gem-pp-posts-item\"><a href=\"https:\/\/www.elfuerte.cl\/web\/2025\/09\/10\/educacion-en-chile-desafios-y-oportunidades\/\">Educaci\u00f3n en Chile: desaf\u00edos y oportunidades<\/a><\/div><div class=\"gem-pp-posts-date\">10\/09\/2025<\/div><\/div><\/li><li class=\"clearfix gem-pp-posts\"><div class=\"gem-pp-posts-image\"><a href=\"https:\/\/www.elfuerte.cl\/web\/2026\/08\/31\/impulso-lector-la-puerta-de-entrada-a-todos-los-aprendizajes\/\"><img src=\"https:\/\/www.elfuerte.cl\/web\/wp-content\/uploads\/2026\/08\/banner31-8-opinion.jpg\" srcset=\"https:\/\/www.elfuerte.cl\/web\/wp-content\/uploads\/2026\/08\/banner31-8-opinion.jpg 1x, https:\/\/www.elfuerte.cl\/web\/wp-content\/uploads\/2026\/08\/banner31-8-opinion.jpg 2x\" alt=\"\"\/><\/a><\/div><div class=\"gem-pp-posts-text\"> <div class=\"gem-pp-posts-item\"><a href=\"https:\/\/www.elfuerte.cl\/web\/2026\/08\/31\/impulso-lector-la-puerta-de-entrada-a-todos-los-aprendizajes\/\">Impulso Lector: la puerta de entrada a todos los aprendizajes<\/a><\/div><div class=\"gem-pp-posts-date\">31\/08\/2026<\/div><\/div><\/li><li class=\"clearfix gem-pp-posts\"><div class=\"gem-pp-posts-image\"><a href=\"https:\/\/www.elfuerte.cl\/web\/2025\/09\/05\/la-derrota-que-dejo-al-gobierno-sin-brujula\/\"><img src=\"https:\/\/www.elfuerte.cl\/web\/wp-content\/uploads\/2025\/09\/actualidad004-thegem-post-thumb-large.jpg\" srcset=\"https:\/\/www.elfuerte.cl\/web\/wp-content\/uploads\/2025\/09\/actualidad004-thegem-post-thumb-small.jpg 1x, https:\/\/www.elfuerte.cl\/web\/wp-content\/uploads\/2025\/09\/actualidad004-thegem-post-thumb-large.jpg 2x\" alt=\"\"\/><\/a><\/div><div class=\"gem-pp-posts-text\"> <div class=\"gem-pp-posts-item\"><a href=\"https:\/\/www.elfuerte.cl\/web\/2025\/09\/05\/la-derrota-que-dejo-al-gobierno-sin-brujula\/\">La derrota que dej\u00f3 al gobierno sin br\u00fajula<\/a><\/div><div class=\"gem-pp-posts-date\">05\/09\/2025<\/div><\/div><\/li><\/ul><\/aside>\t\t\t\t<\/div>\n\t\t\t\t\t<\/div>\n\t\t<\/div>\n\t\t\t\t\t<\/div><\/div>\r\n\t\t<\/section>\r\n\t\t\t\t<\/div>\n\t\t","protected":false},"excerpt":{"rendered":"<p> En el marco del 7,7% de desempleo en la Regi\u00f3n de Los Lagos, que representa un aumento de dos puntos porcentuales en comparaci\u00f3n con el mismo periodo del a\u00f1o anterior (5,7%), se llev\u00f3 a cabo la oportunidad laboral.<\/p>\n","protected":false},"author":1,"featured_media":9093,"comment_status":"closed","ping_status":"closed","sticky":false,"template":"single-fullwidth.php","format":"standard","meta":{"footnotes":""},"categories":[21,100],"tags":[65,330],"class_list":{"0":"post-9091","1":"post","2":"type-post","3":"status-publish","4":"format-standard","5":"has-post-thumbnail","7":"category-actualidad","8":"category-destacados","9":"tag-actualidad","10":"tag-emprendimiento"},"menu_order":1,"_links":{"self":[{"href":"https:\/\/www.elfuerte.cl\/web\/wp-json\/wp\/v2\/posts\/9091","targetHints":{"allow":["GET"]}}],"collection":[{"href":"https:\/\/www.elfuerte.cl\/web\/wp-json\/wp\/v2\/posts"}],"about":[{"href":"https:\/\/www.elfuerte.cl\/web\/wp-json\/wp\/v2\/types\/post"}],"author":[{"embeddable":true,"href":"https:\/\/www.elfuerte.cl\/web\/wp-json\/wp\/v2\/users\/1"}],"replies":[{"embeddable":true,"href":"https:\/\/www.elfuerte.cl\/web\/wp-json\/wp\/v2\/comments?post=9091"}],"version-history":[{"count":4,"href":"https:\/\/www.elfuerte.cl\/web\/wp-json\/wp\/v2\/posts\/9091\/revisions"}],"predecessor-version":[{"id":9096,"href":"https:\/\/www.elfuerte.cl\/web\/wp-json\/wp\/v2\/posts\/9091\/revisions\/9096"}],"wp:featuredmedia":[{"embeddable":true,"href":"https:\/\/www.elfuerte.cl\/web\/wp-json\/wp\/v2\/media\/9093"}],"wp:attachment":[{"href":"https:\/\/www.elfuerte.cl\/web\/wp-json\/wp\/v2\/media?parent=9091"}],"wp:term":[{"taxonomy":"category","embeddable":true,"href":"https:\/\/www.elfuerte.cl\/web\/wp-json\/wp\/v2\/categories?post=9091"},{"taxonomy":"post_tag","embeddable":true,"href":"https:\/\/www.elfuerte.cl\/web\/wp-json\/wp\/v2\/tags?post=9091"}],"curies":[{"name":"wp","href":"https:\/\/api.w.org\/{rel}","templated":true}]}}