{"id":9109,"date":"2026-09-01T12:54:22","date_gmt":"2026-09-01T16:54:22","guid":{"rendered":"https:\/\/www.elfuerte.cl\/web\/?p=9109"},"modified":"2026-09-01T12:57:11","modified_gmt":"2026-09-01T16:57:11","slug":"la-nasa-lanza-un-nuevo-y-glorioso-telescopio-espacial-brindara-una-revolucionaria-perspectiva-en-astrofotografia","status":"publish","type":"post","link":"https:\/\/www.elfuerte.cl\/web\/2026\/09\/01\/la-nasa-lanza-un-nuevo-y-glorioso-telescopio-espacial-brindara-una-revolucionaria-perspectiva-en-astrofotografia\/","title":{"rendered":"La NASA lanza un nuevo y \u201cglorioso\u201d telescopio espacial: brindar\u00e1 una revolucionaria perspectiva en astrofotograf\u00eda"},"content":{"rendered":"\t\t<div data-elementor-type=\"wp-post\" data-elementor-id=\"9109\" class=\"elementor elementor-9109\">\n\t\t\t\t\t\t<section class=\"elementor-section elementor-top-section elementor-element elementor-element-464cea7 elementor-section-boxed elementor-section-height-default elementor-section-height-default\" data-id=\"464cea7\" data-element_type=\"section\">\r\n\t\t\t\t\t\t<div class=\"elementor-container elementor-column-gap-thegem\"><div class=\"elementor-row\">\r\n\t\t\t\t\t<div class=\"elementor-column elementor-col-66 elementor-top-column elementor-element elementor-element-2f44c54\" data-id=\"2f44c54\" data-element_type=\"column\">\n\t\t\t<div class=\"elementor-widget-wrap elementor-element-populated\">\n\t\t\t\t\t\t<div class=\"elementor-element elementor-element-ab386a6 flex-horizontal-align-default flex-horizontal-align-tablet-default flex-horizontal-align-mobile-default flex-vertical-align-default flex-vertical-align-tablet-default flex-vertical-align-mobile-default elementor-widget elementor-widget-heading\" data-id=\"ab386a6\" data-element_type=\"widget\" data-widget_type=\"heading.default\">\n\t\t\t\t\t<div class=\"title-h1 elementor-heading-title elementor-size-default\">La NASA lanza un nuevo y \u201cglorioso\u201d telescopio espacial: brindar\u00e1 una revolucionaria perspectiva en astrofotograf\u00eda<\/div>\t\t\t\t<\/div>\n\t\t\t\t<div class=\"elementor-element elementor-element-8427bf3 elementor-widget__width-initial flex-horizontal-align-default flex-horizontal-align-tablet-default flex-horizontal-align-mobile-default flex-vertical-align-default flex-vertical-align-tablet-default flex-vertical-align-mobile-default elementor-widget elementor-widget-text-editor\" data-id=\"8427bf3\" data-element_type=\"widget\" data-widget_type=\"text-editor.default\">\n\t\t\t\t\t\t\t\t\t\t\t\t<div class=\"elementor-text-editor elementor-clearfix\">\r\n\t\t\t\t\t\t<p align=\"left\"><span style=\"font-size: medium;\"><span style=\"font-family: Times New Roman, serif;\"><b>Seg\u00fan el responsable t\u00e9cnico del telescopio, Dave Content, el objetivo mayor es desentra\u00f1ar qu\u00e9 tan comunes son los sistemas solares en el espacio adem\u00e1s del nuestro, mientras que la Directora del proyecto del artefacto astron\u00f3mico, Nicky Fox, asegura que el gigante descubrir\u00e1 \u201cdecenas de miles de exoplanetas\u201d. <\/b><\/span><\/span><\/p><p align=\"left\"><span style=\"font-size: medium;\"><span style=\"font-family: Times New Roman, serif;\"><b>ESTADOS UNIDOS.<\/b><\/span><span style=\"font-family: Times New Roman, serif;\"> Tras durante m\u00e1s de una d\u00e9cada de desarrollo y de una ambiciosa inversi\u00f3n que super\u00f3 los USD 4.000 millones, el potente telescopio de \u00faltima generaci\u00f3n bautizado \u201cNancy Grace Roman\u201d fue inaugurado y despeg\u00f3 al espacio desde su plataforma de lanzamiento desde el Centro Espacial de Kennedy, Florida.<\/span><\/span><\/p><p align=\"left\"><span style=\"font-size: medium;\"><span style=\"font-family: Times New Roman, serif;\">La principal misi\u00f3n del gigante de m\u00e1s de 12 metros de altura expulsado este domingo con \u00e9xito desde la base astrom\u00f3mica, dicen los expertos del observatorio de la NASA, es la de capturar im\u00e1genes con el objetivo de desentra\u00f1ar los misterios del universo, como la energ\u00eda oscura, los agujeros negros y aportar datos del cosmos que hasta ahora se han mantenido desconocidos. <\/span><\/span><\/p><p align=\"left\"><span style=\"font-size: medium;\"><span style=\"font-family: Times New Roman, serif;\">La misi\u00f3n tiene contemplada un viaje de 100 d\u00edas hasta un punto estrat\u00e9gico situado aproximado a cerca de un mill\u00f3n y medio de kil\u00f3metros desde la tierra, donde el gigante artefacto comenzar\u00e1 a mapear planetas fuera de nuestro sistema solar, llamados exoplanetas. <\/span><\/span><\/p><p align=\"left\"><span style=\"font-size: medium;\"><span style=\"font-family: Times New Roman, serif;\"><b>M\u00e1s sistemas solares aparte del nuestro<\/b><\/span><\/span><\/p><p align=\"left\"><span style=\"font-size: medium;\"><span style=\"font-family: Times New Roman, serif;\">Pero la investigaci\u00f3n del enorme m\u00e1quina astron\u00f3mica no se detiene ah\u00ed, ya que adem\u00e1s de observar miles de supernovas, se espera que los datos recolectados ayuden a comprender las similitudes cosmol\u00f3gicas entre nuestro sistema solar y del espacio exterior. <\/span><\/span><\/p><p align=\"left\"><span style=\"font-size: medium;\"><span style=\"font-family: Times New Roman, serif;\">De acuerdo al responsable t\u00e9cnico del telescopio, Dave Content, \u201cser\u00e1 el mayor cat\u00e1logo de objetos astron\u00f3micos jam\u00e1s elaborado y nos ayudar\u00e1 a comprender cu\u00e1n comunes son sistemas solares como el nuestro\u201d.<\/span><\/span><\/p><p align=\"left\"><span style=\"font-size: medium;\"><span style=\"font-family: Times New Roman, serif;\">En comparaci\u00f3n al telescopio Hubble lanzado en 1990, y James Webb, en 2021, el proyecto Roman cuenta con un campo de visi\u00f3n m\u00e1s de 100 veces mayor. Cient\u00edficos de la NASA prometen registros sin precedentes de exoplanetas y supernovas. <\/span><\/span><\/p><h5 align=\"left\">\u201c<span style=\"font-size: medium;\"><span style=\"font-family: Times New Roman, serif;\">\u00bf<\/span><span style=\"font-family: Times New Roman, serif;\"><b>Estamos solos en el universo?\u201d<\/b><\/span><\/span><\/h5><p align=\"left\"><span style=\"font-size: medium;\"><span style=\"font-family: Times New Roman, serif;\">Mientras que la directora del proyecto del telescopio Roman de la NASA, Nicky Fox, lo calific\u00f3 de \u201cGlorioso\u201d en una rueda de prensa posterior. \u201cEl viaje fue magn\u00edfico. Nos ha llevado justo donde quer\u00edamos estar\u201d. <\/span><\/span><\/p><p align=\"left\"><span style=\"font-size: medium;\"><span style=\"font-family: Times New Roman, serif;\">La autoridad astron\u00f3mica asegur\u00f3 que su proyecto \u201cva a descubrir decenas de miles, quiz\u00e1 incluso 100 000 nuevos exoplanetas\u00bb, refiri\u00e9ndose a los planetas situados fuera de nuestro sistema solar.<\/span><\/span><\/p><p align=\"left\">\u201c<span style=\"font-size: medium;\"><span style=\"font-family: Times New Roman, serif;\">\u00bfPor qu\u00e9 nos interesan tanto los exoplanetas? Porque uno de nuestros principales objetivos en la NASA es responder a la pregunta: \u201c\u00bfEstamos solos en el universo?\u201d, complement\u00f3. <\/span><\/span><\/p><h5 align=\"left\"><span style=\"font-size: medium;\"><span style=\"font-family: Times New Roman, serif;\"><b>SpaceX tambi\u00e9n a bordo del hito astron\u00f3mico <\/b><\/span><\/span><\/h5><p align=\"left\"><span style=\"font-size: medium;\"><span style=\"font-family: Times New Roman, serif;\">Aunque el mega lanzamiento no hubiera sido posible sin la crucial participaci\u00f3n de la empresa privada de fabricaci\u00f3n aeroespacial SpaceX fundada en 2002 por Elon Musk. <\/span><\/span><\/p><p align=\"left\"><span style=\"font-size: medium;\"><span style=\"font-family: Times New Roman, serif;\">La compa\u00f1\u00eda del controvertido magnate proporcion\u00f3 su cohete de carga pesada Falcon Heavy, propulsor que a los treinta minutos de su despegue se separ\u00f3 del aventurero telescopio, y actualmente se dirige a su punto de \u00f3rbita. <\/span><\/span><\/p><p align=\"left\"><span style=\"font-size: medium;\"><span style=\"font-family: Times New Roman, serif;\">Adem\u00e1s, la compa\u00f1\u00eda de fabricaci\u00f3n aeroespacial coordin\u00f3 las operaciones de inyecci\u00f3n de combustible y el encendido de los 27 motores Merlin desde el hist\u00f3rico Complejo de Lanzamiento 39A en el Centro Espacial Kennedy.<\/span><\/span><\/p><p align=\"left\"><strong><span style=\"font-size: medium;\"><span style=\"font-family: Times New Roman, serif;\">EA, periodista de El Fuerte Noticias<\/span><\/span><\/strong><\/p>\t\t\t\t\t\t\t<\/div>\r\n\t\t\t\t\t\t\t\t\t\t<\/div>\n\t\t\t\t<div class=\"elementor-element elementor-element-5ac3e4a flex-horizontal-align-default flex-horizontal-align-tablet-default flex-horizontal-align-mobile-default flex-vertical-align-default flex-vertical-align-tablet-default flex-vertical-align-mobile-default elementor-widget elementor-widget-thegem-styledimage\" data-id=\"5ac3e4a\" data-element_type=\"widget\" data-settings=\"{&quot;thegem_elementor_preset&quot;:&quot;style-2&quot;,&quot;image&quot;:{&quot;url&quot;:&quot;https:\\\/\\\/elfuerte.cl\\\/web\\\/wp-content\\\/uploads\\\/2025\\\/10\\\/bannerefdelsur.jpg&quot;,&quot;id&quot;:1540,&quot;size&quot;:&quot;&quot;,&quot;alt&quot;:&quot;&quot;,&quot;source&quot;:&quot;library&quot;},&quot;image_position&quot;:&quot;left&quot;}\" data-widget_type=\"thegem-styledimage.default\">\n\t\t\t\t<div class=\"elementor-widget-container\">\n\t\t\t\t\t\n<div class=\"styled-image-wrapper\">\n\t\t\t<div class=\"gem-image gem-wrapbox gem-wrapbox-style-2 gem-wrapbox-position-left lazy-loading \">\n\t\t\t<div class=\"gem-wrapbox-inner  lazy-loading-item\"  data-ll-effect=\"move-up\">\n\t\t\t\t\t\t\t\t<a href=\"#\">\n\t\t\t\t\t\t\t\t\t\t<img class=\"gem-wrapbox-element img-responsive \"\n\t\t\t\t\t\t src=\"https:\/\/www.elfuerte.cl\/web\/wp-content\/uploads\/2025\/10\/bannerefdelsur.jpg\"\n\t\t\t\t\t\t alt=\"bannerefdelsur\">\n\t\t\t\t\t\t\t\t\t\t\t\t\t\t<\/a>\n\t\t\t\t\t\t<\/div>\n\t\t<\/div>\n\t\t<\/div>\n\n\n\t\n\t\t\t\t\t\t<\/div>\n\t\t\t\t<\/div>\n\t\t\t\t\t<\/div>\n\t\t<\/div>\n\t\t\t\t<div class=\"elementor-column elementor-col-33 elementor-top-column elementor-element elementor-element-dfac7b7\" data-id=\"dfac7b7\" data-element_type=\"column\">\n\t\t\t<div class=\"elementor-widget-wrap elementor-element-populated\">\n\t\t\t\t\t\t<div class=\"elementor-element elementor-element-af7077d flex-horizontal-align-default flex-horizontal-align-tablet-default flex-horizontal-align-mobile-default flex-vertical-align-default flex-vertical-align-tablet-default flex-vertical-align-mobile-default elementor-widget elementor-widget-sidebar\" data-id=\"af7077d\" data-element_type=\"widget\" data-settings=\"{&quot;thegem_custom_css&quot;:&quot;.gem-pp-posts-image {\\r\\n    width: 72px;\\r\\n}\\r\\n.gem-pp-posts-image img {\\r\\n    border-radius: 50%;\\r\\n}\\r\\nselector h4 {\\r\\n    padding-top: 40px;\\r\\n}&quot;}\" data-widget_type=\"sidebar.default\">\n\t\t\t\t\t<aside id=\"media_image-3\" class=\"widget widget_media_image\"><img width=\"750\" height=\"750\" src=\"https:\/\/www.elfuerte.cl\/web\/wp-content\/uploads\/2025\/10\/bannerrojook.jpg\" class=\"image wp-image-1681  attachment-full size-full\" alt=\"\" style=\"max-width: 100%; height: auto;\" title=\"Banner\" srcset=\"https:\/\/www.elfuerte.cl\/web\/wp-content\/uploads\/2025\/10\/bannerrojook.jpg 750w, https:\/\/www.elfuerte.cl\/web\/wp-content\/uploads\/2025\/10\/bannerrojook-300x300.jpg 300w, https:\/\/www.elfuerte.cl\/web\/wp-content\/uploads\/2025\/10\/bannerrojook-150x150.jpg 150w, https:\/\/www.elfuerte.cl\/web\/wp-content\/uploads\/2025\/10\/bannerrojook-256x256.jpg 256w\" sizes=\"(max-width: 750px) 100vw, 750px\" \/><\/aside><aside id=\"categories-2\" class=\"widget widget_categories\"><h4 class=\"widget-title\">Secciones<\/h4>\n\t\t\t<ul>\n\t\t\t\t\t<li class=\"cat-item cat-item-21\"><a href=\"https:\/\/www.elfuerte.cl\/web\/category\/actualidad\/\" title=\"View all posts filed under Actualidad\">Actualidad<\/a>\n<\/li>\n\t<li class=\"cat-item cat-item-100\"><a href=\"https:\/\/www.elfuerte.cl\/web\/category\/destacados\/\" title=\"View all posts filed under Destacados\">Destacados<\/a>\n<\/li>\n\t<li class=\"cat-item cat-item-101\"><a href=\"https:\/\/www.elfuerte.cl\/web\/category\/region-ludica\/\" title=\"View all posts filed under Regi\u00f3n L\u00fadica\">Regi\u00f3n L\u00fadica<\/a>\n<\/li>\n\t<li class=\"cat-item cat-item-157\"><a href=\"https:\/\/www.elfuerte.cl\/web\/category\/sala-de-redaccion\/\" title=\"View all posts filed under Sala de Redacci\u00f3n\">Sala de Redacci\u00f3n<\/a>\n<\/li>\n\t\t\t<\/ul>\n\n\t\t\t<\/aside><aside id=\"custom_popular_posts-2\" class=\"widget Custom_Popular_Posts\"><h4 class=\"widget-title\">Populares<\/h4><ul class=\"posts  styled\"><li class=\"clearfix gem-pp-posts\"><div class=\"gem-pp-posts-image\"><a href=\"https:\/\/www.elfuerte.cl\/web\/2025\/09\/05\/conce-pago-su-deuda-con-pepo\/\"><img src=\"https:\/\/www.elfuerte.cl\/web\/wp-content\/uploads\/2025\/09\/rl0003-thegem-post-thumb-large.jpg\" srcset=\"https:\/\/www.elfuerte.cl\/web\/wp-content\/uploads\/2025\/09\/rl0003-thegem-post-thumb-small.jpg 1x, https:\/\/www.elfuerte.cl\/web\/wp-content\/uploads\/2025\/09\/rl0003-thegem-post-thumb-large.jpg 2x\" alt=\"\"\/><\/a><\/div><div class=\"gem-pp-posts-text\"> <div class=\"gem-pp-posts-item\"><a href=\"https:\/\/www.elfuerte.cl\/web\/2025\/09\/05\/conce-pago-su-deuda-con-pepo\/\">Conce pag\u00f3 su deuda con \u201cPepo\u201d<\/a><\/div><div class=\"gem-pp-posts-date\">05\/09\/2025<\/div><\/div><\/li><li class=\"clearfix gem-pp-posts\"><div class=\"gem-pp-posts-image\"><a href=\"https:\/\/www.elfuerte.cl\/web\/2025\/09\/10\/educacion-en-chile-desafios-y-oportunidades\/\"><img src=\"https:\/\/www.elfuerte.cl\/web\/wp-content\/uploads\/2025\/09\/sr002-thegem-post-thumb-large.jpg\" srcset=\"https:\/\/www.elfuerte.cl\/web\/wp-content\/uploads\/2025\/09\/sr002-thegem-post-thumb-small.jpg 1x, https:\/\/www.elfuerte.cl\/web\/wp-content\/uploads\/2025\/09\/sr002-thegem-post-thumb-large.jpg 2x\" alt=\"\"\/><\/a><\/div><div class=\"gem-pp-posts-text\"> <div class=\"gem-pp-posts-item\"><a href=\"https:\/\/www.elfuerte.cl\/web\/2025\/09\/10\/educacion-en-chile-desafios-y-oportunidades\/\">Educaci\u00f3n en Chile: desaf\u00edos y oportunidades<\/a><\/div><div class=\"gem-pp-posts-date\">10\/09\/2025<\/div><\/div><\/li><li class=\"clearfix gem-pp-posts\"><div class=\"gem-pp-posts-image\"><a href=\"https:\/\/www.elfuerte.cl\/web\/2026\/09\/01\/somos-tp-un-nuevo-horizonte-para-la-educacion-tecnico-profesional\/\"><img src=\"https:\/\/www.elfuerte.cl\/web\/wp-content\/uploads\/2026\/09\/banner1-9-3.jpg\" srcset=\"https:\/\/www.elfuerte.cl\/web\/wp-content\/uploads\/2026\/09\/banner1-9-3.jpg 1x, https:\/\/www.elfuerte.cl\/web\/wp-content\/uploads\/2026\/09\/banner1-9-3.jpg 2x\" alt=\"\"\/><\/a><\/div><div class=\"gem-pp-posts-text\"> <div class=\"gem-pp-posts-item\"><a href=\"https:\/\/www.elfuerte.cl\/web\/2026\/09\/01\/somos-tp-un-nuevo-horizonte-para-la-educacion-tecnico-profesional\/\">\"Somos TP\": un nuevo horizonte para la educaci\u00f3n t\u00e9cnico-profesional<\/a><\/div><div class=\"gem-pp-posts-date\">01\/09\/2026<\/div><\/div><\/li><li class=\"clearfix gem-pp-posts\"><div class=\"gem-pp-posts-image\"><a href=\"https:\/\/www.elfuerte.cl\/web\/2025\/09\/05\/la-derrota-que-dejo-al-gobierno-sin-brujula\/\"><img src=\"https:\/\/www.elfuerte.cl\/web\/wp-content\/uploads\/2025\/09\/actualidad004-thegem-post-thumb-large.jpg\" srcset=\"https:\/\/www.elfuerte.cl\/web\/wp-content\/uploads\/2025\/09\/actualidad004-thegem-post-thumb-small.jpg 1x, https:\/\/www.elfuerte.cl\/web\/wp-content\/uploads\/2025\/09\/actualidad004-thegem-post-thumb-large.jpg 2x\" alt=\"\"\/><\/a><\/div><div class=\"gem-pp-posts-text\"> <div class=\"gem-pp-posts-item\"><a href=\"https:\/\/www.elfuerte.cl\/web\/2025\/09\/05\/la-derrota-que-dejo-al-gobierno-sin-brujula\/\">La derrota que dej\u00f3 al gobierno sin br\u00fajula<\/a><\/div><div class=\"gem-pp-posts-date\">05\/09\/2025<\/div><\/div><\/li><\/ul><\/aside>\t\t\t\t<\/div>\n\t\t\t\t\t<\/div>\n\t\t<\/div>\n\t\t\t\t\t<\/div><\/div>\r\n\t\t<\/section>\r\n\t\t\t\t<\/div>\n\t\t","protected":false},"excerpt":{"rendered":"<p>Seg\u00fan el responsable t\u00e9cnico del telescopio, Dave Content, el objetivo mayor es desentra\u00f1ar qu\u00e9 tan comunes son los sistemas solares en el espacio adem\u00e1s del nuestro, mientras que la Directora del proyecto del artefacto astron\u00f3mico, Nicky Fox, asegura que el gigante descubrir\u00e1 \u201cdecenas de miles de exoplanetas\u201d.<\/p>\n","protected":false},"author":1,"featured_media":9111,"comment_status":"closed","ping_status":"closed","sticky":false,"template":"single-fullwidth.php","format":"standard","meta":{"footnotes":""},"categories":[21,100],"tags":[1279,184,185],"class_list":{"0":"post-9109","1":"post","2":"type-post","3":"status-publish","4":"format-standard","5":"has-post-thumbnail","7":"category-actualidad","8":"category-destacados","9":"tag-astronomia","10":"tag-ciencia","11":"tag-tecnologia"},"menu_order":1,"_links":{"self":[{"href":"https:\/\/www.elfuerte.cl\/web\/wp-json\/wp\/v2\/posts\/9109","targetHints":{"allow":["GET"]}}],"collection":[{"href":"https:\/\/www.elfuerte.cl\/web\/wp-json\/wp\/v2\/posts"}],"about":[{"href":"https:\/\/www.elfuerte.cl\/web\/wp-json\/wp\/v2\/types\/post"}],"author":[{"embeddable":true,"href":"https:\/\/www.elfuerte.cl\/web\/wp-json\/wp\/v2\/users\/1"}],"replies":[{"embeddable":true,"href":"https:\/\/www.elfuerte.cl\/web\/wp-json\/wp\/v2\/comments?post=9109"}],"version-history":[{"count":4,"href":"https:\/\/www.elfuerte.cl\/web\/wp-json\/wp\/v2\/posts\/9109\/revisions"}],"predecessor-version":[{"id":9114,"href":"https:\/\/www.elfuerte.cl\/web\/wp-json\/wp\/v2\/posts\/9109\/revisions\/9114"}],"wp:featuredmedia":[{"embeddable":true,"href":"https:\/\/www.elfuerte.cl\/web\/wp-json\/wp\/v2\/media\/9111"}],"wp:attachment":[{"href":"https:\/\/www.elfuerte.cl\/web\/wp-json\/wp\/v2\/media?parent=9109"}],"wp:term":[{"taxonomy":"category","embeddable":true,"href":"https:\/\/www.elfuerte.cl\/web\/wp-json\/wp\/v2\/categories?post=9109"},{"taxonomy":"post_tag","embeddable":true,"href":"https:\/\/www.elfuerte.cl\/web\/wp-json\/wp\/v2\/tags?post=9109"}],"curies":[{"name":"wp","href":"https:\/\/api.w.org\/{rel}","templated":true}]}}