{"id":9115,"date":"2026-09-01T13:05:20","date_gmt":"2026-09-01T17:05:20","guid":{"rendered":"https:\/\/www.elfuerte.cl\/web\/?p=9115"},"modified":"2026-09-01T13:07:04","modified_gmt":"2026-09-01T17:07:04","slug":"mesa-comunal-del-autismo-amplia-su-trabajo-con-incorporacion-de-tres-nuevas-organizaciones","status":"publish","type":"post","link":"https:\/\/www.elfuerte.cl\/web\/2026\/09\/01\/mesa-comunal-del-autismo-amplia-su-trabajo-con-incorporacion-de-tres-nuevas-organizaciones\/","title":{"rendered":"Mesa Comunal del Autismo ampl\u00eda su trabajo con incorporaci\u00f3n de tres nuevas organizaciones"},"content":{"rendered":"\t\t<div data-elementor-type=\"wp-post\" data-elementor-id=\"9115\" class=\"elementor elementor-9115\">\n\t\t\t\t\t\t<section class=\"elementor-section elementor-top-section elementor-element elementor-element-464cea7 elementor-section-boxed elementor-section-height-default elementor-section-height-default\" data-id=\"464cea7\" data-element_type=\"section\">\r\n\t\t\t\t\t\t<div class=\"elementor-container elementor-column-gap-thegem\"><div class=\"elementor-row\">\r\n\t\t\t\t\t<div class=\"elementor-column elementor-col-66 elementor-top-column elementor-element elementor-element-2f44c54\" data-id=\"2f44c54\" data-element_type=\"column\">\n\t\t\t<div class=\"elementor-widget-wrap elementor-element-populated\">\n\t\t\t\t\t\t<div class=\"elementor-element elementor-element-ab386a6 flex-horizontal-align-default flex-horizontal-align-tablet-default flex-horizontal-align-mobile-default flex-vertical-align-default flex-vertical-align-tablet-default flex-vertical-align-mobile-default elementor-widget elementor-widget-heading\" data-id=\"ab386a6\" data-element_type=\"widget\" data-widget_type=\"heading.default\">\n\t\t\t\t\t<div class=\"title-h1 elementor-heading-title elementor-size-default\">Mesa Comunal del Autismo ampl\u00eda su trabajo\n con incorporaci\u00f3n de tres nuevas organizaciones<\/div>\t\t\t\t<\/div>\n\t\t\t\t<div class=\"elementor-element elementor-element-8427bf3 elementor-widget__width-initial flex-horizontal-align-default flex-horizontal-align-tablet-default flex-horizontal-align-mobile-default flex-vertical-align-default flex-vertical-align-tablet-default flex-vertical-align-mobile-default elementor-widget elementor-widget-text-editor\" data-id=\"8427bf3\" data-element_type=\"widget\" data-widget_type=\"text-editor.default\">\n\t\t\t\t\t\t\t\t\t\t\t\t<div class=\"elementor-text-editor elementor-clearfix\">\r\n\t\t\t\t\t\t<p><strong>La instancia reuni\u00f3 a representantes de agrupaciones vinculadas a la comunidad neurodivergente y elev\u00f3 a 13 las organizaciones participantes. Entre las nuevas incorporaciones se encuentra TEAbrazo Correntoso, primera agrupaci\u00f3n rural que se integra a este espacio de coordinaci\u00f3n comunal.<\/strong><\/p><p><strong>PUERTO MONTT.\u2013 <\/strong>Con la incorporaci\u00f3n de tres nuevas organizaciones y el desaf\u00edo de avanzar en respuestas que consideren a ni\u00f1os, j\u00f3venes, adultos, familias y cuidadores, se desarroll\u00f3 la tercera sesi\u00f3n de 2026 de la Mesa Comunal del Autismo de Puerto Montt, instancia que actualmente re\u00fane a 13 agrupaciones vinculadas a la comunidad neurodivergente.<\/p><p>El encuentro se efectu\u00f3 en dependencias municipales y permiti\u00f3 sumar a TEApoyo Contigo, Fundaci\u00f3n Orgullo Autista y TEAbrazo Correntoso, ampliando tanto la representaci\u00f3n territorial como las \u00e1reas de trabajo presentes en la mesa.<\/p><p>Uno de los aspectos destacados de esta nueva convocatoria fue precisamente esa diversidad. Mientras algunas organizaciones trabajan con personas autistas adultas, otras han puesto su atenci\u00f3n en la prevenci\u00f3n del acoso escolar hacia estudiantes neurodivergentes, adem\u00e1s del acompa\u00f1amiento a ni\u00f1os, j\u00f3venes, familias y personas cuidadoras.<\/p><p>A ello se agrega la incorporaci\u00f3n de TEAbrazo Correntoso, primera organizaci\u00f3n rural de estas caracter\u00edsticas que se integra a la Mesa Comunal, abriendo un espacio para visibilizar las dificultades que enfrentan las familias que viven fuera del radio urbano para acceder a profesionales especializados y servicios de apoyo.<\/p><p><strong>Pol\u00edticas construidas junto a las organizaciones<\/strong><\/p><p>La concejala B\u00e1rbara C\u00e1ceres, quien lidera la iniciativa, destac\u00f3 que el trabajo municipal en esta materia debe desarrollarse conjuntamente con las agrupaciones que conocen directamente las necesidades de las personas neurodivergentes y sus familias.<\/p><p>\u201cEs muy importante que todas las pol\u00edticas comunales que nazcan desde el municipio sean trabajadas con las organizaciones que representan a nuestra gran comunidad neurodivergente en Puerto Montt\u201d, sostuvo.<\/p><p>La autoridad valor\u00f3 adem\u00e1s el crecimiento alcanzado durante las tres sesiones realizadas este a\u00f1o.<\/p><p>\u201cEstamos muy contentos de sesionar esta tercera Mesa Comunal de Autismo en lo que va del a\u00f1o 2026, y terminar con una muy buena noticia, ya que se agregaron tres nuevas organizaciones. Una de adultos autistas, una de Correntoso y una que est\u00e1 enfocada a prevenir el acoso escolar de personas neurodivergentes en los sistemas educativos de Puerto Montt\u201d, explic\u00f3 C\u00e1ceres.<\/p><p><strong>Un espacio para compartir experiencias y necesidades<\/strong><\/p><p>Desde Fundaci\u00f3n Orgullo Autista, su directora Loreto Le\u00f3n destac\u00f3 que la mesa permite que las organizaciones no s\u00f3lo planteen requerimientos, sino que compartan las experiencias que enfrentan cotidianamente las familias.<\/p><p>\u201cAqu\u00ed compartimos ideas, compartimos penas, alegr\u00edas y tambi\u00e9n los desaf\u00edos que tenemos como representantes de organizaciones de autismo. Y no solamente infantil, sino tambi\u00e9n juvenil y adultos para la regi\u00f3n\u201d, se\u00f1al\u00f3.<\/p><p>Jasmine Gonz\u00e1lez, representante de TEApoyo Contigo, puso el \u00e9nfasis en avanzar hacia una inclusi\u00f3n que considere a toda la comunidad neurodivergente.<\/p><p>\u201cYo creo que es importante que podamos conseguir lo que se logr\u00f3 hoy d\u00eda, que es conversar sobre c\u00f3mo podemos generar oportunidades tanto para las familias con autismo como para la neurodivergencia en general, aqu\u00ed en Puerto Montt\u201d, sostuvo.<\/p><p><strong>La realidad de las familias rurales<\/strong><\/p><p>La llegada de TEAbrazo Correntoso incorpor\u00f3 tambi\u00e9n la mirada de las familias que viven en sectores rurales. Su presidenta, Diana Mora, se\u00f1al\u00f3 que uno de sus principales desaf\u00edos es conseguir apoyo profesional y herramientas para quienes ejercen labores de cuidado.<\/p><p>\u201cSomos la primera organizaci\u00f3n rural, y lo que queremos es ayudar a la comunidad de nuestros ni\u00f1os con espectro autista. Gestionar profesionales que nos puedan ayudar. Necesitamos terapeutas, fonoaudi\u00f3logos y talleres para las cuidadoras, porque es importante que nosotros los cuidadores estemos bien preparados\u201d, afirm\u00f3.<\/p><p>Mora agreg\u00f3 que la Mesa Comunal permite que las distintas organizaciones puedan articularse, expresar sus necesidades y gestionar recursos y apoyos, especialmente frente a requerimientos que dif\u00edcilmente pueden enfrentar de manera individual.<\/p><p>Con las nuevas incorporaciones, la Mesa Comunal del Autismo alcanza las 13 organizaciones participantes. En esta tercera convocatoria estuvieron tambi\u00e9n TEAbrazamos Mirasol, TEAyudo, CEA Contigo, Corporaci\u00f3n Visionarios de la Inclusi\u00f3n y TEAcompa\u00f1o Alerce, consolidando un espacio que busca fortalecer la coordinaci\u00f3n entre las agrupaciones y el municipio para avanzar en inclusi\u00f3n y apoyo a la comunidad neurodivergente de Puerto Montt.<\/p><p><strong>Redacci\u00f3n El Fuerte Noticias<\/strong><\/p>\t\t\t\t\t\t\t<\/div>\r\n\t\t\t\t\t\t\t\t\t\t<\/div>\n\t\t\t\t<div class=\"elementor-element elementor-element-5ac3e4a flex-horizontal-align-default flex-horizontal-align-tablet-default flex-horizontal-align-mobile-default flex-vertical-align-default flex-vertical-align-tablet-default flex-vertical-align-mobile-default elementor-widget elementor-widget-thegem-styledimage\" data-id=\"5ac3e4a\" data-element_type=\"widget\" data-settings=\"{&quot;thegem_elementor_preset&quot;:&quot;style-2&quot;,&quot;image&quot;:{&quot;url&quot;:&quot;https:\\\/\\\/elfuerte.cl\\\/web\\\/wp-content\\\/uploads\\\/2025\\\/10\\\/bannerefdelsur.jpg&quot;,&quot;id&quot;:1540,&quot;size&quot;:&quot;&quot;,&quot;alt&quot;:&quot;&quot;,&quot;source&quot;:&quot;library&quot;},&quot;image_position&quot;:&quot;left&quot;}\" data-widget_type=\"thegem-styledimage.default\">\n\t\t\t\t<div class=\"elementor-widget-container\">\n\t\t\t\t\t\n<div class=\"styled-image-wrapper\">\n\t\t\t<div class=\"gem-image gem-wrapbox gem-wrapbox-style-2 gem-wrapbox-position-left lazy-loading \">\n\t\t\t<div class=\"gem-wrapbox-inner  lazy-loading-item\"  data-ll-effect=\"move-up\">\n\t\t\t\t\t\t\t\t<a href=\"#\">\n\t\t\t\t\t\t\t\t\t\t<img class=\"gem-wrapbox-element img-responsive \"\n\t\t\t\t\t\t src=\"https:\/\/www.elfuerte.cl\/web\/wp-content\/uploads\/2025\/10\/bannerefdelsur.jpg\"\n\t\t\t\t\t\t alt=\"bannerefdelsur\">\n\t\t\t\t\t\t\t\t\t\t\t\t\t\t<\/a>\n\t\t\t\t\t\t<\/div>\n\t\t<\/div>\n\t\t<\/div>\n\n\n\t\n\t\t\t\t\t\t<\/div>\n\t\t\t\t<\/div>\n\t\t\t\t\t<\/div>\n\t\t<\/div>\n\t\t\t\t<div class=\"elementor-column elementor-col-33 elementor-top-column elementor-element elementor-element-dfac7b7\" data-id=\"dfac7b7\" data-element_type=\"column\">\n\t\t\t<div class=\"elementor-widget-wrap elementor-element-populated\">\n\t\t\t\t\t\t<div class=\"elementor-element elementor-element-af7077d flex-horizontal-align-default flex-horizontal-align-tablet-default flex-horizontal-align-mobile-default flex-vertical-align-default flex-vertical-align-tablet-default flex-vertical-align-mobile-default elementor-widget elementor-widget-sidebar\" data-id=\"af7077d\" data-element_type=\"widget\" data-settings=\"{&quot;thegem_custom_css&quot;:&quot;.gem-pp-posts-image {\\r\\n    width: 72px;\\r\\n}\\r\\n.gem-pp-posts-image img {\\r\\n    border-radius: 50%;\\r\\n}\\r\\nselector h4 {\\r\\n    padding-top: 40px;\\r\\n}&quot;}\" data-widget_type=\"sidebar.default\">\n\t\t\t\t\t<aside id=\"media_image-3\" class=\"widget widget_media_image\"><img width=\"750\" height=\"750\" src=\"https:\/\/www.elfuerte.cl\/web\/wp-content\/uploads\/2025\/10\/bannerrojook.jpg\" class=\"image wp-image-1681  attachment-full size-full\" alt=\"\" style=\"max-width: 100%; height: auto;\" title=\"Banner\" srcset=\"https:\/\/www.elfuerte.cl\/web\/wp-content\/uploads\/2025\/10\/bannerrojook.jpg 750w, https:\/\/www.elfuerte.cl\/web\/wp-content\/uploads\/2025\/10\/bannerrojook-300x300.jpg 300w, https:\/\/www.elfuerte.cl\/web\/wp-content\/uploads\/2025\/10\/bannerrojook-150x150.jpg 150w, https:\/\/www.elfuerte.cl\/web\/wp-content\/uploads\/2025\/10\/bannerrojook-256x256.jpg 256w\" sizes=\"(max-width: 750px) 100vw, 750px\" \/><\/aside><aside id=\"categories-2\" class=\"widget widget_categories\"><h4 class=\"widget-title\">Secciones<\/h4>\n\t\t\t<ul>\n\t\t\t\t\t<li class=\"cat-item cat-item-21\"><a href=\"https:\/\/www.elfuerte.cl\/web\/category\/actualidad\/\" title=\"View all posts filed under Actualidad\">Actualidad<\/a>\n<\/li>\n\t<li class=\"cat-item cat-item-100\"><a href=\"https:\/\/www.elfuerte.cl\/web\/category\/destacados\/\" title=\"View all posts filed under Destacados\">Destacados<\/a>\n<\/li>\n\t<li class=\"cat-item cat-item-101\"><a href=\"https:\/\/www.elfuerte.cl\/web\/category\/region-ludica\/\" title=\"View all posts filed under Regi\u00f3n L\u00fadica\">Regi\u00f3n L\u00fadica<\/a>\n<\/li>\n\t<li class=\"cat-item cat-item-157\"><a href=\"https:\/\/www.elfuerte.cl\/web\/category\/sala-de-redaccion\/\" title=\"View all posts filed under Sala de Redacci\u00f3n\">Sala de Redacci\u00f3n<\/a>\n<\/li>\n\t\t\t<\/ul>\n\n\t\t\t<\/aside><aside id=\"custom_popular_posts-2\" class=\"widget Custom_Popular_Posts\"><h4 class=\"widget-title\">Populares<\/h4><ul class=\"posts  styled\"><li class=\"clearfix gem-pp-posts\"><div class=\"gem-pp-posts-image\"><a href=\"https:\/\/www.elfuerte.cl\/web\/2025\/09\/05\/conce-pago-su-deuda-con-pepo\/\"><img src=\"https:\/\/www.elfuerte.cl\/web\/wp-content\/uploads\/2025\/09\/rl0003-thegem-post-thumb-large.jpg\" srcset=\"https:\/\/www.elfuerte.cl\/web\/wp-content\/uploads\/2025\/09\/rl0003-thegem-post-thumb-small.jpg 1x, https:\/\/www.elfuerte.cl\/web\/wp-content\/uploads\/2025\/09\/rl0003-thegem-post-thumb-large.jpg 2x\" alt=\"\"\/><\/a><\/div><div class=\"gem-pp-posts-text\"> <div class=\"gem-pp-posts-item\"><a href=\"https:\/\/www.elfuerte.cl\/web\/2025\/09\/05\/conce-pago-su-deuda-con-pepo\/\">Conce pag\u00f3 su deuda con \u201cPepo\u201d<\/a><\/div><div class=\"gem-pp-posts-date\">05\/09\/2025<\/div><\/div><\/li><li class=\"clearfix gem-pp-posts\"><div class=\"gem-pp-posts-image\"><a href=\"https:\/\/www.elfuerte.cl\/web\/2025\/09\/10\/educacion-en-chile-desafios-y-oportunidades\/\"><img src=\"https:\/\/www.elfuerte.cl\/web\/wp-content\/uploads\/2025\/09\/sr002-thegem-post-thumb-large.jpg\" srcset=\"https:\/\/www.elfuerte.cl\/web\/wp-content\/uploads\/2025\/09\/sr002-thegem-post-thumb-small.jpg 1x, https:\/\/www.elfuerte.cl\/web\/wp-content\/uploads\/2025\/09\/sr002-thegem-post-thumb-large.jpg 2x\" alt=\"\"\/><\/a><\/div><div class=\"gem-pp-posts-text\"> <div class=\"gem-pp-posts-item\"><a href=\"https:\/\/www.elfuerte.cl\/web\/2025\/09\/10\/educacion-en-chile-desafios-y-oportunidades\/\">Educaci\u00f3n en Chile: desaf\u00edos y oportunidades<\/a><\/div><div class=\"gem-pp-posts-date\">10\/09\/2025<\/div><\/div><\/li><li class=\"clearfix gem-pp-posts\"><div class=\"gem-pp-posts-image\"><a href=\"https:\/\/www.elfuerte.cl\/web\/2026\/09\/01\/somos-tp-un-nuevo-horizonte-para-la-educacion-tecnico-profesional\/\"><img src=\"https:\/\/www.elfuerte.cl\/web\/wp-content\/uploads\/2026\/09\/banner1-9-3.jpg\" srcset=\"https:\/\/www.elfuerte.cl\/web\/wp-content\/uploads\/2026\/09\/banner1-9-3.jpg 1x, https:\/\/www.elfuerte.cl\/web\/wp-content\/uploads\/2026\/09\/banner1-9-3.jpg 2x\" alt=\"\"\/><\/a><\/div><div class=\"gem-pp-posts-text\"> <div class=\"gem-pp-posts-item\"><a href=\"https:\/\/www.elfuerte.cl\/web\/2026\/09\/01\/somos-tp-un-nuevo-horizonte-para-la-educacion-tecnico-profesional\/\">\"Somos TP\": un nuevo horizonte para la educaci\u00f3n t\u00e9cnico-profesional<\/a><\/div><div class=\"gem-pp-posts-date\">01\/09\/2026<\/div><\/div><\/li><li class=\"clearfix gem-pp-posts\"><div class=\"gem-pp-posts-image\"><a href=\"https:\/\/www.elfuerte.cl\/web\/2025\/09\/05\/la-derrota-que-dejo-al-gobierno-sin-brujula\/\"><img src=\"https:\/\/www.elfuerte.cl\/web\/wp-content\/uploads\/2025\/09\/actualidad004-thegem-post-thumb-large.jpg\" srcset=\"https:\/\/www.elfuerte.cl\/web\/wp-content\/uploads\/2025\/09\/actualidad004-thegem-post-thumb-small.jpg 1x, https:\/\/www.elfuerte.cl\/web\/wp-content\/uploads\/2025\/09\/actualidad004-thegem-post-thumb-large.jpg 2x\" alt=\"\"\/><\/a><\/div><div class=\"gem-pp-posts-text\"> <div class=\"gem-pp-posts-item\"><a href=\"https:\/\/www.elfuerte.cl\/web\/2025\/09\/05\/la-derrota-que-dejo-al-gobierno-sin-brujula\/\">La derrota que dej\u00f3 al gobierno sin br\u00fajula<\/a><\/div><div class=\"gem-pp-posts-date\">05\/09\/2025<\/div><\/div><\/li><\/ul><\/aside>\t\t\t\t<\/div>\n\t\t\t\t\t<\/div>\n\t\t<\/div>\n\t\t\t\t\t<\/div><\/div>\r\n\t\t<\/section>\r\n\t\t\t\t<\/div>\n\t\t","protected":false},"excerpt":{"rendered":"<p>La instancia reuni\u00f3 a representantes de agrupaciones vinculadas a la comunidad neurodivergente y elev\u00f3 a 13 las organizaciones participantes. Entre las nuevas incorporaciones se encuentra TEAbrazo Correntoso, primera agrupaci\u00f3n rural que se integra a este espacio de coordinaci\u00f3n comunal.<\/p>\n","protected":false},"author":1,"featured_media":9118,"comment_status":"closed","ping_status":"closed","sticky":false,"template":"single-fullwidth.php","format":"standard","meta":{"footnotes":""},"categories":[21,100],"tags":[1281,1280,199,1282],"class_list":{"0":"post-9115","1":"post","2":"type-post","3":"status-publish","4":"format-standard","5":"has-post-thumbnail","7":"category-actualidad","8":"category-destacados","9":"tag-autismo","10":"tag-mesa-comunal","11":"tag-puerto-montt","12":"tag-reunion"},"menu_order":1,"_links":{"self":[{"href":"https:\/\/www.elfuerte.cl\/web\/wp-json\/wp\/v2\/posts\/9115","targetHints":{"allow":["GET"]}}],"collection":[{"href":"https:\/\/www.elfuerte.cl\/web\/wp-json\/wp\/v2\/posts"}],"about":[{"href":"https:\/\/www.elfuerte.cl\/web\/wp-json\/wp\/v2\/types\/post"}],"author":[{"embeddable":true,"href":"https:\/\/www.elfuerte.cl\/web\/wp-json\/wp\/v2\/users\/1"}],"replies":[{"embeddable":true,"href":"https:\/\/www.elfuerte.cl\/web\/wp-json\/wp\/v2\/comments?post=9115"}],"version-history":[{"count":4,"href":"https:\/\/www.elfuerte.cl\/web\/wp-json\/wp\/v2\/posts\/9115\/revisions"}],"predecessor-version":[{"id":9123,"href":"https:\/\/www.elfuerte.cl\/web\/wp-json\/wp\/v2\/posts\/9115\/revisions\/9123"}],"wp:featuredmedia":[{"embeddable":true,"href":"https:\/\/www.elfuerte.cl\/web\/wp-json\/wp\/v2\/media\/9118"}],"wp:attachment":[{"href":"https:\/\/www.elfuerte.cl\/web\/wp-json\/wp\/v2\/media?parent=9115"}],"wp:term":[{"taxonomy":"category","embeddable":true,"href":"https:\/\/www.elfuerte.cl\/web\/wp-json\/wp\/v2\/categories?post=9115"},{"taxonomy":"post_tag","embeddable":true,"href":"https:\/\/www.elfuerte.cl\/web\/wp-json\/wp\/v2\/tags?post=9115"}],"curies":[{"name":"wp","href":"https:\/\/api.w.org\/{rel}","templated":true}]}}