{"id":9117,"date":"2026-09-01T13:06:31","date_gmt":"2026-09-01T17:06:31","guid":{"rendered":"https:\/\/www.elfuerte.cl\/web\/?p=9117"},"modified":"2026-09-01T13:08:05","modified_gmt":"2026-09-01T17:08:05","slug":"destacan-trabajo-colaborativo-entre-los-rios-y-la-araucania-agenda-para-fortalecer-el-manejo-sostenible-y-valor-agregado-del-bosque-nativo","status":"publish","type":"post","link":"https:\/\/www.elfuerte.cl\/web\/2026\/09\/01\/destacan-trabajo-colaborativo-entre-los-rios-y-la-araucania-agenda-para-fortalecer-el-manejo-sostenible-y-valor-agregado-del-bosque-nativo\/","title":{"rendered":"Destacan trabajo colaborativo entre Los R\u00edos y La Araucan\u00eda: agenda para  fortalecer el manejo sostenible y valor agregado del bosque nativo"},"content":{"rendered":"\t\t<div data-elementor-type=\"wp-post\" data-elementor-id=\"9117\" class=\"elementor elementor-9117\">\n\t\t\t\t\t\t<section class=\"elementor-section elementor-top-section elementor-element elementor-element-464cea7 elementor-section-boxed elementor-section-height-default elementor-section-height-default\" data-id=\"464cea7\" data-element_type=\"section\">\r\n\t\t\t\t\t\t<div class=\"elementor-container elementor-column-gap-thegem\"><div class=\"elementor-row\">\r\n\t\t\t\t\t<div class=\"elementor-column elementor-col-66 elementor-top-column elementor-element elementor-element-2f44c54\" data-id=\"2f44c54\" data-element_type=\"column\">\n\t\t\t<div class=\"elementor-widget-wrap elementor-element-populated\">\n\t\t\t\t\t\t<div class=\"elementor-element elementor-element-ab386a6 flex-horizontal-align-default flex-horizontal-align-tablet-default flex-horizontal-align-mobile-default flex-vertical-align-default flex-vertical-align-tablet-default flex-vertical-align-mobile-default elementor-widget elementor-widget-heading\" data-id=\"ab386a6\" data-element_type=\"widget\" data-widget_type=\"heading.default\">\n\t\t\t\t\t<div class=\"title-h1 elementor-heading-title elementor-size-default\">Destacan trabajo colaborativo entre Los R\u00edos y La Araucan\u00eda: agenda para  fortalecer el manejo sostenible y valor agregado del bosque nativo<\/div>\t\t\t\t<\/div>\n\t\t\t\t<div class=\"elementor-element elementor-element-8427bf3 elementor-widget__width-initial flex-horizontal-align-default flex-horizontal-align-tablet-default flex-horizontal-align-mobile-default flex-vertical-align-default flex-vertical-align-tablet-default flex-vertical-align-mobile-default elementor-widget elementor-widget-text-editor\" data-id=\"8427bf3\" data-element_type=\"widget\" data-widget_type=\"text-editor.default\">\n\t\t\t\t\t\t\t\t\t\t\t\t<div class=\"elementor-text-editor elementor-clearfix\">\r\n\t\t\t\t\t\t<p><span style=\"font-size: medium;\"><span lang=\"es-ES\"><b>Ya van 10.040 hect\u00e1reas incorporadas en Los R\u00edos y La Araucan\u00eda, en el marco del Acuerdo de Producci\u00f3n Limpia (APL) impulsado por el Consorcio Forestal de ambas regiones y la Agencia de Sustentabilidad y Cambio Clim\u00e1tico de CORFO.<\/b><\/span><\/span><\/p><p><span style=\"font-size: medium;\"><span lang=\"es-ES\"><b>LONCOCHE-LANCO<\/b><\/span><span lang=\"es-ES\">. Con la idea de mejorar y transformar la gesti\u00f3n del <\/span><span lang=\"es-ES\"><b>bosque nativo<\/b><\/span><span lang=\"es-ES\"> en un producto m\u00e1s amigable con el medio ambiente, la sostenibilidad y ser competitivo, se realiz\u00f3 la <\/span><span lang=\"es-ES\"><b>\u201cJornada de Sostenibilidad y Asociatividad y Valor Agregado en Bosque Nativo\u201d<\/b><\/span><span lang=\"es-ES\">, organizado por <\/span><span lang=\"es-ES\">el <\/span><span lang=\"es-ES\"><b>Consorcio Forestal de Los R\u00edos-Araucan\u00eda y la Agencia de Sustentabilidad y Cambio Clim\u00e1tico de CORFO (ASCC)<\/b><\/span><span lang=\"es-ES\">, en el marco del <\/span><span lang=\"es-ES\"><b>Acuerdo de Producci\u00f3n Limpia (APL)<\/b><\/span><span lang=\"es-ES\">orientado a implementar la ordenaci\u00f3n forestal en ambas regiones e i<\/span><span lang=\"es-ES\">ntegrar estrategias preventivas en el manejo de los bosques, para aumentar la eficiencia productiva, proteger la biodiversidad y reducir los riesgos ambientales. <\/span><\/span><\/p><p><span style=\"font-size: medium;\"><span lang=\"es-ES\">Ya van <\/span><span lang=\"es-ES\"><b>10.040 hect\u00e1reas de bosque nativo<\/b><\/span><span lang=\"es-ES\"> incorporadas en <\/span><span lang=\"es-ES\"><b>Los R\u00edos y La Araucan\u00eda<\/b><\/span><span lang=\"es-ES\">, en el marco del <\/span><span lang=\"es-ES\"><b>APL<\/b><\/span><span lang=\"es-ES\"> impulsado por el <\/span><span lang=\"es-ES\"><b>Consorcio Forestal<\/b><\/span><span lang=\"es-ES\"> de ambas regiones y la <\/span><span lang=\"es-ES\"><b>Agencia de Sustentabilidad y Cambio Clim\u00e1tico de CORFO<\/b><\/span><span lang=\"es-ES\">, que avanza hacia un modelo asociativo que busca mejorar la gesti\u00f3n, abrir nuevos mercados y aumentar el valor econ\u00f3mico de los productos provenientes del bosque.<\/span><\/span><\/p><p><strong><span style=\"font-size: medium;\"><span lang=\"es-ES\">La directora ejecutiva de la <\/span><\/span><\/strong><strong><span style=\"font-size: medium;\"><span lang=\"es-ES\">Agencia de Sustentabilidad y Cambio Clim\u00e1tico<\/span><\/span><\/strong><span style=\"font-size: medium;\"><span lang=\"es-ES\">., <\/span><\/span><span style=\"font-size: medium;\"><span lang=\"es-ES\"><b>Ximena Ruiz<\/b><\/span><\/span><span style=\"font-size: medium;\"><span lang=\"es-ES\">, <\/span><\/span><\/p><p><span style=\"font-size: medium;\"><span lang=\"es-ES\">asegur\u00f3 que el Acuerdo de Producci\u00f3n Limpia <\/span><span lang=\"es-ES\">permite ordenar esfuerzos y avanzar con metas concretas hacia un manejo sostenible que cuide este patrimonio natural<\/span><span lang=\"es-ES\">\u00a0y genere oportunidades para sus productores.<\/span><\/span><\/p><p><span style=\"font-size: medium;\"><span lang=\"es-ES\">En tanto, el subdirector ejecutivo de <\/span><span lang=\"es-ES\"><b>CONAF, Juan Carlos Castillo<\/b><\/span><span lang=\"es-ES\">, destac\u00f3 que el desaf\u00edo es <\/span><span lang=\"es-ES\">asegurar un abastecimiento permanente de productos provenientes del bosque nativo y para ello, es fundamental fortalecer de manera coordinada la gesti\u00f3n, la producci\u00f3n y la comercializaci\u00f3n. <\/span><\/span><\/p><p><span style=\"font-size: medium;\"><span lang=\"es-ES\">Una de las propuestas que gener\u00f3 este encuentro es que el <\/span><span lang=\"es-ES\"><b>aumento de <\/b><\/span><span lang=\"es-ES\"><b>predios<\/b><\/span><span lang=\"es-ES\"> constituye el inicio o base para avanzar desde una gesti\u00f3n predial individual hacia un modelo m\u00e1s <\/span><span lang=\"es-ES\"><b>asociativo<\/b><\/span><span lang=\"es-ES\">, capaz de generar <\/span><span lang=\"es-ES\"><b>mayores oportunidades <\/b><\/span><span lang=\"es-ES\">a escala <\/span><span lang=\"es-ES\"><b>comercial,<\/b><\/span><span lang=\"es-ES\"> disponer de soporte t\u00e9cnico unificado y fortalecer la capacidad de negociaci\u00f3n de los productores frente a mercados e instituciones.<\/span><\/span><\/p><p><span style=\"font-size: medium;\"><span lang=\"es-ES\">En materia comercial, una de las <\/span><span lang=\"es-ES\">estrategias consisti\u00f3 en conectar la oferta proveniente <\/span><span lang=\"es-ES\"><b>del bosque nativo<\/b><\/span><span lang=\"es-ES\"> con la industria maderera regional e impulsar el desarrollo de productos con mayor valor agregado.<\/span><span lang=\"es-ES\">\u00a0Adem\u00e1s, de una alianza t\u00e9cnica destinada a asegurar el <\/span><span lang=\"es-ES\"><b>abastecimiento de plantas nativas <\/b><\/span><span lang=\"es-ES\">con adecuada calidad gen\u00e9tica y contribuir a disminuir los costos de establecimiento.<\/span><\/span><\/p><p><span style=\"font-size: medium;\"><span lang=\"es-ES\">La actividad desarrollada en <\/span><span lang=\"es-ES\"><b>Loncoche y Lanco<\/b><\/span><span lang=\"es-ES\">, reuni\u00f3 a productores, empresas y representantes de CONAF, la Seremi de Medio Ambiente de la Araucan\u00eda, del Instituto Forestal Los R\u00edos y de la Universidad Austral; y tuvo como uno de sus objetivos revisar <\/span><span lang=\"es-ES\">los avances en la implementaci\u00f3n del APL en materias de comercializaci\u00f3n, indicadores de sustentabilidad y mercado de carbono.<\/span><\/span><\/p><p><span style=\"font-size: medium;\"><span lang=\"es-ES\">Dentro del apretado calendario se incluy\u00f3 una visita al <\/span><span lang=\"es-ES\"><b>predio Curiruca<\/b><\/span><span lang=\"es-ES\">, para conocer en terreno las caracter\u00edsticas forestales, las especies presentes y distintas pr\u00e1cticas de silvicultura orientadas al manejo y recuperaci\u00f3n del ecosistema.<\/span><\/span><\/p><p><span style=\"font-size: medium;\"><span lang=\"es-ES\">De esta manera,\u00a0<\/span><span lang=\"es-ES\">el <\/span><span lang=\"es-ES\"><b>APL<\/b><\/span><span lang=\"es-ES\"> busca articular conservaci\u00f3n, manejo productivo y desarrollo econ\u00f3mico, generando una plataforma com\u00fan para que los propietarios y productores de bosque nativo<\/span><span lang=\"es-ES\">\u00a0puedan acceder a nuevas <\/span><span lang=\"es-ES\"><b>capacidades, mercados y oportunidades de inversi\u00f3n<\/b><\/span><span lang=\"es-ES\">, con una mirada de largo plazo para el territorio.<\/span><\/span><\/p><p><span style=\"font-size: medium;\"><span lang=\"es-ES\"><b>Redacci\u00f3n El Fuerte Noticias<\/b><\/span><\/span><\/p>\t\t\t\t\t\t\t<\/div>\r\n\t\t\t\t\t\t\t\t\t\t<\/div>\n\t\t\t\t<div class=\"elementor-element elementor-element-5ac3e4a flex-horizontal-align-default flex-horizontal-align-tablet-default flex-horizontal-align-mobile-default flex-vertical-align-default flex-vertical-align-tablet-default flex-vertical-align-mobile-default elementor-widget elementor-widget-thegem-styledimage\" data-id=\"5ac3e4a\" data-element_type=\"widget\" data-settings=\"{&quot;thegem_elementor_preset&quot;:&quot;style-2&quot;,&quot;image&quot;:{&quot;url&quot;:&quot;https:\\\/\\\/elfuerte.cl\\\/web\\\/wp-content\\\/uploads\\\/2025\\\/10\\\/bannerefdelsur.jpg&quot;,&quot;id&quot;:1540,&quot;size&quot;:&quot;&quot;,&quot;alt&quot;:&quot;&quot;,&quot;source&quot;:&quot;library&quot;},&quot;image_position&quot;:&quot;left&quot;}\" data-widget_type=\"thegem-styledimage.default\">\n\t\t\t\t<div class=\"elementor-widget-container\">\n\t\t\t\t\t\n<div class=\"styled-image-wrapper\">\n\t\t\t<div class=\"gem-image gem-wrapbox gem-wrapbox-style-2 gem-wrapbox-position-left lazy-loading \">\n\t\t\t<div class=\"gem-wrapbox-inner  lazy-loading-item\"  data-ll-effect=\"move-up\">\n\t\t\t\t\t\t\t\t<a href=\"#\">\n\t\t\t\t\t\t\t\t\t\t<img class=\"gem-wrapbox-element img-responsive \"\n\t\t\t\t\t\t src=\"https:\/\/www.elfuerte.cl\/web\/wp-content\/uploads\/2025\/10\/bannerefdelsur.jpg\"\n\t\t\t\t\t\t alt=\"bannerefdelsur\">\n\t\t\t\t\t\t\t\t\t\t\t\t\t\t<\/a>\n\t\t\t\t\t\t<\/div>\n\t\t<\/div>\n\t\t<\/div>\n\n\n\t\n\t\t\t\t\t\t<\/div>\n\t\t\t\t<\/div>\n\t\t\t\t\t<\/div>\n\t\t<\/div>\n\t\t\t\t<div class=\"elementor-column elementor-col-33 elementor-top-column elementor-element elementor-element-dfac7b7\" data-id=\"dfac7b7\" data-element_type=\"column\">\n\t\t\t<div class=\"elementor-widget-wrap elementor-element-populated\">\n\t\t\t\t\t\t<div class=\"elementor-element elementor-element-af7077d flex-horizontal-align-default flex-horizontal-align-tablet-default flex-horizontal-align-mobile-default flex-vertical-align-default flex-vertical-align-tablet-default flex-vertical-align-mobile-default elementor-widget elementor-widget-sidebar\" data-id=\"af7077d\" data-element_type=\"widget\" data-settings=\"{&quot;thegem_custom_css&quot;:&quot;.gem-pp-posts-image {\\r\\n    width: 72px;\\r\\n}\\r\\n.gem-pp-posts-image img {\\r\\n    border-radius: 50%;\\r\\n}\\r\\nselector h4 {\\r\\n    padding-top: 40px;\\r\\n}&quot;}\" data-widget_type=\"sidebar.default\">\n\t\t\t\t\t<aside id=\"media_image-3\" class=\"widget widget_media_image\"><img width=\"750\" height=\"750\" src=\"https:\/\/www.elfuerte.cl\/web\/wp-content\/uploads\/2025\/10\/bannerrojook.jpg\" class=\"image wp-image-1681  attachment-full size-full\" alt=\"\" style=\"max-width: 100%; height: auto;\" title=\"Banner\" srcset=\"https:\/\/www.elfuerte.cl\/web\/wp-content\/uploads\/2025\/10\/bannerrojook.jpg 750w, https:\/\/www.elfuerte.cl\/web\/wp-content\/uploads\/2025\/10\/bannerrojook-300x300.jpg 300w, https:\/\/www.elfuerte.cl\/web\/wp-content\/uploads\/2025\/10\/bannerrojook-150x150.jpg 150w, https:\/\/www.elfuerte.cl\/web\/wp-content\/uploads\/2025\/10\/bannerrojook-256x256.jpg 256w\" sizes=\"(max-width: 750px) 100vw, 750px\" \/><\/aside><aside id=\"categories-2\" class=\"widget widget_categories\"><h4 class=\"widget-title\">Secciones<\/h4>\n\t\t\t<ul>\n\t\t\t\t\t<li class=\"cat-item cat-item-21\"><a href=\"https:\/\/www.elfuerte.cl\/web\/category\/actualidad\/\" title=\"View all posts filed under Actualidad\">Actualidad<\/a>\n<\/li>\n\t<li class=\"cat-item cat-item-100\"><a href=\"https:\/\/www.elfuerte.cl\/web\/category\/destacados\/\" title=\"View all posts filed under Destacados\">Destacados<\/a>\n<\/li>\n\t<li class=\"cat-item cat-item-101\"><a href=\"https:\/\/www.elfuerte.cl\/web\/category\/region-ludica\/\" title=\"View all posts filed under Regi\u00f3n L\u00fadica\">Regi\u00f3n L\u00fadica<\/a>\n<\/li>\n\t<li class=\"cat-item cat-item-157\"><a href=\"https:\/\/www.elfuerte.cl\/web\/category\/sala-de-redaccion\/\" title=\"View all posts filed under Sala de Redacci\u00f3n\">Sala de Redacci\u00f3n<\/a>\n<\/li>\n\t\t\t<\/ul>\n\n\t\t\t<\/aside><aside id=\"custom_popular_posts-2\" class=\"widget Custom_Popular_Posts\"><h4 class=\"widget-title\">Populares<\/h4><ul class=\"posts  styled\"><li class=\"clearfix gem-pp-posts\"><div class=\"gem-pp-posts-image\"><a href=\"https:\/\/www.elfuerte.cl\/web\/2025\/09\/05\/conce-pago-su-deuda-con-pepo\/\"><img src=\"https:\/\/www.elfuerte.cl\/web\/wp-content\/uploads\/2025\/09\/rl0003-thegem-post-thumb-large.jpg\" srcset=\"https:\/\/www.elfuerte.cl\/web\/wp-content\/uploads\/2025\/09\/rl0003-thegem-post-thumb-small.jpg 1x, https:\/\/www.elfuerte.cl\/web\/wp-content\/uploads\/2025\/09\/rl0003-thegem-post-thumb-large.jpg 2x\" alt=\"\"\/><\/a><\/div><div class=\"gem-pp-posts-text\"> <div class=\"gem-pp-posts-item\"><a href=\"https:\/\/www.elfuerte.cl\/web\/2025\/09\/05\/conce-pago-su-deuda-con-pepo\/\">Conce pag\u00f3 su deuda con \u201cPepo\u201d<\/a><\/div><div class=\"gem-pp-posts-date\">05\/09\/2025<\/div><\/div><\/li><li class=\"clearfix gem-pp-posts\"><div class=\"gem-pp-posts-image\"><a href=\"https:\/\/www.elfuerte.cl\/web\/2025\/09\/10\/educacion-en-chile-desafios-y-oportunidades\/\"><img src=\"https:\/\/www.elfuerte.cl\/web\/wp-content\/uploads\/2025\/09\/sr002-thegem-post-thumb-large.jpg\" srcset=\"https:\/\/www.elfuerte.cl\/web\/wp-content\/uploads\/2025\/09\/sr002-thegem-post-thumb-small.jpg 1x, https:\/\/www.elfuerte.cl\/web\/wp-content\/uploads\/2025\/09\/sr002-thegem-post-thumb-large.jpg 2x\" alt=\"\"\/><\/a><\/div><div class=\"gem-pp-posts-text\"> <div class=\"gem-pp-posts-item\"><a href=\"https:\/\/www.elfuerte.cl\/web\/2025\/09\/10\/educacion-en-chile-desafios-y-oportunidades\/\">Educaci\u00f3n en Chile: desaf\u00edos y oportunidades<\/a><\/div><div class=\"gem-pp-posts-date\">10\/09\/2025<\/div><\/div><\/li><li class=\"clearfix gem-pp-posts\"><div class=\"gem-pp-posts-image\"><a href=\"https:\/\/www.elfuerte.cl\/web\/2026\/09\/01\/somos-tp-un-nuevo-horizonte-para-la-educacion-tecnico-profesional\/\"><img src=\"https:\/\/www.elfuerte.cl\/web\/wp-content\/uploads\/2026\/09\/banner1-9-3.jpg\" srcset=\"https:\/\/www.elfuerte.cl\/web\/wp-content\/uploads\/2026\/09\/banner1-9-3.jpg 1x, https:\/\/www.elfuerte.cl\/web\/wp-content\/uploads\/2026\/09\/banner1-9-3.jpg 2x\" alt=\"\"\/><\/a><\/div><div class=\"gem-pp-posts-text\"> <div class=\"gem-pp-posts-item\"><a href=\"https:\/\/www.elfuerte.cl\/web\/2026\/09\/01\/somos-tp-un-nuevo-horizonte-para-la-educacion-tecnico-profesional\/\">\"Somos TP\": un nuevo horizonte para la educaci\u00f3n t\u00e9cnico-profesional<\/a><\/div><div class=\"gem-pp-posts-date\">01\/09\/2026<\/div><\/div><\/li><li class=\"clearfix gem-pp-posts\"><div class=\"gem-pp-posts-image\"><a href=\"https:\/\/www.elfuerte.cl\/web\/2025\/09\/05\/la-derrota-que-dejo-al-gobierno-sin-brujula\/\"><img src=\"https:\/\/www.elfuerte.cl\/web\/wp-content\/uploads\/2025\/09\/actualidad004-thegem-post-thumb-large.jpg\" srcset=\"https:\/\/www.elfuerte.cl\/web\/wp-content\/uploads\/2025\/09\/actualidad004-thegem-post-thumb-small.jpg 1x, https:\/\/www.elfuerte.cl\/web\/wp-content\/uploads\/2025\/09\/actualidad004-thegem-post-thumb-large.jpg 2x\" alt=\"\"\/><\/a><\/div><div class=\"gem-pp-posts-text\"> <div class=\"gem-pp-posts-item\"><a href=\"https:\/\/www.elfuerte.cl\/web\/2025\/09\/05\/la-derrota-que-dejo-al-gobierno-sin-brujula\/\">La derrota que dej\u00f3 al gobierno sin br\u00fajula<\/a><\/div><div class=\"gem-pp-posts-date\">05\/09\/2025<\/div><\/div><\/li><\/ul><\/aside>\t\t\t\t<\/div>\n\t\t\t\t\t<\/div>\n\t\t<\/div>\n\t\t\t\t\t<\/div><\/div>\r\n\t\t<\/section>\r\n\t\t\t\t<\/div>\n\t\t","protected":false},"excerpt":{"rendered":"<p>Ya van 10.040 hect\u00e1reas incorporadas en Los R\u00edos y La Araucan\u00eda, en el marco del Acuerdo de Producci\u00f3n Limpia (APL) impulsado por el Consorcio Forestal de ambas regiones y la Agencia de Sustentabilidad y Cambio Clim\u00e1tico de CORFO.<\/p>\n","protected":false},"author":1,"featured_media":9120,"comment_status":"closed","ping_status":"closed","sticky":false,"template":"single-fullwidth.php","format":"standard","meta":{"footnotes":""},"categories":[21,100],"tags":[452,1283,190],"class_list":{"0":"post-9117","1":"post","2":"type-post","3":"status-publish","4":"format-standard","5":"has-post-thumbnail","7":"category-actualidad","8":"category-destacados","9":"tag-araucania","10":"tag-bosque-sostenible","11":"tag-los-rios"},"menu_order":1,"_links":{"self":[{"href":"https:\/\/www.elfuerte.cl\/web\/wp-json\/wp\/v2\/posts\/9117","targetHints":{"allow":["GET"]}}],"collection":[{"href":"https:\/\/www.elfuerte.cl\/web\/wp-json\/wp\/v2\/posts"}],"about":[{"href":"https:\/\/www.elfuerte.cl\/web\/wp-json\/wp\/v2\/types\/post"}],"author":[{"embeddable":true,"href":"https:\/\/www.elfuerte.cl\/web\/wp-json\/wp\/v2\/users\/1"}],"replies":[{"embeddable":true,"href":"https:\/\/www.elfuerte.cl\/web\/wp-json\/wp\/v2\/comments?post=9117"}],"version-history":[{"count":4,"href":"https:\/\/www.elfuerte.cl\/web\/wp-json\/wp\/v2\/posts\/9117\/revisions"}],"predecessor-version":[{"id":9126,"href":"https:\/\/www.elfuerte.cl\/web\/wp-json\/wp\/v2\/posts\/9117\/revisions\/9126"}],"wp:featuredmedia":[{"embeddable":true,"href":"https:\/\/www.elfuerte.cl\/web\/wp-json\/wp\/v2\/media\/9120"}],"wp:attachment":[{"href":"https:\/\/www.elfuerte.cl\/web\/wp-json\/wp\/v2\/media?parent=9117"}],"wp:term":[{"taxonomy":"category","embeddable":true,"href":"https:\/\/www.elfuerte.cl\/web\/wp-json\/wp\/v2\/categories?post=9117"},{"taxonomy":"post_tag","embeddable":true,"href":"https:\/\/www.elfuerte.cl\/web\/wp-json\/wp\/v2\/tags?post=9117"}],"curies":[{"name":"wp","href":"https:\/\/api.w.org\/{rel}","templated":true}]}}