{"id":9127,"date":"2026-09-01T13:22:22","date_gmt":"2026-09-01T17:22:22","guid":{"rendered":"https:\/\/www.elfuerte.cl\/web\/?p=9127"},"modified":"2026-09-01T13:25:34","modified_gmt":"2026-09-01T17:25:34","slug":"somos-tp-un-nuevo-horizonte-para-la-educacion-tecnico-profesional","status":"publish","type":"post","link":"https:\/\/www.elfuerte.cl\/web\/2026\/09\/01\/somos-tp-un-nuevo-horizonte-para-la-educacion-tecnico-profesional\/","title":{"rendered":"\u00abSomos TP\u00bb: un nuevo horizonte para la educaci\u00f3n t\u00e9cnico-profesional"},"content":{"rendered":"\t\t<div data-elementor-type=\"wp-post\" data-elementor-id=\"9127\" class=\"elementor elementor-9127\">\n\t\t\t\t\t\t<section class=\"elementor-section elementor-top-section elementor-element elementor-element-464cea7 elementor-section-boxed elementor-section-height-default elementor-section-height-default\" data-id=\"464cea7\" data-element_type=\"section\">\r\n\t\t\t\t\t\t<div class=\"elementor-container elementor-column-gap-thegem\"><div class=\"elementor-row\">\r\n\t\t\t\t\t<div class=\"elementor-column elementor-col-66 elementor-top-column elementor-element elementor-element-2f44c54\" data-id=\"2f44c54\" data-element_type=\"column\">\n\t\t\t<div class=\"elementor-widget-wrap elementor-element-populated\">\n\t\t\t\t\t\t<div class=\"elementor-element elementor-element-ab386a6 flex-horizontal-align-default flex-horizontal-align-tablet-default flex-horizontal-align-mobile-default flex-vertical-align-default flex-vertical-align-tablet-default flex-vertical-align-mobile-default elementor-widget elementor-widget-heading\" data-id=\"ab386a6\" data-element_type=\"widget\" data-widget_type=\"heading.default\">\n\t\t\t\t\t<div class=\"title-h1 elementor-heading-title elementor-size-default\">\"Somos TP\": un nuevo horizonte para la educaci\u00f3n t\u00e9cnico-profesional<\/div>\t\t\t\t<\/div>\n\t\t\t\t<div class=\"elementor-element elementor-element-8427bf3 elementor-widget__width-initial flex-horizontal-align-default flex-horizontal-align-tablet-default flex-horizontal-align-mobile-default flex-vertical-align-default flex-vertical-align-tablet-default flex-vertical-align-mobile-default elementor-widget elementor-widget-text-editor\" data-id=\"8427bf3\" data-element_type=\"widget\" data-widget_type=\"text-editor.default\">\n\t\t\t\t\t\t\t\t\t\t\t\t<div class=\"elementor-text-editor elementor-clearfix\">\r\n\t\t\t\t\t\t<p><strong>La Educaci\u00f3n Media T\u00e9cnico-Profesional (EMTP) es, en su esencia m\u00e1s pura, formaci\u00f3n en acci\u00f3n. Es el espacio donde miles de j\u00f3venes no solo adquieren conocimientos t\u00e9cnicos, sino que tambi\u00e9n forjan las habilidades, valores y capacidades que les permitir\u00e1n dise\u00f1ar con autonom\u00eda sus proyectos de vida.\u00a0<\/strong><\/p><p>Detr\u00e1s de este engranaje, existe una historia silenciosa pero potente de esfuerzo diario: el de las familias que conf\u00edan en esta formaci\u00f3n, el de los estudiantes que disponen su empe\u00f1o en las aulas y talleres, y el de los directivos y docentes que dedican sus vidas a formar a las futuras generaciones de t\u00e9cnicos.<\/p><p>Para seguir fortaleciendo la educaci\u00f3n TP en los 33 establecimientos TP de Los R\u00edos y sus 17 especialidades, nace el Plan \u00abSomos TP\u00bb (2026-2030), una pol\u00edtica que busca fortalecer el sistema formativo partiendo de una premisa fundamental: hoy ya existe educaci\u00f3n t\u00e9cnica de calidad, pero nuestro desaf\u00edo es reconocerla, conectarla e impulsarla. Entendiendo que la EMTP no es un camino r\u00edgido ni un destino excluyente, como lo se\u00f1al\u00e9 en la ceremonia del D\u00eda de la Educaci\u00f3n T\u00e9cnico Profesional en Los R\u00edos: el sendero es amplio, no es estrecho como se pensaba.\u00a0<\/p><p>Por ello, el Plan \u00abSomos TP\u00bb se plantea como un \u00abinstrumento vivo\u00bb y din\u00e1mico que no busca imponer un molde uniforme, sino adaptarse a las particularidades de cada comunidad. A trav\u00e9s de iniciativas clave como el fortalecimiento regional de la Red Futuro T\u00e9cnico y la modernizaci\u00f3n de especialidades cuyas bases curriculares no se han actualizado en 13 a\u00f1os. El Ministerio de Educaci\u00f3n reafirma su compromiso de acompa\u00f1ar a las comunidades escolares TP en su diversidad. Fortalecer la educaci\u00f3n t\u00e9cnico-profesional es, al fin y al cabo, un acto de justicia y valoraci\u00f3n hacia un sistema que sostiene el desarrollo diario de Chile. Hoy, con orgullo y convicci\u00f3n institucional, podemos decir con fuerza: Somos TP.<\/p><p><strong>Por Carlos Crot P\u00e9rez<\/strong><br \/><strong>SEREMI de Educaci\u00f3n, Regi\u00f3n de Los R\u00edos.<\/strong><\/p>\t\t\t\t\t\t\t<\/div>\r\n\t\t\t\t\t\t\t\t\t\t<\/div>\n\t\t\t\t<div class=\"elementor-element elementor-element-5ac3e4a flex-horizontal-align-default flex-horizontal-align-tablet-default flex-horizontal-align-mobile-default flex-vertical-align-default flex-vertical-align-tablet-default flex-vertical-align-mobile-default elementor-widget elementor-widget-thegem-styledimage\" data-id=\"5ac3e4a\" data-element_type=\"widget\" data-settings=\"{&quot;thegem_elementor_preset&quot;:&quot;style-2&quot;,&quot;image&quot;:{&quot;url&quot;:&quot;https:\\\/\\\/elfuerte.cl\\\/web\\\/wp-content\\\/uploads\\\/2025\\\/10\\\/bannerefdelsur.jpg&quot;,&quot;id&quot;:1540,&quot;size&quot;:&quot;&quot;,&quot;alt&quot;:&quot;&quot;,&quot;source&quot;:&quot;library&quot;},&quot;image_position&quot;:&quot;left&quot;}\" data-widget_type=\"thegem-styledimage.default\">\n\t\t\t\t<div class=\"elementor-widget-container\">\n\t\t\t\t\t\n<div class=\"styled-image-wrapper\">\n\t\t\t<div class=\"gem-image gem-wrapbox gem-wrapbox-style-2 gem-wrapbox-position-left lazy-loading \">\n\t\t\t<div class=\"gem-wrapbox-inner  lazy-loading-item\"  data-ll-effect=\"move-up\">\n\t\t\t\t\t\t\t\t<a href=\"#\">\n\t\t\t\t\t\t\t\t\t\t<img class=\"gem-wrapbox-element img-responsive \"\n\t\t\t\t\t\t src=\"https:\/\/www.elfuerte.cl\/web\/wp-content\/uploads\/2025\/10\/bannerefdelsur.jpg\"\n\t\t\t\t\t\t alt=\"bannerefdelsur\">\n\t\t\t\t\t\t\t\t\t\t\t\t\t\t<\/a>\n\t\t\t\t\t\t<\/div>\n\t\t<\/div>\n\t\t<\/div>\n\n\n\t\n\t\t\t\t\t\t<\/div>\n\t\t\t\t<\/div>\n\t\t\t\t\t<\/div>\n\t\t<\/div>\n\t\t\t\t<div class=\"elementor-column elementor-col-33 elementor-top-column elementor-element elementor-element-dfac7b7\" data-id=\"dfac7b7\" data-element_type=\"column\">\n\t\t\t<div class=\"elementor-widget-wrap elementor-element-populated\">\n\t\t\t\t\t\t<div class=\"elementor-element elementor-element-af7077d flex-horizontal-align-default flex-horizontal-align-tablet-default flex-horizontal-align-mobile-default flex-vertical-align-default flex-vertical-align-tablet-default flex-vertical-align-mobile-default elementor-widget elementor-widget-sidebar\" data-id=\"af7077d\" data-element_type=\"widget\" data-settings=\"{&quot;thegem_custom_css&quot;:&quot;.gem-pp-posts-image {\\r\\n    width: 72px;\\r\\n}\\r\\n.gem-pp-posts-image img {\\r\\n    border-radius: 50%;\\r\\n}\\r\\nselector h4 {\\r\\n    padding-top: 40px;\\r\\n}&quot;}\" data-widget_type=\"sidebar.default\">\n\t\t\t\t\t<aside id=\"media_image-3\" class=\"widget widget_media_image\"><img width=\"750\" height=\"750\" src=\"https:\/\/www.elfuerte.cl\/web\/wp-content\/uploads\/2025\/10\/bannerrojook.jpg\" class=\"image wp-image-1681  attachment-full size-full\" alt=\"\" style=\"max-width: 100%; height: auto;\" title=\"Banner\" srcset=\"https:\/\/www.elfuerte.cl\/web\/wp-content\/uploads\/2025\/10\/bannerrojook.jpg 750w, https:\/\/www.elfuerte.cl\/web\/wp-content\/uploads\/2025\/10\/bannerrojook-300x300.jpg 300w, https:\/\/www.elfuerte.cl\/web\/wp-content\/uploads\/2025\/10\/bannerrojook-150x150.jpg 150w, https:\/\/www.elfuerte.cl\/web\/wp-content\/uploads\/2025\/10\/bannerrojook-256x256.jpg 256w\" sizes=\"(max-width: 750px) 100vw, 750px\" \/><\/aside><aside id=\"categories-2\" class=\"widget widget_categories\"><h4 class=\"widget-title\">Secciones<\/h4>\n\t\t\t<ul>\n\t\t\t\t\t<li class=\"cat-item cat-item-21\"><a href=\"https:\/\/www.elfuerte.cl\/web\/category\/actualidad\/\" title=\"View all posts filed under Actualidad\">Actualidad<\/a>\n<\/li>\n\t<li class=\"cat-item cat-item-100\"><a href=\"https:\/\/www.elfuerte.cl\/web\/category\/destacados\/\" title=\"View all posts filed under Destacados\">Destacados<\/a>\n<\/li>\n\t<li class=\"cat-item cat-item-101\"><a href=\"https:\/\/www.elfuerte.cl\/web\/category\/region-ludica\/\" title=\"View all posts filed under Regi\u00f3n L\u00fadica\">Regi\u00f3n L\u00fadica<\/a>\n<\/li>\n\t<li class=\"cat-item cat-item-157\"><a href=\"https:\/\/www.elfuerte.cl\/web\/category\/sala-de-redaccion\/\" title=\"View all posts filed under Sala de Redacci\u00f3n\">Sala de Redacci\u00f3n<\/a>\n<\/li>\n\t\t\t<\/ul>\n\n\t\t\t<\/aside><aside id=\"custom_popular_posts-2\" class=\"widget Custom_Popular_Posts\"><h4 class=\"widget-title\">Populares<\/h4><ul class=\"posts  styled\"><li class=\"clearfix gem-pp-posts\"><div class=\"gem-pp-posts-image\"><a href=\"https:\/\/www.elfuerte.cl\/web\/2025\/09\/05\/conce-pago-su-deuda-con-pepo\/\"><img src=\"https:\/\/www.elfuerte.cl\/web\/wp-content\/uploads\/2025\/09\/rl0003-thegem-post-thumb-large.jpg\" srcset=\"https:\/\/www.elfuerte.cl\/web\/wp-content\/uploads\/2025\/09\/rl0003-thegem-post-thumb-small.jpg 1x, https:\/\/www.elfuerte.cl\/web\/wp-content\/uploads\/2025\/09\/rl0003-thegem-post-thumb-large.jpg 2x\" alt=\"\"\/><\/a><\/div><div class=\"gem-pp-posts-text\"> <div class=\"gem-pp-posts-item\"><a href=\"https:\/\/www.elfuerte.cl\/web\/2025\/09\/05\/conce-pago-su-deuda-con-pepo\/\">Conce pag\u00f3 su deuda con \u201cPepo\u201d<\/a><\/div><div class=\"gem-pp-posts-date\">05\/09\/2025<\/div><\/div><\/li><li class=\"clearfix gem-pp-posts\"><div class=\"gem-pp-posts-image\"><a href=\"https:\/\/www.elfuerte.cl\/web\/2025\/09\/10\/educacion-en-chile-desafios-y-oportunidades\/\"><img src=\"https:\/\/www.elfuerte.cl\/web\/wp-content\/uploads\/2025\/09\/sr002-thegem-post-thumb-large.jpg\" srcset=\"https:\/\/www.elfuerte.cl\/web\/wp-content\/uploads\/2025\/09\/sr002-thegem-post-thumb-small.jpg 1x, https:\/\/www.elfuerte.cl\/web\/wp-content\/uploads\/2025\/09\/sr002-thegem-post-thumb-large.jpg 2x\" alt=\"\"\/><\/a><\/div><div class=\"gem-pp-posts-text\"> <div class=\"gem-pp-posts-item\"><a href=\"https:\/\/www.elfuerte.cl\/web\/2025\/09\/10\/educacion-en-chile-desafios-y-oportunidades\/\">Educaci\u00f3n en Chile: desaf\u00edos y oportunidades<\/a><\/div><div class=\"gem-pp-posts-date\">10\/09\/2025<\/div><\/div><\/li><li class=\"clearfix gem-pp-posts\"><div class=\"gem-pp-posts-image\"><a href=\"https:\/\/www.elfuerte.cl\/web\/2026\/09\/01\/somos-tp-un-nuevo-horizonte-para-la-educacion-tecnico-profesional\/\"><img src=\"https:\/\/www.elfuerte.cl\/web\/wp-content\/uploads\/2026\/09\/banner1-9-3.jpg\" srcset=\"https:\/\/www.elfuerte.cl\/web\/wp-content\/uploads\/2026\/09\/banner1-9-3.jpg 1x, https:\/\/www.elfuerte.cl\/web\/wp-content\/uploads\/2026\/09\/banner1-9-3.jpg 2x\" alt=\"\"\/><\/a><\/div><div class=\"gem-pp-posts-text\"> <div class=\"gem-pp-posts-item\"><a href=\"https:\/\/www.elfuerte.cl\/web\/2026\/09\/01\/somos-tp-un-nuevo-horizonte-para-la-educacion-tecnico-profesional\/\">\"Somos TP\": un nuevo horizonte para la educaci\u00f3n t\u00e9cnico-profesional<\/a><\/div><div class=\"gem-pp-posts-date\">01\/09\/2026<\/div><\/div><\/li><li class=\"clearfix gem-pp-posts\"><div class=\"gem-pp-posts-image\"><a href=\"https:\/\/www.elfuerte.cl\/web\/2025\/09\/05\/la-derrota-que-dejo-al-gobierno-sin-brujula\/\"><img src=\"https:\/\/www.elfuerte.cl\/web\/wp-content\/uploads\/2025\/09\/actualidad004-thegem-post-thumb-large.jpg\" srcset=\"https:\/\/www.elfuerte.cl\/web\/wp-content\/uploads\/2025\/09\/actualidad004-thegem-post-thumb-small.jpg 1x, https:\/\/www.elfuerte.cl\/web\/wp-content\/uploads\/2025\/09\/actualidad004-thegem-post-thumb-large.jpg 2x\" alt=\"\"\/><\/a><\/div><div class=\"gem-pp-posts-text\"> <div class=\"gem-pp-posts-item\"><a href=\"https:\/\/www.elfuerte.cl\/web\/2025\/09\/05\/la-derrota-que-dejo-al-gobierno-sin-brujula\/\">La derrota que dej\u00f3 al gobierno sin br\u00fajula<\/a><\/div><div class=\"gem-pp-posts-date\">05\/09\/2025<\/div><\/div><\/li><\/ul><\/aside>\t\t\t\t<\/div>\n\t\t\t\t\t<\/div>\n\t\t<\/div>\n\t\t\t\t\t<\/div><\/div>\r\n\t\t<\/section>\r\n\t\t\t\t<\/div>\n\t\t","protected":false},"excerpt":{"rendered":"<p>Por Carlos Crot P\u00e9rez. SEREMI de Educaci\u00f3n, Regi\u00f3n de Los R\u00edos. La Educaci\u00f3n Media T\u00e9cnico-Profesional (EMTP) es, en su esencia m\u00e1s pura, formaci\u00f3n en acci\u00f3n. Es el espacio donde miles de j\u00f3venes no solo adquieren conocimientos t\u00e9cnicos, sino que tambi\u00e9n forjan las habilidades, valores y capacidades que les permitir\u00e1n dise\u00f1ar con autonom\u00eda sus proyectos de vida.\u00a0<\/p>\n","protected":false},"author":1,"featured_media":9129,"comment_status":"closed","ping_status":"closed","sticky":false,"template":"single-fullwidth.php","format":"standard","meta":{"footnotes":""},"categories":[100,157],"tags":[409,728,343],"class_list":{"0":"post-9127","1":"post","2":"type-post","3":"status-publish","4":"format-standard","5":"has-post-thumbnail","7":"category-destacados","8":"category-sala-de-redaccion","9":"tag-educacion","10":"tag-formacion","11":"tag-opinion"},"menu_order":1,"_links":{"self":[{"href":"https:\/\/www.elfuerte.cl\/web\/wp-json\/wp\/v2\/posts\/9127","targetHints":{"allow":["GET"]}}],"collection":[{"href":"https:\/\/www.elfuerte.cl\/web\/wp-json\/wp\/v2\/posts"}],"about":[{"href":"https:\/\/www.elfuerte.cl\/web\/wp-json\/wp\/v2\/types\/post"}],"author":[{"embeddable":true,"href":"https:\/\/www.elfuerte.cl\/web\/wp-json\/wp\/v2\/users\/1"}],"replies":[{"embeddable":true,"href":"https:\/\/www.elfuerte.cl\/web\/wp-json\/wp\/v2\/comments?post=9127"}],"version-history":[{"count":7,"href":"https:\/\/www.elfuerte.cl\/web\/wp-json\/wp\/v2\/posts\/9127\/revisions"}],"predecessor-version":[{"id":9135,"href":"https:\/\/www.elfuerte.cl\/web\/wp-json\/wp\/v2\/posts\/9127\/revisions\/9135"}],"wp:featuredmedia":[{"embeddable":true,"href":"https:\/\/www.elfuerte.cl\/web\/wp-json\/wp\/v2\/media\/9129"}],"wp:attachment":[{"href":"https:\/\/www.elfuerte.cl\/web\/wp-json\/wp\/v2\/media?parent=9127"}],"wp:term":[{"taxonomy":"category","embeddable":true,"href":"https:\/\/www.elfuerte.cl\/web\/wp-json\/wp\/v2\/categories?post=9127"},{"taxonomy":"post_tag","embeddable":true,"href":"https:\/\/www.elfuerte.cl\/web\/wp-json\/wp\/v2\/tags?post=9127"}],"curies":[{"name":"wp","href":"https:\/\/api.w.org\/{rel}","templated":true}]}}