{"id":9136,"date":"2026-09-02T13:21:22","date_gmt":"2026-09-02T17:21:22","guid":{"rendered":"https:\/\/www.elfuerte.cl\/web\/?p=9136"},"modified":"2026-09-02T13:28:24","modified_gmt":"2026-09-02T17:28:24","slug":"ley-de-60-minutos-de-actividad-fisica-prepara-su-llegada-a-las-aulas-con-respaldo-cientifico-y-foco-en-los-aprendizajes","status":"publish","type":"post","link":"https:\/\/www.elfuerte.cl\/web\/2026\/09\/02\/ley-de-60-minutos-de-actividad-fisica-prepara-su-llegada-a-las-aulas-con-respaldo-cientifico-y-foco-en-los-aprendizajes\/","title":{"rendered":"Ley de 60 minutos de actividad f\u00edsica prepara su llegada a las aulas con respaldo cient\u00edfico y foco en los aprendizajes"},"content":{"rendered":"\t\t<div data-elementor-type=\"wp-post\" data-elementor-id=\"9136\" class=\"elementor elementor-9136\">\n\t\t\t\t\t\t<section class=\"elementor-section elementor-top-section elementor-element elementor-element-464cea7 elementor-section-boxed elementor-section-height-default elementor-section-height-default\" data-id=\"464cea7\" data-element_type=\"section\">\r\n\t\t\t\t\t\t<div class=\"elementor-container elementor-column-gap-thegem\"><div class=\"elementor-row\">\r\n\t\t\t\t\t<div class=\"elementor-column elementor-col-66 elementor-top-column elementor-element elementor-element-2f44c54\" data-id=\"2f44c54\" data-element_type=\"column\">\n\t\t\t<div class=\"elementor-widget-wrap elementor-element-populated\">\n\t\t\t\t\t\t<div class=\"elementor-element elementor-element-ab386a6 flex-horizontal-align-default flex-horizontal-align-tablet-default flex-horizontal-align-mobile-default flex-vertical-align-default flex-vertical-align-tablet-default flex-vertical-align-mobile-default elementor-widget elementor-widget-heading\" data-id=\"ab386a6\" data-element_type=\"widget\" data-widget_type=\"heading.default\">\n\t\t\t\t\t<div class=\"title-h1 elementor-heading-title elementor-size-default\">Ley de 60 minutos de actividad f\u00edsica prepara su llegada a \nlas aulas con respaldo cient\u00edfico y foco en los aprendizajes<\/div>\t\t\t\t<\/div>\n\t\t\t\t<div class=\"elementor-element elementor-element-8427bf3 elementor-widget__width-initial flex-horizontal-align-default flex-horizontal-align-tablet-default flex-horizontal-align-mobile-default flex-vertical-align-default flex-vertical-align-tablet-default flex-vertical-align-mobile-default elementor-widget elementor-widget-text-editor\" data-id=\"8427bf3\" data-element_type=\"widget\" data-widget_type=\"text-editor.default\">\n\t\t\t\t\t\t\t\t\t\t\t\t<div class=\"elementor-text-editor elementor-clearfix\">\r\n\t\t\t\t\t\t<p><strong>El seminario provincial desarrollado en Valdivia abord\u00f3 la implementaci\u00f3n de la Ley N.\u00ba 21.778, normativa que busca incorporar al menos 60 minutos diarios de actividad f\u00edsica, juego activo o deporte durante la jornada educativa. La medida responde a los altos niveles de sedentarismo entre ni\u00f1os y adolescentes y a evidencia que vincula el movimiento con beneficios cognitivos, socioemocionales y pedag\u00f3gicos.<\/strong><\/p><p><strong>VALDIVIA.\u2013 <\/strong>Con un desaf\u00edo que trasciende el \u00e1mbito estrictamente deportivo y se instala directamente en la discusi\u00f3n sobre c\u00f3mo mejorar el bienestar y los procesos de aprendizaje de los estudiantes, se desarroll\u00f3 en la Escuela M\u00e9xico de Valdivia el seminario provincial \u201cImplementaci\u00f3n Estrat\u00e9gica y Situada de la Ley de 60 minutos de Actividad F\u00edsica, Deportes y Pr\u00e1cticas L\u00fadicas. Una mirada y propuesta desde la Regi\u00f3n de Los R\u00edos\u201d. La jornada fue encabezada por\u00a0autoridades regionales y de educaci\u00f3n, y reuni\u00f3 a equipos de gesti\u00f3n, docentes, profesionales y representantes de instituciones y comunidades educativas.<\/p><p>La instancia permiti\u00f3 analizar los alcances de la Ley N.\u00ba 21.778, que establece la promoci\u00f3n de al menos 60 minutos diarios de actividad f\u00edsica durante la jornada educativa, desde educaci\u00f3n parvularia hasta ense\u00f1anza media. Un aspecto relevante es que la normativa no crea una nueva asignatura ni reemplaza las clases de Educaci\u00f3n F\u00edsica y Salud, sino que busca ampliar las oportunidades de movimiento mediante acciones curriculares, recreativas y extracurriculares distribuidas a lo largo del d\u00eda.<\/p><p><strong>Una respuesta frente al sedentarismo<\/strong><\/p><p>Uno de los principales fundamentos de la normativa est\u00e1 en la evidencia acumulada respecto de los altos niveles de inactividad f\u00edsica entre ni\u00f1os y adolescentes. Las orientaciones t\u00e9cnicas utilizadas para preparar su implementaci\u00f3n se\u00f1alan que el 81% de los adolescentes de entre 11 y 17 a\u00f1os en el mundo no alcanza los niveles m\u00ednimos recomendados de actividad f\u00edsica.<\/p><p>La situaci\u00f3n nacional resulta incluso m\u00e1s preocupante: m\u00e1s del 84% de los escolares chilenos no cumple las recomendaciones m\u00ednimas de movimiento. A ello se agrega un escenario general de salud en que cerca de tres de cada cuatro adultos en Chile presentan sobrepeso u obesidad, de acuerdo con antecedentes de la OCDE recogidos en las orientaciones ministeriales.<\/p><p>Pero el fundamento de incorporar mayor movimiento a la jornada escolar no se limita a prevenir obesidad o enfermedades cardiovasculares. La evidencia abordada durante el proceso de preparaci\u00f3n de la ley vincula la actividad f\u00edsica con efectos positivos sobre las funciones ejecutivas, el rendimiento acad\u00e9mico, la motivaci\u00f3n, la participaci\u00f3n y la autorregulaci\u00f3n, adem\u00e1s de beneficios para la autoestima, cooperaci\u00f3n y clima escolar.<\/p><p>De esta manera, el movimiento comienza a ser entendido tambi\u00e9n como una herramienta pedag\u00f3gica capaz de contribuir al aprendizaje, superando la tradicional separaci\u00f3n entre actividad f\u00edsica y trabajo acad\u00e9mico.<\/p><p><strong>Movimiento incorporado a la jornada escolar<\/strong><\/p><p>La implementaci\u00f3n tampoco significa agregar autom\u00e1ticamente una nueva hora pedag\u00f3gica. Los 60 minutos pueden acumularse en diferentes momentos del d\u00eda, incorporando movimiento al comienzo de la jornada, entre clases, durante una asignatura, en los recreos, salidas pedag\u00f3gicas, actividades al aire libre, talleres o espacios extracurriculares.<\/p><p>Esto supone un cambio importante en la organizaci\u00f3n de los establecimientos. La responsabilidad no recae exclusivamente en los profesores de Educaci\u00f3n F\u00edsica, sino que compromete a equipos directivos, docentes de distintas asignaturas, asistentes de la educaci\u00f3n, profesionales de apoyo, estudiantes, familias y sostenedores.<\/p><p>El desaf\u00edo, por tanto, ser\u00e1 que cada comunidad educativa encuentre una f\u00f3rmula adecuada a sus horarios, infraestructura, recursos, caracter\u00edsticas de sus estudiantes y realidad territorial, evitando transformar la normativa simplemente en el cumplimiento administrativo de una cantidad determinada de minutos.<\/p><p><strong>Ciencia, pedagog\u00eda e inclusi\u00f3n<\/strong><\/p><p>El seminario desarrollado en Valdivia busc\u00f3 precisamente entregar herramientas para ese proceso. Entre sus exposiciones estuvo \u201cAspectos jur\u00eddicos y reglamentarios de la Ley 21.778\u201d, presentada por Salom\u00e9 Rojas Coronado, coordinadora regional de Actividad F\u00edsica Escolar y Salud de la Seremi de Educaci\u00f3n de Los R\u00edos.<\/p><p>Uno de los ejes centrales estuvo a cargo de Jorge Fl\u00e1ndez Valderrama, doctor en Ciencias de la Actividad F\u00edsica y el Deporte y vicepresidente de la Asociaci\u00f3n Chilena de Profesores de Educaci\u00f3n F\u00edsica, quien abord\u00f3 las evidencias cient\u00edficas, la gesti\u00f3n curricular y las implicancias pedag\u00f3gicas, deportivas, socioemocionales y sanitarias de la nueva normativa.<\/p><p>La dimensi\u00f3n inclusiva fue desarrollada por Pamela Tejeda Cerda, doctora en Educaci\u00f3n y mag\u00edster en Discapacidad e Inclusi\u00f3n Social, mientras que la jornada incorpor\u00f3 adem\u00e1s las voces de estudiantes y apoderados y experiencias pr\u00e1cticas para llevar estas orientaciones a la realidad cotidiana de los establecimientos.<\/p><p><strong>Implementaci\u00f3n gradual<\/strong><\/p><p>La puesta en marcha ser\u00e1 progresiva. Durante 2026 corresponde desarrollar la preparaci\u00f3n institucional, incluyendo sensibilizaci\u00f3n, diagn\u00f3stico, planificaci\u00f3n y capacitaci\u00f3n de los equipos. Seg\u00fan las orientaciones ministeriales, en 2027 comenzar\u00e1 la primera etapa para educaci\u00f3n parvularia y estudiantes de 1.\u00ba a 4.\u00ba b\u00e1sico, mientras que en 2028 se incorporar\u00e1n los niveles desde 5.\u00ba b\u00e1sico hasta IV medio.<\/p><p>El desaf\u00edo que deja planteado la Ley N.\u00ba 21.778 es, en consecuencia, m\u00e1s profundo que sumar actividad deportiva al horario. Implica avanzar hacia una cultura escolar donde el movimiento sea entendido como parte del bienestar, la convivencia y tambi\u00e9n del aprendizaje, incorpor\u00e1ndolo de manera cotidiana, planificada, inclusiva y pertinente a la realidad de cada comunidad educativa.<\/p><p><strong>Redacci\u00f3n El Fuerte Noticias<\/strong><\/p><p><strong>Fotos, Prensa Seremi de Educaci\u00f3n<\/strong><\/p>\t\t\t\t\t\t\t<\/div>\r\n\t\t\t\t\t\t\t\t\t\t<\/div>\n\t\t\t\t<div class=\"elementor-element elementor-element-5ac3e4a flex-horizontal-align-default flex-horizontal-align-tablet-default flex-horizontal-align-mobile-default flex-vertical-align-default flex-vertical-align-tablet-default flex-vertical-align-mobile-default elementor-widget elementor-widget-thegem-styledimage\" data-id=\"5ac3e4a\" data-element_type=\"widget\" data-settings=\"{&quot;thegem_elementor_preset&quot;:&quot;style-2&quot;,&quot;image&quot;:{&quot;url&quot;:&quot;https:\\\/\\\/elfuerte.cl\\\/web\\\/wp-content\\\/uploads\\\/2025\\\/10\\\/bannerefdelsur.jpg&quot;,&quot;id&quot;:1540,&quot;size&quot;:&quot;&quot;,&quot;alt&quot;:&quot;&quot;,&quot;source&quot;:&quot;library&quot;},&quot;image_position&quot;:&quot;left&quot;}\" data-widget_type=\"thegem-styledimage.default\">\n\t\t\t\t<div class=\"elementor-widget-container\">\n\t\t\t\t\t\n<div class=\"styled-image-wrapper\">\n\t\t\t<div class=\"gem-image gem-wrapbox gem-wrapbox-style-2 gem-wrapbox-position-left lazy-loading \">\n\t\t\t<div class=\"gem-wrapbox-inner  lazy-loading-item\"  data-ll-effect=\"move-up\">\n\t\t\t\t\t\t\t\t<a href=\"#\">\n\t\t\t\t\t\t\t\t\t\t<img class=\"gem-wrapbox-element img-responsive \"\n\t\t\t\t\t\t src=\"https:\/\/www.elfuerte.cl\/web\/wp-content\/uploads\/2025\/10\/bannerefdelsur.jpg\"\n\t\t\t\t\t\t alt=\"bannerefdelsur\">\n\t\t\t\t\t\t\t\t\t\t\t\t\t\t<\/a>\n\t\t\t\t\t\t<\/div>\n\t\t<\/div>\n\t\t<\/div>\n\n\n\t\n\t\t\t\t\t\t<\/div>\n\t\t\t\t<\/div>\n\t\t\t\t\t<\/div>\n\t\t<\/div>\n\t\t\t\t<div class=\"elementor-column elementor-col-33 elementor-top-column elementor-element elementor-element-dfac7b7\" data-id=\"dfac7b7\" data-element_type=\"column\">\n\t\t\t<div class=\"elementor-widget-wrap elementor-element-populated\">\n\t\t\t\t\t\t<div class=\"elementor-element elementor-element-af7077d flex-horizontal-align-default flex-horizontal-align-tablet-default flex-horizontal-align-mobile-default flex-vertical-align-default flex-vertical-align-tablet-default flex-vertical-align-mobile-default elementor-widget elementor-widget-sidebar\" data-id=\"af7077d\" data-element_type=\"widget\" data-settings=\"{&quot;thegem_custom_css&quot;:&quot;.gem-pp-posts-image {\\r\\n    width: 72px;\\r\\n}\\r\\n.gem-pp-posts-image img {\\r\\n    border-radius: 50%;\\r\\n}\\r\\nselector h4 {\\r\\n    padding-top: 40px;\\r\\n}&quot;}\" data-widget_type=\"sidebar.default\">\n\t\t\t\t\t<aside id=\"media_image-3\" class=\"widget widget_media_image\"><img width=\"750\" height=\"750\" src=\"https:\/\/www.elfuerte.cl\/web\/wp-content\/uploads\/2025\/10\/bannerrojook.jpg\" class=\"image wp-image-1681  attachment-full size-full\" alt=\"\" style=\"max-width: 100%; height: auto;\" title=\"Banner\" srcset=\"https:\/\/www.elfuerte.cl\/web\/wp-content\/uploads\/2025\/10\/bannerrojook.jpg 750w, https:\/\/www.elfuerte.cl\/web\/wp-content\/uploads\/2025\/10\/bannerrojook-300x300.jpg 300w, https:\/\/www.elfuerte.cl\/web\/wp-content\/uploads\/2025\/10\/bannerrojook-150x150.jpg 150w, https:\/\/www.elfuerte.cl\/web\/wp-content\/uploads\/2025\/10\/bannerrojook-256x256.jpg 256w\" sizes=\"(max-width: 750px) 100vw, 750px\" \/><\/aside><aside id=\"categories-2\" class=\"widget widget_categories\"><h4 class=\"widget-title\">Secciones<\/h4>\n\t\t\t<ul>\n\t\t\t\t\t<li class=\"cat-item cat-item-21\"><a href=\"https:\/\/www.elfuerte.cl\/web\/category\/actualidad\/\" title=\"View all posts filed under Actualidad\">Actualidad<\/a>\n<\/li>\n\t<li class=\"cat-item cat-item-100\"><a href=\"https:\/\/www.elfuerte.cl\/web\/category\/destacados\/\" title=\"View all posts filed under Destacados\">Destacados<\/a>\n<\/li>\n\t<li class=\"cat-item cat-item-101\"><a href=\"https:\/\/www.elfuerte.cl\/web\/category\/region-ludica\/\" title=\"View all posts filed under Regi\u00f3n L\u00fadica\">Regi\u00f3n L\u00fadica<\/a>\n<\/li>\n\t<li class=\"cat-item cat-item-157\"><a href=\"https:\/\/www.elfuerte.cl\/web\/category\/sala-de-redaccion\/\" title=\"View all posts filed under Sala de Redacci\u00f3n\">Sala de Redacci\u00f3n<\/a>\n<\/li>\n\t\t\t<\/ul>\n\n\t\t\t<\/aside><aside id=\"custom_popular_posts-2\" class=\"widget Custom_Popular_Posts\"><h4 class=\"widget-title\">Populares<\/h4><ul class=\"posts  styled\"><li class=\"clearfix gem-pp-posts\"><div class=\"gem-pp-posts-image\"><a href=\"https:\/\/www.elfuerte.cl\/web\/2025\/09\/05\/conce-pago-su-deuda-con-pepo\/\"><img src=\"https:\/\/www.elfuerte.cl\/web\/wp-content\/uploads\/2025\/09\/rl0003-thegem-post-thumb-large.jpg\" srcset=\"https:\/\/www.elfuerte.cl\/web\/wp-content\/uploads\/2025\/09\/rl0003-thegem-post-thumb-small.jpg 1x, https:\/\/www.elfuerte.cl\/web\/wp-content\/uploads\/2025\/09\/rl0003-thegem-post-thumb-large.jpg 2x\" alt=\"\"\/><\/a><\/div><div class=\"gem-pp-posts-text\"> <div class=\"gem-pp-posts-item\"><a href=\"https:\/\/www.elfuerte.cl\/web\/2025\/09\/05\/conce-pago-su-deuda-con-pepo\/\">Conce pag\u00f3 su deuda con \u201cPepo\u201d<\/a><\/div><div class=\"gem-pp-posts-date\">05\/09\/2025<\/div><\/div><\/li><li class=\"clearfix gem-pp-posts\"><div class=\"gem-pp-posts-image\"><a href=\"https:\/\/www.elfuerte.cl\/web\/2025\/09\/10\/educacion-en-chile-desafios-y-oportunidades\/\"><img src=\"https:\/\/www.elfuerte.cl\/web\/wp-content\/uploads\/2025\/09\/sr002-thegem-post-thumb-large.jpg\" srcset=\"https:\/\/www.elfuerte.cl\/web\/wp-content\/uploads\/2025\/09\/sr002-thegem-post-thumb-small.jpg 1x, https:\/\/www.elfuerte.cl\/web\/wp-content\/uploads\/2025\/09\/sr002-thegem-post-thumb-large.jpg 2x\" alt=\"\"\/><\/a><\/div><div class=\"gem-pp-posts-text\"> <div class=\"gem-pp-posts-item\"><a href=\"https:\/\/www.elfuerte.cl\/web\/2025\/09\/10\/educacion-en-chile-desafios-y-oportunidades\/\">Educaci\u00f3n en Chile: desaf\u00edos y oportunidades<\/a><\/div><div class=\"gem-pp-posts-date\">10\/09\/2025<\/div><\/div><\/li><li class=\"clearfix gem-pp-posts\"><div class=\"gem-pp-posts-image\"><a href=\"https:\/\/www.elfuerte.cl\/web\/2025\/09\/05\/la-derrota-que-dejo-al-gobierno-sin-brujula\/\"><img src=\"https:\/\/www.elfuerte.cl\/web\/wp-content\/uploads\/2025\/09\/actualidad004-thegem-post-thumb-large.jpg\" srcset=\"https:\/\/www.elfuerte.cl\/web\/wp-content\/uploads\/2025\/09\/actualidad004-thegem-post-thumb-small.jpg 1x, https:\/\/www.elfuerte.cl\/web\/wp-content\/uploads\/2025\/09\/actualidad004-thegem-post-thumb-large.jpg 2x\" alt=\"\"\/><\/a><\/div><div class=\"gem-pp-posts-text\"> <div class=\"gem-pp-posts-item\"><a href=\"https:\/\/www.elfuerte.cl\/web\/2025\/09\/05\/la-derrota-que-dejo-al-gobierno-sin-brujula\/\">La derrota que dej\u00f3 al gobierno sin br\u00fajula<\/a><\/div><div class=\"gem-pp-posts-date\">05\/09\/2025<\/div><\/div><\/li><li class=\"clearfix gem-pp-posts\"><div class=\"gem-pp-posts-image\"><a href=\"https:\/\/www.elfuerte.cl\/web\/2026\/09\/02\/decathlon-con-la-mirada-puesta-en-el-sur-del-pais-a-la-inauguracion-de-la-tienda-en-osorno-se-suma-valdivia-y-temuco\/\"><img src=\"https:\/\/www.elfuerte.cl\/web\/wp-content\/uploads\/2026\/09\/banner2-9-1.jpg\" srcset=\"https:\/\/www.elfuerte.cl\/web\/wp-content\/uploads\/2026\/09\/banner2-9-1.jpg 1x, https:\/\/www.elfuerte.cl\/web\/wp-content\/uploads\/2026\/09\/banner2-9-1.jpg 2x\" alt=\"\"\/><\/a><\/div><div class=\"gem-pp-posts-text\"> <div class=\"gem-pp-posts-item\"><a href=\"https:\/\/www.elfuerte.cl\/web\/2026\/09\/02\/decathlon-con-la-mirada-puesta-en-el-sur-del-pais-a-la-inauguracion-de-la-tienda-en-osorno-se-suma-valdivia-y-temuco\/\">Decathlon con la mirada puesta en el sur del pa\u00eds: a la inauguraci\u00f3n de la tienda en Osorno se suma Valdivia y Temuco<\/a><\/div><div class=\"gem-pp-posts-date\">02\/09\/2026<\/div><\/div><\/li><\/ul><\/aside>\t\t\t\t<\/div>\n\t\t\t\t\t<\/div>\n\t\t<\/div>\n\t\t\t\t\t<\/div><\/div>\r\n\t\t<\/section>\r\n\t\t<div class=\"elementor-element elementor-element-c012b5a thegem-e-con-layout-thegem e-flex e-con-boxed e-con e-parent\" data-id=\"c012b5a\" data-element_type=\"container\" data-settings=\"{&quot;thegem_container_layout&quot;:&quot;thegem&quot;}\">\r\n\t\t\t\t\t<div class=\"e-con-inner\">\r\n\t\t\t\t<div class=\"elementor-element elementor-element-cf43844 elementor-arrows-position-inside elementor-pagination-position-outside flex-horizontal-align-default flex-horizontal-align-tablet-default flex-horizontal-align-mobile-default flex-vertical-align-default flex-vertical-align-tablet-default flex-vertical-align-mobile-default elementor-widget elementor-widget-image-carousel\" data-id=\"cf43844\" data-element_type=\"widget\" data-settings=\"{&quot;slides_to_show&quot;:&quot;1&quot;,&quot;navigation&quot;:&quot;both&quot;,&quot;autoplay&quot;:&quot;yes&quot;,&quot;pause_on_hover&quot;:&quot;yes&quot;,&quot;pause_on_interaction&quot;:&quot;yes&quot;,&quot;autoplay_speed&quot;:5000,&quot;infinite&quot;:&quot;yes&quot;,&quot;effect&quot;:&quot;slide&quot;,&quot;speed&quot;:500}\" data-widget_type=\"image-carousel.default\">\n\t\t\t\t\t\t\t<div class=\"elementor-image-carousel-wrapper swiper\" role=\"region\" aria-roledescription=\"carousel\" aria-label=\"Carrusel de im\u00e1genes\" dir=\"ltr\">\n\t\t\t<div class=\"elementor-image-carousel swiper-wrapper\" aria-live=\"off\">\n\t\t\t\t\t\t\t\t<div class=\"swiper-slide\" role=\"group\" aria-roledescription=\"slide\" aria-label=\"1 de 3\"><figure class=\"swiper-slide-inner\"><img class=\"swiper-slide-image\" src=\"https:\/\/www.elfuerte.cl\/web\/wp-content\/uploads\/2026\/09\/22eda44c-e6f0-46f0-9c20-38a03739c98a.jpg\" alt=\"22eda44c-e6f0-46f0-9c20-38a03739c98a\" \/><\/figure><\/div><div class=\"swiper-slide\" role=\"group\" aria-roledescription=\"slide\" aria-label=\"2 de 3\"><figure class=\"swiper-slide-inner\"><img class=\"swiper-slide-image\" src=\"https:\/\/www.elfuerte.cl\/web\/wp-content\/uploads\/2026\/09\/b4970b58-ff8b-4021-8e58-b865697aad7c.jpg\" alt=\"b4970b58-ff8b-4021-8e58-b865697aad7c\" \/><\/figure><\/div><div class=\"swiper-slide\" role=\"group\" aria-roledescription=\"slide\" aria-label=\"3 de 3\"><figure class=\"swiper-slide-inner\"><img class=\"swiper-slide-image\" src=\"https:\/\/www.elfuerte.cl\/web\/wp-content\/uploads\/2026\/09\/be7ec12d-cdd9-4b30-aa15-f817ef4d4ac6.jpg\" alt=\"be7ec12d-cdd9-4b30-aa15-f817ef4d4ac6\" \/><\/figure><\/div>\t\t\t<\/div>\n\t\t\t\t\t\t\t\t\t\t\t\t<div class=\"elementor-swiper-button elementor-swiper-button-prev\" role=\"button\" tabindex=\"0\">\n\t\t\t\t\t\t<svg aria-hidden=\"true\" class=\"e-font-icon-svg e-eicon-chevron-left\" viewBox=\"0 0 1000 1000\" xmlns=\"http:\/\/www.w3.org\/2000\/svg\"><path d=\"M646 125C629 125 613 133 604 142L308 442C296 454 292 471 292 487 292 504 296 521 308 533L604 854C617 867 629 875 646 875 663 875 679 871 692 858 704 846 713 829 713 812 713 796 708 779 692 767L438 487 692 225C700 217 708 204 708 187 708 171 704 154 692 142 675 129 663 125 646 125Z\"><\/path><\/svg>\t\t\t\t\t<\/div>\n\t\t\t\t\t<div class=\"elementor-swiper-button elementor-swiper-button-next\" role=\"button\" tabindex=\"0\">\n\t\t\t\t\t\t<svg aria-hidden=\"true\" class=\"e-font-icon-svg e-eicon-chevron-right\" viewBox=\"0 0 1000 1000\" xmlns=\"http:\/\/www.w3.org\/2000\/svg\"><path d=\"M696 533C708 521 713 504 713 487 713 471 708 454 696 446L400 146C388 133 375 125 354 125 338 125 325 129 313 142 300 154 292 171 292 187 292 204 296 221 308 233L563 492 304 771C292 783 288 800 288 817 288 833 296 850 308 863 321 871 338 875 354 875 371 875 388 867 400 854L696 533Z\"><\/path><\/svg>\t\t\t\t\t<\/div>\n\t\t\t\t\n\t\t\t\t\t\t\t\t\t<div class=\"swiper-pagination\"><\/div>\n\t\t\t\t\t\t\t\t\t<\/div>\n\t\t\t\t\t\t<\/div>\n\t\t\t\t\t<\/div>\n\t\t\t\t<\/div>\n\t\t\t\t<\/div>\n\t\t","protected":false},"excerpt":{"rendered":"<p>El seminario provincial desarrollado en Valdivia abord\u00f3 la implementaci\u00f3n de la Ley N.\u00ba 21.778, normativa que busca incorporar al menos 60 minutos diarios de actividad f\u00edsica, juego activo o deporte durante la jornada educativa. La medida responde a los altos niveles de sedentarismo entre ni\u00f1os y adolescentes y a evidencia que vincula el movimiento con beneficios cognitivos, socioemocionales y pedag\u00f3gicos.<\/p>\n","protected":false},"author":1,"featured_media":9138,"comment_status":"closed","ping_status":"closed","sticky":false,"template":"single-fullwidth.php","format":"standard","meta":{"footnotes":""},"categories":[21,100],"tags":[1284,1285,1286,409],"class_list":{"0":"post-9136","1":"post","2":"type-post","3":"status-publish","4":"format-standard","5":"has-post-thumbnail","7":"category-actualidad","8":"category-destacados","9":"tag-60-minutos","10":"tag-actividad-fisica","11":"tag-beneficios","12":"tag-educacion"},"menu_order":1,"_links":{"self":[{"href":"https:\/\/www.elfuerte.cl\/web\/wp-json\/wp\/v2\/posts\/9136","targetHints":{"allow":["GET"]}}],"collection":[{"href":"https:\/\/www.elfuerte.cl\/web\/wp-json\/wp\/v2\/posts"}],"about":[{"href":"https:\/\/www.elfuerte.cl\/web\/wp-json\/wp\/v2\/types\/post"}],"author":[{"embeddable":true,"href":"https:\/\/www.elfuerte.cl\/web\/wp-json\/wp\/v2\/users\/1"}],"replies":[{"embeddable":true,"href":"https:\/\/www.elfuerte.cl\/web\/wp-json\/wp\/v2\/comments?post=9136"}],"version-history":[{"count":7,"href":"https:\/\/www.elfuerte.cl\/web\/wp-json\/wp\/v2\/posts\/9136\/revisions"}],"predecessor-version":[{"id":9147,"href":"https:\/\/www.elfuerte.cl\/web\/wp-json\/wp\/v2\/posts\/9136\/revisions\/9147"}],"wp:featuredmedia":[{"embeddable":true,"href":"https:\/\/www.elfuerte.cl\/web\/wp-json\/wp\/v2\/media\/9138"}],"wp:attachment":[{"href":"https:\/\/www.elfuerte.cl\/web\/wp-json\/wp\/v2\/media?parent=9136"}],"wp:term":[{"taxonomy":"category","embeddable":true,"href":"https:\/\/www.elfuerte.cl\/web\/wp-json\/wp\/v2\/categories?post=9136"},{"taxonomy":"post_tag","embeddable":true,"href":"https:\/\/www.elfuerte.cl\/web\/wp-json\/wp\/v2\/tags?post=9136"}],"curies":[{"name":"wp","href":"https:\/\/api.w.org\/{rel}","templated":true}]}}