{"id":9148,"date":"2026-09-02T14:01:03","date_gmt":"2026-09-02T18:01:03","guid":{"rendered":"https:\/\/www.elfuerte.cl\/web\/?p=9148"},"modified":"2026-09-02T16:01:56","modified_gmt":"2026-09-02T20:01:56","slug":"nueva-planta-de-colun-por-us141-millones-incorporara-el-mayor-sistema-solar-sobre-techumbre-del-sur-de-chile","status":"publish","type":"post","link":"https:\/\/www.elfuerte.cl\/web\/2026\/09\/02\/nueva-planta-de-colun-por-us141-millones-incorporara-el-mayor-sistema-solar-sobre-techumbre-del-sur-de-chile\/","title":{"rendered":"Nueva planta de Colun por US$141 millones incorporar\u00e1 el mayor sistema solar sobre techumbre del sur de Chile"},"content":{"rendered":"\t\t<div data-elementor-type=\"wp-post\" data-elementor-id=\"9148\" class=\"elementor elementor-9148\">\n\t\t\t\t\t\t<section class=\"elementor-section elementor-top-section elementor-element elementor-element-464cea7 elementor-section-boxed elementor-section-height-default elementor-section-height-default\" data-id=\"464cea7\" data-element_type=\"section\">\r\n\t\t\t\t\t\t<div class=\"elementor-container elementor-column-gap-thegem\"><div class=\"elementor-row\">\r\n\t\t\t\t\t<div class=\"elementor-column elementor-col-66 elementor-top-column elementor-element elementor-element-2f44c54\" data-id=\"2f44c54\" data-element_type=\"column\">\n\t\t\t<div class=\"elementor-widget-wrap elementor-element-populated\">\n\t\t\t\t\t\t<div class=\"elementor-element elementor-element-ab386a6 flex-horizontal-align-default flex-horizontal-align-tablet-default flex-horizontal-align-mobile-default flex-vertical-align-default flex-vertical-align-tablet-default flex-vertical-align-mobile-default elementor-widget elementor-widget-heading\" data-id=\"ab386a6\" data-element_type=\"widget\" data-widget_type=\"heading.default\">\n\t\t\t\t\t<div class=\"title-h1 elementor-heading-title elementor-size-default\">Decathlon con la mirada puesta en el sur del pa\u00eds: a la inauguraci\u00f3n de la tienda en Osorno se suma Valdivia y Temuco<\/div>\t\t\t\t<\/div>\n\t\t\t\t<div class=\"elementor-element elementor-element-8427bf3 elementor-widget__width-initial flex-horizontal-align-default flex-horizontal-align-tablet-default flex-horizontal-align-mobile-default flex-vertical-align-default flex-vertical-align-tablet-default flex-vertical-align-mobile-default elementor-widget elementor-widget-text-editor\" data-id=\"8427bf3\" data-element_type=\"widget\" data-widget_type=\"text-editor.default\">\n\t\t\t\t\t\t\t\t\t\t\t\t<div class=\"elementor-text-editor elementor-clearfix\">\r\n\t\t\t\t\t\t<p><span style=\"font-size: medium;\"><span lang=\"es-ES\"><b>Con estas tres <\/b><\/span><span lang=\"es-ES\"><b>inauguraciones<\/b><\/span><span lang=\"es-ES\"><b>, la compa\u00f1\u00eda de ropa deportiva contar\u00e1 con 15 tiendas en cinco regiones y 18 a nivel nacional, lo que significa una expansi\u00f3n significativa para el sur del pa\u00eds.<\/b><\/span><\/span><\/p><p><span style=\"font-size: medium;\"><span lang=\"es-ES\"><b>VALDIVIA.<\/b><\/span> <span lang=\"es-ES\"><b>Decathlon<\/b><\/span><span lang=\"es-ES\">, la <\/span><span lang=\"es-ES\"><b>multinacional francesa<\/b><\/span><span lang=\"es-ES\"> de art\u00edculos deportivos, confirm\u00f3 su plan de expansi\u00f3n en el sur del pa\u00eds para el segundo semestre de 2026 con la apertura de tres nuevas tiendas: <\/span><span lang=\"es-ES\"><b>Osorno, Valdivia y Temuco<\/b><\/span><span lang=\"es-ES\">.<\/span><\/span><\/p><p><span style=\"font-size: medium;\"><span lang=\"es-ES\">La idea de la empresa francesa es responder a la demanda de un polo deportivo y tur\u00edstico relevante que representa el sur de Chile, apuntando a consumidores locales, como a visitantes. Adem\u00e1s, los nuevos puntos de venta buscan ofrecer una experiencia de compra m\u00e1s cercana y eficiente y de contribuir al ecosistema deportivo local, incluyendo v\u00ednculos con clubes y comunidades.<\/span><\/span><\/p><p><span style=\"font-size: medium;\"><span lang=\"es-ES\">La primera en abrir sus puertas fue <\/span><span lang=\"es-ES\"><b>Osorno<\/b><\/span><span lang=\"es-ES\"> a mediado de este a\u00f1o, en el <\/span><span lang=\"es-ES\"><b>Centro Comercial Cenco Osorno<\/b><\/span><span lang=\"es-ES\">, con m\u00e1s de 1000 metros cuadrados de superficie. Luego, durante el segundo semestre, ser\u00e1 el turno de Valdivia en el <\/span><span lang=\"es-ES\"><b>Mall Paseo Valdivia<\/b><\/span><span lang=\"es-ES\"> y en Temuco en <\/span><span lang=\"es-ES\"><b>Cenco Temuco<\/b><\/span><span lang=\"es-ES\">.<\/span><\/span><\/p><p><span style=\"font-size: medium;\"><span lang=\"es-ES\">La llegada a estas tres ciudades es un paso clave dentro de la estrategia de desarrollo que ha implementado Decathlon en el sur de Chile y estar\u00e1 enfocada en las disciplinas pr\u00e1cticas, como <\/span><span lang=\"es-ES\"><b>trekking, running, ciclismo, deportes de invierno y actividades outdoor, adem\u00e1s de deportes colectivos<\/b><\/span><span lang=\"es-ES\"> y categor\u00edas <\/span><span lang=\"es-ES\"><b>vinculadas al bienestar<\/b><\/span><span lang=\"es-ES\">.<\/span><\/span><\/p><p><span style=\"font-size: medium;\"><span lang=\"es-ES\">Con estas tres aperturas, la compa\u00f1\u00eda contar\u00e1 con <\/span><span lang=\"es-ES\"><b>15 tiendas en cinco regiones<\/b><\/span><span lang=\"es-ES\"> y <\/span><span lang=\"es-ES\"><b>18 a nivel nacional. <\/b><\/span><\/span><\/p><p><span style=\"font-size: medium;\"><span lang=\"es-ES\">El crecimiento de la firma tambi\u00e9n tendr\u00e1 un impacto laboral, ya que se proyecta un 10 por ciento de aumento en su plantilla de trabajadores, consolidando su<\/span><span lang=\"es-ES\"><b> modelo omnicanal, comercio digital y servicios.<\/b><\/span><\/span><\/p><p><span style=\"font-size: medium;\"><span lang=\"es-ES\">En definitiva, el plan de <\/span><span lang=\"es-ES\"><b>Decathlon <\/b><\/span><span lang=\"es-ES\">es acercar el deporte y el bienestar a m\u00e1s personas, como tambi\u00e9n adaptarse a cada territorio, que tiene sus caracter\u00edsticas e identidades propias, lo que fortalece los v\u00ednculos con las comunidades locales.<\/span><\/span><\/p><p><span style=\"font-size: medium;\"><span lang=\"es-ES\">A diferencia de sus competidores, la tienda deportiva basa su operaci\u00f3n en el desarrollo de marcas propia y en el control de su cadena de valor. Es <\/span><span lang=\"es-ES\"><b>una estrategia<\/b><\/span><span lang=\"es-ES\"> que apunta a un segmento m\u00e1s masivo, desde la pr\u00e1ctica deportiva amateur, m\u00e1s que en el alto rendimiento, sin descartarlo.<\/span><\/span><\/p><p><a name=\"_GoBack\"><\/a> <span style=\"font-size: medium;\"><span lang=\"es-ES\">Esta <\/span><span lang=\"es-ES\"><b>apuesta de valor <\/b><\/span><span lang=\"es-ES\">tiene un \u00e9xito asegurado al adaptarse a las condiciones del mercado y a la log\u00edstica territorial, como tambi\u00e9n dise\u00f1ar, producir y vender sus propis productos; y educar al consumidor sobre la calidad de sus marcas propias frente a alternativas tradicionales conocidas.<\/span><\/span><\/p><p><span style=\"font-size: medium;\"><span lang=\"es-ES\"><b>Redacci\u00f3n El Fuerte Noticias<\/b><\/span><\/span><\/p>\t\t\t\t\t\t\t<\/div>\r\n\t\t\t\t\t\t\t\t\t\t<\/div>\n\t\t\t\t<div class=\"elementor-element elementor-element-5ac3e4a flex-horizontal-align-default flex-horizontal-align-tablet-default flex-horizontal-align-mobile-default flex-vertical-align-default flex-vertical-align-tablet-default flex-vertical-align-mobile-default elementor-widget elementor-widget-thegem-styledimage\" data-id=\"5ac3e4a\" data-element_type=\"widget\" data-settings=\"{&quot;thegem_elementor_preset&quot;:&quot;style-2&quot;,&quot;image&quot;:{&quot;url&quot;:&quot;https:\\\/\\\/elfuerte.cl\\\/web\\\/wp-content\\\/uploads\\\/2025\\\/10\\\/bannerefdelsur.jpg&quot;,&quot;id&quot;:1540,&quot;size&quot;:&quot;&quot;,&quot;alt&quot;:&quot;&quot;,&quot;source&quot;:&quot;library&quot;},&quot;image_position&quot;:&quot;left&quot;}\" data-widget_type=\"thegem-styledimage.default\">\n\t\t\t\t<div class=\"elementor-widget-container\">\n\t\t\t\t\t\n<div class=\"styled-image-wrapper\">\n\t\t\t<div class=\"gem-image gem-wrapbox gem-wrapbox-style-2 gem-wrapbox-position-left lazy-loading \">\n\t\t\t<div class=\"gem-wrapbox-inner  lazy-loading-item\"  data-ll-effect=\"move-up\">\n\t\t\t\t\t\t\t\t<a href=\"#\">\n\t\t\t\t\t\t\t\t\t\t<img class=\"gem-wrapbox-element img-responsive \"\n\t\t\t\t\t\t src=\"https:\/\/www.elfuerte.cl\/web\/wp-content\/uploads\/2025\/10\/bannerefdelsur.jpg\"\n\t\t\t\t\t\t alt=\"bannerefdelsur\">\n\t\t\t\t\t\t\t\t\t\t\t\t\t\t<\/a>\n\t\t\t\t\t\t<\/div>\n\t\t<\/div>\n\t\t<\/div>\n\n\n\t\n\t\t\t\t\t\t<\/div>\n\t\t\t\t<\/div>\n\t\t\t\t\t<\/div>\n\t\t<\/div>\n\t\t\t\t<div class=\"elementor-column elementor-col-33 elementor-top-column elementor-element elementor-element-dfac7b7\" data-id=\"dfac7b7\" data-element_type=\"column\">\n\t\t\t<div class=\"elementor-widget-wrap elementor-element-populated\">\n\t\t\t\t\t\t<div class=\"elementor-element elementor-element-af7077d flex-horizontal-align-default flex-horizontal-align-tablet-default flex-horizontal-align-mobile-default flex-vertical-align-default flex-vertical-align-tablet-default flex-vertical-align-mobile-default elementor-widget elementor-widget-sidebar\" data-id=\"af7077d\" data-element_type=\"widget\" data-settings=\"{&quot;thegem_custom_css&quot;:&quot;.gem-pp-posts-image {\\r\\n    width: 72px;\\r\\n}\\r\\n.gem-pp-posts-image img {\\r\\n    border-radius: 50%;\\r\\n}\\r\\nselector h4 {\\r\\n    padding-top: 40px;\\r\\n}&quot;}\" data-widget_type=\"sidebar.default\">\n\t\t\t\t\t<aside id=\"media_image-3\" class=\"widget widget_media_image\"><img width=\"750\" height=\"750\" src=\"https:\/\/www.elfuerte.cl\/web\/wp-content\/uploads\/2025\/10\/bannerrojook.jpg\" class=\"image wp-image-1681  attachment-full size-full\" alt=\"\" style=\"max-width: 100%; height: auto;\" title=\"Banner\" srcset=\"https:\/\/www.elfuerte.cl\/web\/wp-content\/uploads\/2025\/10\/bannerrojook.jpg 750w, https:\/\/www.elfuerte.cl\/web\/wp-content\/uploads\/2025\/10\/bannerrojook-300x300.jpg 300w, https:\/\/www.elfuerte.cl\/web\/wp-content\/uploads\/2025\/10\/bannerrojook-150x150.jpg 150w, https:\/\/www.elfuerte.cl\/web\/wp-content\/uploads\/2025\/10\/bannerrojook-256x256.jpg 256w\" sizes=\"(max-width: 750px) 100vw, 750px\" \/><\/aside><aside id=\"categories-2\" class=\"widget widget_categories\"><h4 class=\"widget-title\">Secciones<\/h4>\n\t\t\t<ul>\n\t\t\t\t\t<li class=\"cat-item cat-item-21\"><a href=\"https:\/\/www.elfuerte.cl\/web\/category\/actualidad\/\" title=\"View all posts filed under Actualidad\">Actualidad<\/a>\n<\/li>\n\t<li class=\"cat-item cat-item-100\"><a href=\"https:\/\/www.elfuerte.cl\/web\/category\/destacados\/\" title=\"View all posts filed under Destacados\">Destacados<\/a>\n<\/li>\n\t<li class=\"cat-item cat-item-101\"><a href=\"https:\/\/www.elfuerte.cl\/web\/category\/region-ludica\/\" title=\"View all posts filed under Regi\u00f3n L\u00fadica\">Regi\u00f3n L\u00fadica<\/a>\n<\/li>\n\t<li class=\"cat-item cat-item-157\"><a href=\"https:\/\/www.elfuerte.cl\/web\/category\/sala-de-redaccion\/\" title=\"View all posts filed under Sala de Redacci\u00f3n\">Sala de Redacci\u00f3n<\/a>\n<\/li>\n\t\t\t<\/ul>\n\n\t\t\t<\/aside><aside id=\"custom_popular_posts-2\" class=\"widget Custom_Popular_Posts\"><h4 class=\"widget-title\">Populares<\/h4><ul class=\"posts  styled\"><li class=\"clearfix gem-pp-posts\"><div class=\"gem-pp-posts-image\"><a href=\"https:\/\/www.elfuerte.cl\/web\/2025\/09\/05\/conce-pago-su-deuda-con-pepo\/\"><img src=\"https:\/\/www.elfuerte.cl\/web\/wp-content\/uploads\/2025\/09\/rl0003-thegem-post-thumb-large.jpg\" srcset=\"https:\/\/www.elfuerte.cl\/web\/wp-content\/uploads\/2025\/09\/rl0003-thegem-post-thumb-small.jpg 1x, https:\/\/www.elfuerte.cl\/web\/wp-content\/uploads\/2025\/09\/rl0003-thegem-post-thumb-large.jpg 2x\" alt=\"\"\/><\/a><\/div><div class=\"gem-pp-posts-text\"> <div class=\"gem-pp-posts-item\"><a href=\"https:\/\/www.elfuerte.cl\/web\/2025\/09\/05\/conce-pago-su-deuda-con-pepo\/\">Conce pag\u00f3 su deuda con \u201cPepo\u201d<\/a><\/div><div class=\"gem-pp-posts-date\">05\/09\/2025<\/div><\/div><\/li><li class=\"clearfix gem-pp-posts\"><div class=\"gem-pp-posts-image\"><a href=\"https:\/\/www.elfuerte.cl\/web\/2025\/09\/10\/educacion-en-chile-desafios-y-oportunidades\/\"><img src=\"https:\/\/www.elfuerte.cl\/web\/wp-content\/uploads\/2025\/09\/sr002-thegem-post-thumb-large.jpg\" srcset=\"https:\/\/www.elfuerte.cl\/web\/wp-content\/uploads\/2025\/09\/sr002-thegem-post-thumb-small.jpg 1x, https:\/\/www.elfuerte.cl\/web\/wp-content\/uploads\/2025\/09\/sr002-thegem-post-thumb-large.jpg 2x\" alt=\"\"\/><\/a><\/div><div class=\"gem-pp-posts-text\"> <div class=\"gem-pp-posts-item\"><a href=\"https:\/\/www.elfuerte.cl\/web\/2025\/09\/10\/educacion-en-chile-desafios-y-oportunidades\/\">Educaci\u00f3n en Chile: desaf\u00edos y oportunidades<\/a><\/div><div class=\"gem-pp-posts-date\">10\/09\/2025<\/div><\/div><\/li><li class=\"clearfix gem-pp-posts\"><div class=\"gem-pp-posts-image\"><a href=\"https:\/\/www.elfuerte.cl\/web\/2025\/09\/05\/la-derrota-que-dejo-al-gobierno-sin-brujula\/\"><img src=\"https:\/\/www.elfuerte.cl\/web\/wp-content\/uploads\/2025\/09\/actualidad004-thegem-post-thumb-large.jpg\" srcset=\"https:\/\/www.elfuerte.cl\/web\/wp-content\/uploads\/2025\/09\/actualidad004-thegem-post-thumb-small.jpg 1x, https:\/\/www.elfuerte.cl\/web\/wp-content\/uploads\/2025\/09\/actualidad004-thegem-post-thumb-large.jpg 2x\" alt=\"\"\/><\/a><\/div><div class=\"gem-pp-posts-text\"> <div class=\"gem-pp-posts-item\"><a href=\"https:\/\/www.elfuerte.cl\/web\/2025\/09\/05\/la-derrota-que-dejo-al-gobierno-sin-brujula\/\">La derrota que dej\u00f3 al gobierno sin br\u00fajula<\/a><\/div><div class=\"gem-pp-posts-date\">05\/09\/2025<\/div><\/div><\/li><li class=\"clearfix gem-pp-posts\"><div class=\"gem-pp-posts-image\"><a href=\"https:\/\/www.elfuerte.cl\/web\/2026\/09\/02\/nueva-planta-de-colun-por-us141-millones-incorporara-el-mayor-sistema-solar-sobre-techumbre-del-sur-de-chile\/\"><img src=\"https:\/\/www.elfuerte.cl\/web\/wp-content\/uploads\/2026\/09\/banner2-9-1.jpg\" srcset=\"https:\/\/www.elfuerte.cl\/web\/wp-content\/uploads\/2026\/09\/banner2-9-1.jpg 1x, https:\/\/www.elfuerte.cl\/web\/wp-content\/uploads\/2026\/09\/banner2-9-1.jpg 2x\" alt=\"\"\/><\/a><\/div><div class=\"gem-pp-posts-text\"> <div class=\"gem-pp-posts-item\"><a href=\"https:\/\/www.elfuerte.cl\/web\/2026\/09\/02\/nueva-planta-de-colun-por-us141-millones-incorporara-el-mayor-sistema-solar-sobre-techumbre-del-sur-de-chile\/\">Nueva planta de Colun por US$141 millones incorporar\u00e1 el mayor sistema solar sobre techumbre del sur de Chile<\/a><\/div><div class=\"gem-pp-posts-date\">02\/09\/2026<\/div><\/div><\/li><\/ul><\/aside>\t\t\t\t<\/div>\n\t\t\t\t\t<\/div>\n\t\t<\/div>\n\t\t\t\t\t<\/div><\/div>\r\n\t\t<\/section>\r\n\t\t\t\t<\/div>\n\t\t","protected":false},"excerpt":{"rendered":"<p>Con estas tres inauguraciones, la compa\u00f1\u00eda de ropa deportiva contar\u00e1 con 15 tiendas en cinco regiones y 18 a nivel nacional, lo que significa una expansi\u00f3n significativa para el sur del pa\u00eds.<\/p>\n","protected":false},"author":1,"featured_media":9150,"comment_status":"closed","ping_status":"closed","sticky":false,"template":"single-fullwidth.php","format":"standard","meta":{"footnotes":""},"categories":[21,100],"tags":[1288,448,937,1289],"class_list":{"0":"post-9148","1":"post","2":"type-post","3":"status-publish","4":"format-standard","5":"has-post-thumbnail","7":"category-actualidad","8":"category-destacados","9":"tag-colun","10":"tag-inversion","11":"tag-nueva-planta","12":"tag-sistema-fotovoltaico"},"menu_order":1,"_links":{"self":[{"href":"https:\/\/www.elfuerte.cl\/web\/wp-json\/wp\/v2\/posts\/9148","targetHints":{"allow":["GET"]}}],"collection":[{"href":"https:\/\/www.elfuerte.cl\/web\/wp-json\/wp\/v2\/posts"}],"about":[{"href":"https:\/\/www.elfuerte.cl\/web\/wp-json\/wp\/v2\/types\/post"}],"author":[{"embeddable":true,"href":"https:\/\/www.elfuerte.cl\/web\/wp-json\/wp\/v2\/users\/1"}],"replies":[{"embeddable":true,"href":"https:\/\/www.elfuerte.cl\/web\/wp-json\/wp\/v2\/comments?post=9148"}],"version-history":[{"count":8,"href":"https:\/\/www.elfuerte.cl\/web\/wp-json\/wp\/v2\/posts\/9148\/revisions"}],"predecessor-version":[{"id":9158,"href":"https:\/\/www.elfuerte.cl\/web\/wp-json\/wp\/v2\/posts\/9148\/revisions\/9158"}],"wp:featuredmedia":[{"embeddable":true,"href":"https:\/\/www.elfuerte.cl\/web\/wp-json\/wp\/v2\/media\/9150"}],"wp:attachment":[{"href":"https:\/\/www.elfuerte.cl\/web\/wp-json\/wp\/v2\/media?parent=9148"}],"wp:term":[{"taxonomy":"category","embeddable":true,"href":"https:\/\/www.elfuerte.cl\/web\/wp-json\/wp\/v2\/categories?post=9148"},{"taxonomy":"post_tag","embeddable":true,"href":"https:\/\/www.elfuerte.cl\/web\/wp-json\/wp\/v2\/tags?post=9148"}],"curies":[{"name":"wp","href":"https:\/\/api.w.org\/{rel}","templated":true}]}}