{"id":9167,"date":"2026-09-02T20:36:23","date_gmt":"2026-09-03T00:36:23","guid":{"rendered":"https:\/\/www.elfuerte.cl\/web\/?p=9167"},"modified":"2026-09-02T20:40:31","modified_gmt":"2026-09-03T00:40:31","slug":"illapu-inicia-en-puerto-montt-gira-nacional-con-la-que-celebrara-sus-55-anos-de-musica-e-historia","status":"publish","type":"post","link":"https:\/\/www.elfuerte.cl\/web\/2026\/09\/02\/illapu-inicia-en-puerto-montt-gira-nacional-con-la-que-celebrara-sus-55-anos-de-musica-e-historia\/","title":{"rendered":"Illapu inicia en Puerto Montt gira nacional con la que celebrar\u00e1 sus 55 a\u00f1os de m\u00fasica e historia"},"content":{"rendered":"\t\t<div data-elementor-type=\"wp-post\" data-elementor-id=\"9167\" class=\"elementor elementor-9167\">\n\t\t\t\t\t\t<section class=\"elementor-section elementor-top-section elementor-element elementor-element-464cea7 elementor-section-boxed elementor-section-height-default elementor-section-height-default\" data-id=\"464cea7\" data-element_type=\"section\">\r\n\t\t\t\t\t\t<div class=\"elementor-container elementor-column-gap-thegem\"><div class=\"elementor-row\">\r\n\t\t\t\t\t<div class=\"elementor-column elementor-col-66 elementor-top-column elementor-element elementor-element-2f44c54\" data-id=\"2f44c54\" data-element_type=\"column\">\n\t\t\t<div class=\"elementor-widget-wrap elementor-element-populated\">\n\t\t\t\t\t\t<div class=\"elementor-element elementor-element-ab386a6 flex-horizontal-align-default flex-horizontal-align-tablet-default flex-horizontal-align-mobile-default flex-vertical-align-default flex-vertical-align-tablet-default flex-vertical-align-mobile-default elementor-widget elementor-widget-heading\" data-id=\"ab386a6\" data-element_type=\"widget\" data-widget_type=\"heading.default\">\n\t\t\t\t\t<div class=\"title-h1 elementor-heading-title elementor-size-default\">Illapu inicia en Puerto Montt gira nacional con la \nque celebrar\u00e1 sus 55 a\u00f1os de m\u00fasica e historia<\/div>\t\t\t\t<\/div>\n\t\t\t\t<div class=\"elementor-element elementor-element-8427bf3 elementor-widget__width-initial flex-horizontal-align-default flex-horizontal-align-tablet-default flex-horizontal-align-mobile-default flex-vertical-align-default flex-vertical-align-tablet-default flex-vertical-align-mobile-default elementor-widget elementor-widget-text-editor\" data-id=\"8427bf3\" data-element_type=\"widget\" data-widget_type=\"text-editor.default\">\n\t\t\t\t\t\t\t\t\t\t\t\t<div class=\"elementor-text-editor elementor-clearfix\">\r\n\t\t\t\t\t\t<p><strong>La hist\u00f3rica agrupaci\u00f3n chilena comenzar\u00e1 en el sur su gira \u201c55 a\u00f1os \u2013 Historia Viva\u201d: el 7 de octubre se presentar\u00e1 en la Arena Puerto Montt y al d\u00eda siguiente llegar\u00e1 al Teatro Municipal de Temuco. Concepci\u00f3n ser\u00e1 otra de las ciudades de la macrozona que recibir\u00e1 el espect\u00e1culo, que recorrer\u00e1 diferentes regiones del pa\u00eds durante octubre y noviembre.<\/strong><\/p>\n<p><strong>PUERTO MONTT.\u2013 <\/strong>Desde el sur de Chile comenzar\u00e1 Illapu la celebraci\u00f3n de sus 55 a\u00f1os de trayectoria musical. La hist\u00f3rica agrupaci\u00f3n eligi\u00f3 Puerto Montt como punto de partida de su gira nacional \u201c55 a\u00f1os \u2013 Historia Viva\u201d, un recorrido que durante octubre y noviembre volver\u00e1 a reunir al conjunto con p\u00fablicos y territorios que han acompa\u00f1ado m\u00e1s de medio siglo de historia.<\/p>\n<p>La primera presentaci\u00f3n est\u00e1 programada para el mi\u00e9rcoles 7 de octubre, a las 21 horas, en la Arena Puerto Montt. S\u00f3lo un d\u00eda despu\u00e9s, el jueves 8, la agrupaci\u00f3n continuar\u00e1 hacia Temuco, donde se presentar\u00e1 desde las 20 horas en el Teatro Municipal.<\/p>\n<p>El recorrido tendr\u00e1 adem\u00e1s una tercera escala dentro de la macrozona sur cubierta por El Fuerte Noticias. Concepci\u00f3n recibir\u00e1 a Illapu el domingo 15 de noviembre, a las 19 horas, en el Gimnasio Municipal, fecha con la que finalizar\u00e1 el recorrido regional anunciado por la banda.<\/p>\n<p><strong>Un reencuentro con los territorios<\/strong><\/p>\n<p>M\u00e1s que una sucesi\u00f3n de conciertos, desde la agrupaci\u00f3n plantean la gira como un reencuentro con las ciudades y generaciones que han acompa\u00f1ado su m\u00fasica durante m\u00e1s de cinco d\u00e9cadas.<\/p>\n<p>\u201cEstamos muy expectantes por esta gira, una que no hac\u00edamos hace mucho tiempo y que nos permitir\u00e1 recorrer gran parte del pa\u00eds\u201d, se\u00f1al\u00f3 Roberto M\u00e1rquez, quien destac\u00f3 el car\u00e1cter especial que tendr\u00e1 el espect\u00e1culo preparado para este aniversario.<\/p>\n<p>\u201cQuisimos preparar un concierto que refleje este recorrido de canciones y esta historia que hemos compartido profundamente con Chile y con su gente\u201d, expres\u00f3 el m\u00fasico.<\/p>\n<p>La gira encuentra a Illapu celebrando 55 a\u00f1os ininterrumpidos de trayectoria, per\u00edodo durante el cual sus canciones han acompa\u00f1ado diferentes etapas de la historia nacional y se han instalado en la memoria de varias generaciones.<\/p>\n<p>\u201cSon 55 a\u00f1os ininterrumpidos, con momentos gratos, hermosos y tambi\u00e9n dif\u00edciles\u201d, record\u00f3 M\u00e1rquez, al referirse a una trayectoria construida no solamente sobre grandes escenarios, sino tambi\u00e9n en teatros municipales, gimnasios, plazas y espacios p\u00fablicos de diferentes ciudades del pa\u00eds.<\/p>\n<p><strong>Una historia que sigue incorporando nuevas generaciones<\/strong><\/p>\n<p>A pesar del fuerte componente de memoria que tendr\u00e1 el espect\u00e1culo, la agrupaci\u00f3n plantea que el aniversario no busca quedarse exclusivamente en la revisi\u00f3n de su pasado.<\/p>\n<p>Durante los \u00faltimos a\u00f1os Illapu ha desarrollado colaboraciones con artistas j\u00f3venes e incorporado nuevas tecnolog\u00edas y sonoridades a sus procesos musicales, buscando mantener un di\u00e1logo con generaciones que se han acercado posteriormente a su obra.<\/p>\n<p>\u201cSiempre estamos abiertos a nosotros permearnos con esa cultura, con nueva m\u00fasica\u201d, se\u00f1al\u00f3 Roberto M\u00e1rquez, destacando la necesidad de que una agrupaci\u00f3n con una trayectoria tan extensa contin\u00fae dialogando con las transformaciones musicales y culturales.<\/p>\n<p>El grupo llegar\u00e1 a esta gira despu\u00e9s de participar durante agosto en \u201cCoquimbo M\u00e1s Unido\u201d, actividad solidaria que volvi\u00f3 a vincular a sus integrantes con iniciativas surgidas desde los territorios y sus comunidades.<\/p>\n<p><strong>Del sur al resto del pa\u00eds<\/strong><\/p>\n<p>Despu\u00e9s de sus primeras presentaciones en Puerto Montt y Temuco, Illapu continuar\u00e1 su recorrido el viernes 9 de octubre en Talca, en el Gimnasio Regional.<\/p>\n<p>Posteriormente viajar\u00e1 hacia el norte para presentarse el 14 de octubre en Copiap\u00f3, en el Estadio Techado Orlando Guaita, y el 15 de octubre en La Serena, en el Coliseo Monumental. El itinerario de octubre finalizar\u00e1 el jueves 29 en el Teatro Municipal de Vi\u00f1a del Mar.<\/p>\n<p>La gira continuar\u00e1 en noviembre y tendr\u00e1 en Concepci\u00f3n su \u00faltima fecha regional anunciada, el domingo 15, completando as\u00ed un itinerario que tendr\u00e1 una presencia importante en el centro y sur del pa\u00eds.<\/p>\n<p>Valdivia, pese a su hist\u00f3rica actividad cultural y musical, no figura entre las ciudades consideradas hasta ahora dentro del recorrido anunciado para \u201c55 a\u00f1os \u2013 Historia Viva\u201d.<\/p>\n<p>Para los conciertos, Illapu anticipa un repertorio que combinar\u00e1 las canciones hist\u00f3ricas que han acompa\u00f1ado sus cinco d\u00e9cadas de trayectoria con composiciones correspondientes a etapas m\u00e1s recientes.<\/p>\n<p>Las entradas para las diferentes presentaciones de la gira nacional \u201c55 a\u00f1os \u2013 Historia Viva\u201d ya se encuentran disponibles a trav\u00e9s de Passline.<\/p>\n<p><strong>Redacci\u00f3n El Fuerte Noticias<\/strong><\/p>\t\t\t\t\t\t\t<\/div>\r\n\t\t\t\t\t\t\t\t\t\t<\/div>\n\t\t\t\t<div class=\"elementor-element elementor-element-5ac3e4a flex-horizontal-align-default flex-horizontal-align-tablet-default flex-horizontal-align-mobile-default flex-vertical-align-default flex-vertical-align-tablet-default flex-vertical-align-mobile-default elementor-widget elementor-widget-thegem-styledimage\" data-id=\"5ac3e4a\" data-element_type=\"widget\" data-settings=\"{&quot;thegem_elementor_preset&quot;:&quot;style-2&quot;,&quot;image&quot;:{&quot;url&quot;:&quot;https:\\\/\\\/elfuerte.cl\\\/web\\\/wp-content\\\/uploads\\\/2025\\\/10\\\/bannerefdelsur.jpg&quot;,&quot;id&quot;:1540,&quot;size&quot;:&quot;&quot;,&quot;alt&quot;:&quot;&quot;,&quot;source&quot;:&quot;library&quot;},&quot;image_position&quot;:&quot;left&quot;}\" data-widget_type=\"thegem-styledimage.default\">\n\t\t\t\t<div class=\"elementor-widget-container\">\n\t\t\t\t\t\n<div class=\"styled-image-wrapper\">\n\t\t\t<div class=\"gem-image gem-wrapbox gem-wrapbox-style-2 gem-wrapbox-position-left lazy-loading \">\n\t\t\t<div class=\"gem-wrapbox-inner  lazy-loading-item\"  data-ll-effect=\"move-up\">\n\t\t\t\t\t\t\t\t<a href=\"#\">\n\t\t\t\t\t\t\t\t\t\t<img class=\"gem-wrapbox-element img-responsive \"\n\t\t\t\t\t\t src=\"https:\/\/www.elfuerte.cl\/web\/wp-content\/uploads\/2025\/10\/bannerefdelsur.jpg\"\n\t\t\t\t\t\t alt=\"bannerefdelsur\">\n\t\t\t\t\t\t\t\t\t\t\t\t\t\t<\/a>\n\t\t\t\t\t\t<\/div>\n\t\t<\/div>\n\t\t<\/div>\n\n\n\t\n\t\t\t\t\t\t<\/div>\n\t\t\t\t<\/div>\n\t\t\t\t\t<\/div>\n\t\t<\/div>\n\t\t\t\t<div class=\"elementor-column elementor-col-33 elementor-top-column elementor-element elementor-element-dfac7b7\" data-id=\"dfac7b7\" data-element_type=\"column\">\n\t\t\t<div class=\"elementor-widget-wrap elementor-element-populated\">\n\t\t\t\t\t\t<div class=\"elementor-element elementor-element-af7077d flex-horizontal-align-default flex-horizontal-align-tablet-default flex-horizontal-align-mobile-default flex-vertical-align-default flex-vertical-align-tablet-default flex-vertical-align-mobile-default elementor-widget elementor-widget-sidebar\" data-id=\"af7077d\" data-element_type=\"widget\" data-settings=\"{&quot;thegem_custom_css&quot;:&quot;.gem-pp-posts-image {\\r\\n    width: 72px;\\r\\n}\\r\\n.gem-pp-posts-image img {\\r\\n    border-radius: 50%;\\r\\n}\\r\\nselector h4 {\\r\\n    padding-top: 40px;\\r\\n}&quot;}\" data-widget_type=\"sidebar.default\">\n\t\t\t\t\t<aside id=\"media_image-3\" class=\"widget widget_media_image\"><img width=\"750\" height=\"750\" src=\"https:\/\/www.elfuerte.cl\/web\/wp-content\/uploads\/2025\/10\/bannerrojook.jpg\" class=\"image wp-image-1681  attachment-full size-full\" alt=\"\" style=\"max-width: 100%; height: auto;\" title=\"Banner\" srcset=\"https:\/\/www.elfuerte.cl\/web\/wp-content\/uploads\/2025\/10\/bannerrojook.jpg 750w, https:\/\/www.elfuerte.cl\/web\/wp-content\/uploads\/2025\/10\/bannerrojook-300x300.jpg 300w, https:\/\/www.elfuerte.cl\/web\/wp-content\/uploads\/2025\/10\/bannerrojook-150x150.jpg 150w, https:\/\/www.elfuerte.cl\/web\/wp-content\/uploads\/2025\/10\/bannerrojook-256x256.jpg 256w\" sizes=\"(max-width: 750px) 100vw, 750px\" \/><\/aside><aside id=\"categories-2\" class=\"widget widget_categories\"><h4 class=\"widget-title\">Secciones<\/h4>\n\t\t\t<ul>\n\t\t\t\t\t<li class=\"cat-item cat-item-21\"><a href=\"https:\/\/www.elfuerte.cl\/web\/category\/actualidad\/\" title=\"View all posts filed under Actualidad\">Actualidad<\/a>\n<\/li>\n\t<li class=\"cat-item cat-item-100\"><a href=\"https:\/\/www.elfuerte.cl\/web\/category\/destacados\/\" title=\"View all posts filed under Destacados\">Destacados<\/a>\n<\/li>\n\t<li class=\"cat-item cat-item-101\"><a href=\"https:\/\/www.elfuerte.cl\/web\/category\/region-ludica\/\" title=\"View all posts filed under Regi\u00f3n L\u00fadica\">Regi\u00f3n L\u00fadica<\/a>\n<\/li>\n\t<li class=\"cat-item cat-item-157\"><a href=\"https:\/\/www.elfuerte.cl\/web\/category\/sala-de-redaccion\/\" title=\"View all posts filed under Sala de Redacci\u00f3n\">Sala de Redacci\u00f3n<\/a>\n<\/li>\n\t\t\t<\/ul>\n\n\t\t\t<\/aside><aside id=\"custom_popular_posts-2\" class=\"widget Custom_Popular_Posts\"><h4 class=\"widget-title\">Populares<\/h4><ul class=\"posts  styled\"><li class=\"clearfix gem-pp-posts\"><div class=\"gem-pp-posts-image\"><a href=\"https:\/\/www.elfuerte.cl\/web\/2025\/09\/05\/conce-pago-su-deuda-con-pepo\/\"><img src=\"https:\/\/www.elfuerte.cl\/web\/wp-content\/uploads\/2025\/09\/rl0003-thegem-post-thumb-large.jpg\" srcset=\"https:\/\/www.elfuerte.cl\/web\/wp-content\/uploads\/2025\/09\/rl0003-thegem-post-thumb-small.jpg 1x, https:\/\/www.elfuerte.cl\/web\/wp-content\/uploads\/2025\/09\/rl0003-thegem-post-thumb-large.jpg 2x\" alt=\"\"\/><\/a><\/div><div class=\"gem-pp-posts-text\"> <div class=\"gem-pp-posts-item\"><a href=\"https:\/\/www.elfuerte.cl\/web\/2025\/09\/05\/conce-pago-su-deuda-con-pepo\/\">Conce pag\u00f3 su deuda con \u201cPepo\u201d<\/a><\/div><div class=\"gem-pp-posts-date\">05\/09\/2025<\/div><\/div><\/li><li class=\"clearfix gem-pp-posts\"><div class=\"gem-pp-posts-image\"><a href=\"https:\/\/www.elfuerte.cl\/web\/2025\/09\/10\/educacion-en-chile-desafios-y-oportunidades\/\"><img src=\"https:\/\/www.elfuerte.cl\/web\/wp-content\/uploads\/2025\/09\/sr002-thegem-post-thumb-large.jpg\" srcset=\"https:\/\/www.elfuerte.cl\/web\/wp-content\/uploads\/2025\/09\/sr002-thegem-post-thumb-small.jpg 1x, https:\/\/www.elfuerte.cl\/web\/wp-content\/uploads\/2025\/09\/sr002-thegem-post-thumb-large.jpg 2x\" alt=\"\"\/><\/a><\/div><div class=\"gem-pp-posts-text\"> <div class=\"gem-pp-posts-item\"><a href=\"https:\/\/www.elfuerte.cl\/web\/2025\/09\/10\/educacion-en-chile-desafios-y-oportunidades\/\">Educaci\u00f3n en Chile: desaf\u00edos y oportunidades<\/a><\/div><div class=\"gem-pp-posts-date\">10\/09\/2025<\/div><\/div><\/li><li class=\"clearfix gem-pp-posts\"><div class=\"gem-pp-posts-image\"><a href=\"https:\/\/www.elfuerte.cl\/web\/2025\/09\/05\/la-derrota-que-dejo-al-gobierno-sin-brujula\/\"><img src=\"https:\/\/www.elfuerte.cl\/web\/wp-content\/uploads\/2025\/09\/actualidad004-thegem-post-thumb-large.jpg\" srcset=\"https:\/\/www.elfuerte.cl\/web\/wp-content\/uploads\/2025\/09\/actualidad004-thegem-post-thumb-small.jpg 1x, https:\/\/www.elfuerte.cl\/web\/wp-content\/uploads\/2025\/09\/actualidad004-thegem-post-thumb-large.jpg 2x\" alt=\"\"\/><\/a><\/div><div class=\"gem-pp-posts-text\"> <div class=\"gem-pp-posts-item\"><a href=\"https:\/\/www.elfuerte.cl\/web\/2025\/09\/05\/la-derrota-que-dejo-al-gobierno-sin-brujula\/\">La derrota que dej\u00f3 al gobierno sin br\u00fajula<\/a><\/div><div class=\"gem-pp-posts-date\">05\/09\/2025<\/div><\/div><\/li><li class=\"clearfix gem-pp-posts\"><div class=\"gem-pp-posts-image\"><a href=\"https:\/\/www.elfuerte.cl\/web\/2026\/09\/02\/illapu-inicia-en-puerto-montt-gira-nacional-con-la-que-celebrara-sus-55-anos-de-musica-e-historia\/\"><img src=\"https:\/\/www.elfuerte.cl\/web\/wp-content\/uploads\/2026\/09\/portada-2026-09-02T203517.828.jpg\" srcset=\"https:\/\/www.elfuerte.cl\/web\/wp-content\/uploads\/2026\/09\/portada-2026-09-02T203517.828.jpg 1x, https:\/\/www.elfuerte.cl\/web\/wp-content\/uploads\/2026\/09\/portada-2026-09-02T203517.828.jpg 2x\" alt=\"\"\/><\/a><\/div><div class=\"gem-pp-posts-text\"> <div class=\"gem-pp-posts-item\"><a href=\"https:\/\/www.elfuerte.cl\/web\/2026\/09\/02\/illapu-inicia-en-puerto-montt-gira-nacional-con-la-que-celebrara-sus-55-anos-de-musica-e-historia\/\">Illapu inicia en Puerto Montt gira nacional con la que celebrar\u00e1 sus 55 a\u00f1os de m\u00fasica e historia<\/a><\/div><div class=\"gem-pp-posts-date\">02\/09\/2026<\/div><\/div><\/li><\/ul><\/aside>\t\t\t\t<\/div>\n\t\t\t\t\t<\/div>\n\t\t<\/div>\n\t\t\t\t\t<\/div><\/div>\r\n\t\t<\/section>\r\n\t\t<div class=\"elementor-element elementor-element-f50ba16 thegem-e-con-layout-thegem e-flex e-con-boxed e-con e-parent\" data-id=\"f50ba16\" data-element_type=\"container\" data-settings=\"{&quot;thegem_container_layout&quot;:&quot;thegem&quot;}\">\r\n\t\t\t\t\t<div class=\"e-con-inner\">\r\n\t\t\t\t\t<\/div>\n\t\t\t\t<\/div>\n\t\t\t\t<\/div>\n\t\t","protected":false},"excerpt":{"rendered":"<p>La hist\u00f3rica agrupaci\u00f3n chilena comenzar\u00e1 en el sur su gira \u201c55 a\u00f1os \u2013 Historia Viva\u201d: el 7 de octubre se presentar\u00e1 en la Arena Puerto Montt y al d\u00eda siguiente llegar\u00e1 al Teatro Municipal de Temuco. Concepci\u00f3n ser\u00e1 otra de las ciudades de la macrozona que recibir\u00e1 el espect\u00e1culo, que recorrer\u00e1 diferentes regiones del pa\u00eds durante octubre y noviembre.<\/p>\n","protected":false},"author":1,"featured_media":9171,"comment_status":"closed","ping_status":"closed","sticky":false,"template":"single-fullwidth.php","format":"standard","meta":{"footnotes":""},"categories":[21,100],"tags":[1291,363,1290,266],"class_list":{"0":"post-9167","1":"post","2":"type-post","3":"status-publish","4":"format-standard","5":"has-post-thumbnail","7":"category-actualidad","8":"category-destacados","9":"tag-gira-nacional","10":"tag-historia","11":"tag-illapu","12":"tag-musica"},"menu_order":1,"_links":{"self":[{"href":"https:\/\/www.elfuerte.cl\/web\/wp-json\/wp\/v2\/posts\/9167","targetHints":{"allow":["GET"]}}],"collection":[{"href":"https:\/\/www.elfuerte.cl\/web\/wp-json\/wp\/v2\/posts"}],"about":[{"href":"https:\/\/www.elfuerte.cl\/web\/wp-json\/wp\/v2\/types\/post"}],"author":[{"embeddable":true,"href":"https:\/\/www.elfuerte.cl\/web\/wp-json\/wp\/v2\/users\/1"}],"replies":[{"embeddable":true,"href":"https:\/\/www.elfuerte.cl\/web\/wp-json\/wp\/v2\/comments?post=9167"}],"version-history":[{"count":7,"href":"https:\/\/www.elfuerte.cl\/web\/wp-json\/wp\/v2\/posts\/9167\/revisions"}],"predecessor-version":[{"id":9177,"href":"https:\/\/www.elfuerte.cl\/web\/wp-json\/wp\/v2\/posts\/9167\/revisions\/9177"}],"wp:featuredmedia":[{"embeddable":true,"href":"https:\/\/www.elfuerte.cl\/web\/wp-json\/wp\/v2\/media\/9171"}],"wp:attachment":[{"href":"https:\/\/www.elfuerte.cl\/web\/wp-json\/wp\/v2\/media?parent=9167"}],"wp:term":[{"taxonomy":"category","embeddable":true,"href":"https:\/\/www.elfuerte.cl\/web\/wp-json\/wp\/v2\/categories?post=9167"},{"taxonomy":"post_tag","embeddable":true,"href":"https:\/\/www.elfuerte.cl\/web\/wp-json\/wp\/v2\/tags?post=9167"}],"curies":[{"name":"wp","href":"https:\/\/api.w.org\/{rel}","templated":true}]}}