{"id":9179,"date":"2026-09-03T08:18:23","date_gmt":"2026-09-03T12:18:23","guid":{"rendered":"https:\/\/www.elfuerte.cl\/web\/?p=9179"},"modified":"2026-09-03T08:27:17","modified_gmt":"2026-09-03T12:27:17","slug":"34a-feria-del-libro-de-valdivia-abre-este-viernes-con-tres-dias-de-literatura-conversaciones-y-musica-en-parque-saval","status":"publish","type":"post","link":"https:\/\/www.elfuerte.cl\/web\/2026\/09\/03\/34a-feria-del-libro-de-valdivia-abre-este-viernes-con-tres-dias-de-literatura-conversaciones-y-musica-en-parque-saval\/","title":{"rendered":"34\u00aa Feria del Libro de Valdivia abre este viernes con tres d\u00edas de literatura, conversaciones y m\u00fasica en Parque Saval"},"content":{"rendered":"\t\t<div data-elementor-type=\"wp-post\" data-elementor-id=\"9179\" class=\"elementor elementor-9179\">\n\t\t\t\t\t\t<section class=\"elementor-section elementor-top-section elementor-element elementor-element-464cea7 elementor-section-boxed elementor-section-height-default elementor-section-height-default\" data-id=\"464cea7\" data-element_type=\"section\">\r\n\t\t\t\t\t\t<div class=\"elementor-container elementor-column-gap-thegem\"><div class=\"elementor-row\">\r\n\t\t\t\t\t<div class=\"elementor-column elementor-col-66 elementor-top-column elementor-element elementor-element-2f44c54\" data-id=\"2f44c54\" data-element_type=\"column\">\n\t\t\t<div class=\"elementor-widget-wrap elementor-element-populated\">\n\t\t\t\t\t\t<div class=\"elementor-element elementor-element-ab386a6 flex-horizontal-align-default flex-horizontal-align-tablet-default flex-horizontal-align-mobile-default flex-vertical-align-default flex-vertical-align-tablet-default flex-vertical-align-mobile-default elementor-widget elementor-widget-heading\" data-id=\"ab386a6\" data-element_type=\"widget\" data-widget_type=\"heading.default\">\n\t\t\t\t\t<div class=\"title-h1 elementor-heading-title elementor-size-default\">34\u00aa Feria del Libro de Valdivia abre este viernes con tres d\u00edas \nde literatura, conversaciones y m\u00fasica en Parque Saval<\/div>\t\t\t\t<\/div>\n\t\t\t\t<div class=\"elementor-element elementor-element-8427bf3 elementor-widget__width-initial flex-horizontal-align-default flex-horizontal-align-tablet-default flex-horizontal-align-mobile-default flex-vertical-align-default flex-vertical-align-tablet-default flex-vertical-align-mobile-default elementor-widget elementor-widget-text-editor\" data-id=\"8427bf3\" data-element_type=\"widget\" data-widget_type=\"text-editor.default\">\n\t\t\t\t\t\t\t\t\t\t\t\t<div class=\"elementor-text-editor elementor-clearfix\">\r\n\t\t\t\t\t\t<p><strong><b>M\u00e1s de 30 actividades gratuitas contempla el tradicional encuentro cultural que se desarrollar\u00e1 entre el 4 y el 6 de septiembre. Mirko Macari, Ernesto Garratt, Colombina Parra y Romina Pistolas figuran entre los invitados de una programaci\u00f3n que incluir\u00e1 talleres, lanzamientos, conversatorios, actividades infantiles y presentaciones musicales.<\/b><\/strong><\/p><p><strong><b>VALDIVIA.\u2013<\/b><\/strong>\u00a0Este viernes 4 de septiembre comenzar\u00e1 en <strong><b>Parque Saval la 34\u00aa Feria del Libro de Valdivia<\/b><\/strong>, uno de los encuentros culturales de mayor trayectoria de la ciudad, que durante tres jornadas reunir\u00e1 a escritores, periodistas, editoriales, ilustradores, m\u00fasicos y p\u00fablico en torno a una programaci\u00f3n completamente gratuita.<\/p><p>Organizada por la <strong><b>Corporaci\u00f3n Cultural Municipal de Valdivia (CCM) y la Municipalidad de Valdivia<\/b><\/strong>, la feria se extender\u00e1 hasta el domingo 6, entre las <strong><b>10 y las 21 horas<\/b><\/strong>, bajo el lema <strong><b>\u201cCon la fuerza de los libros, imaginamos futuro\u201d<\/b><\/strong>.<\/p><p>La programaci\u00f3n contempla m\u00e1s de 30 actividades distribuidas en cinco l\u00edneas tem\u00e1ticas \u2014<strong><b>Naturaleza y Ciencia, Arte y Edici\u00f3n, Infancias, Sociedad y Memoria<\/b><\/strong>\u2014 y combina la tradicional presentaci\u00f3n de novedades editoriales con talleres, paneles, conversaciones sobre contingencia y cultura y espect\u00e1culos musicales.<\/p><p><strong>Macari y Romina Pistolas abren las conversaciones<\/strong><\/p><p>La jornada inaugural comenzar\u00e1 a las 10:45 horas con el taller de dibujo <strong><b>\u201cEspecies de funga, flora y fauna de Chile, a trav\u00e9s de la ilustraci\u00f3n\u201d<\/b><\/strong>, a cargo de Librer\u00eda Loco Kraft, seguido por un taller de acuarela e ilustraci\u00f3n cient\u00edfica y la presentaci\u00f3n de la Escuela de Saberes Tradicionales de la provincia de Valdivia.<\/p><p>Uno de los encuentros destacados del viernes se realizar\u00e1 a las <strong><b>17 horas<\/b><\/strong>, cuando el periodista <strong><b>Mirko Macari<\/b><\/strong>\u00a0participe junto a Colo Aguilar del conversatorio <strong><b>\u201cSe\u00f1or director: veinte a\u00f1os de prensa y poder en Chile\u201d<\/b><\/strong>.<\/p><p>A las 18 horas ser\u00e1 el turno de <strong><b>Romina Pistolas<\/b><\/strong>, proveniente de Calbuco, quien presentar\u00e1 <em><i>\u201cMi a\u00f1o de sexo y relajaci\u00f3n\u201d<\/i><\/em>, diario \u00edntimo de la autora de <em><i>\u201cCarmen\u201d<\/i><\/em>.<\/p><p>La <strong><b>inauguraci\u00f3n oficial est\u00e1 prevista para las 19 horas<\/b><\/strong>\u00a0y tendr\u00e1 como uno de sus momentos centrales la premiaci\u00f3n del tradicional <strong><b>Concurso Literario Fernando Santiv\u00e1n<\/b><\/strong>. La primera jornada cerrar\u00e1 con la presentaci\u00f3n musical del D\u00fao Ussiel B2B junto a Guest457.<\/p><p><strong>Colombina Parra y Ernesto Garrat el s\u00e1bado<\/strong><\/p><p>El s\u00e1bado 5 la programaci\u00f3n tendr\u00e1 entre sus protagonistas al escritor y periodista <strong><b>Ernesto Garratt<\/b><\/strong>, quien a las 11:45 horas realizar\u00e1 el taller <strong><b>\u201cC\u00f3mo convertir tu vida en una novela\u201d<\/b><\/strong>\u00a0y regresar\u00e1 a las 19 horas con el conversatorio <em><i>\u201cAllegados a lo audiovisual: de la vida a la pantalla\u201d<\/i><\/em>.<\/p><p>A las 12:45 horas, <strong><b>Ediciones Universidad Austral de Chile presentar\u00e1 \u201cCharles Darwin. Autobiograf\u00eda\u201d<\/b><\/strong>, con la participaci\u00f3n de Guillermo D&#8217;El\u00eda, Yanko Gonz\u00e1lez y V\u00edctor Godoy.<\/p><p>Uno de los principales encuentros de la jornada se producir\u00e1 a las 17 horas con <strong><b>Colombina Parra<\/b><\/strong>, quien protagonizar\u00e1 el conversatorio y presentaci\u00f3n musical <em><i>\u201cOtro tipo de m\u00fasica\u201d<\/i><\/em>, una actividad de relatos y canciones en primera persona que se realizar\u00e1 adem\u00e1s <strong><b>en el marco del natalicio de Nicanor Parra<\/b><\/strong>.<\/p><p>La m\u00fasica continuar\u00e1 a las 18 horas con <strong><b>\u201cEl sur a la rueda\u201d<\/b><\/strong>, que reunir\u00e1 a Vicente Cifuentes, de Chill\u00e1n; Annia Ivania, de Puerto Montt, y Elliot, de Valdivia. El cierre estar\u00e1 a cargo de <strong><b>Aurora y las Gardenias<\/b><\/strong>, con boleros y m\u00fasica bailable.<\/p><p><strong>Libros e infancias en la \u00faltima jornada<\/strong><\/p><p>El domingo comenzar\u00e1 con actividades especialmente dirigidas al p\u00fablico familiar. A las 10:45 horas se realizar\u00e1 el taller <strong><b>\u201cArmables de papel: fauna nativa\u201d<\/b><\/strong>, mientras que a las 11:45 Mar\u00eda Jos\u00e9 Rosell\u00f3 presentar\u00e1 <em><i>\u201cSimone, la pastora de los mares\u201d<\/i><\/em>.<\/p><p>A las 12:45 horas tendr\u00e1 lugar el <strong><b>lanzamiento nacional de \u201cPumita y la Ni\u00f1ita\u201d, de Jack Elkyon<\/b><\/strong>, publicado por Editorial 5 Sur.<\/p><p>La relaci\u00f3n entre literatura e infancia tendr\u00e1 un espacio propio a las 15 horas con el panel <strong><b>\u201cLeer como se come: lectura para infancias\u201d<\/b><\/strong>, en el que participar\u00e1n Fernando Mora Araneda, Fabiola N\u00fa\u00f1ez Hornig y Mabel Galindo Encina.<\/p><p>Durante la tarde se sumar\u00e1n la presentaci\u00f3n de <em><i>\u201cTuya, m\u00eda, para ti y para m\u00ed\u201d<\/i><\/em>, de Vladimiro Mimica; la charla de Kamila Gonz\u00e1lez sobre <em><i>\u201cEl convento\u201d<\/i><\/em>, desde su origen viral en TikTok hasta su transformaci\u00f3n en libro; y el lanzamiento de <strong><b>\u201cPablito Recupera \/ Psicolog\u00eda callejera\u201d<\/b><\/strong>, de Pablo Y\u00e9venes, que abordar\u00e1 adicciones y salud mental desde un lenguaje directo.<\/p><p>La m\u00fasica de <strong><b>Mr. G Funk<\/b><\/strong>, con una propuesta de rap y hip hop desde Valdivia, marcar\u00e1 a las 19 horas la \u00faltima presentaci\u00f3n art\u00edstica antes del cierre de la feria.<\/p><p>Para la gerente de la Corporaci\u00f3n Cultural Municipal de Valdivia, <strong><b>Isabel Tobar<\/b><\/strong>, la permanencia del encuentro durante 34 ediciones demuestra una vocaci\u00f3n que supera la realizaci\u00f3n de un evento literario.<\/p><p>\u201c<strong><b>La Feria del Libro no es solo un encuentro de autores y editoriales: es una acci\u00f3n concreta de fomento lector que trasciende lo local y posiciona a nuestra regi\u00f3n como un referente cultural. Leer transforma, y esa transformaci\u00f3n posibilita la construcci\u00f3n de otros futuros<\/b><\/strong>\u201d, destac\u00f3.<\/p><p>La 34\u00aa Feria del Libro de Valdivia se desarrollar\u00e1 <strong><b>desde este viernes 4 hasta el domingo 6 de septiembre, de 10 a 21 horas, en Parque Saval<\/b><\/strong>, con entrada liberada durante las tres jornadas.<\/p><p><strong><b>Redacci\u00f3n El Fuerte Noticias<\/b><\/strong><\/p>\t\t\t\t\t\t\t<\/div>\r\n\t\t\t\t\t\t\t\t\t\t<\/div>\n\t\t\t\t<div class=\"elementor-element elementor-element-5ac3e4a flex-horizontal-align-default flex-horizontal-align-tablet-default flex-horizontal-align-mobile-default flex-vertical-align-default flex-vertical-align-tablet-default flex-vertical-align-mobile-default elementor-widget elementor-widget-thegem-styledimage\" data-id=\"5ac3e4a\" data-element_type=\"widget\" data-settings=\"{&quot;thegem_elementor_preset&quot;:&quot;style-2&quot;,&quot;image&quot;:{&quot;url&quot;:&quot;https:\\\/\\\/elfuerte.cl\\\/web\\\/wp-content\\\/uploads\\\/2025\\\/10\\\/bannerefdelsur.jpg&quot;,&quot;id&quot;:1540,&quot;size&quot;:&quot;&quot;,&quot;alt&quot;:&quot;&quot;,&quot;source&quot;:&quot;library&quot;},&quot;image_position&quot;:&quot;left&quot;}\" data-widget_type=\"thegem-styledimage.default\">\n\t\t\t\t<div class=\"elementor-widget-container\">\n\t\t\t\t\t\n<div class=\"styled-image-wrapper\">\n\t\t\t<div class=\"gem-image gem-wrapbox gem-wrapbox-style-2 gem-wrapbox-position-left lazy-loading \">\n\t\t\t<div class=\"gem-wrapbox-inner  lazy-loading-item\"  data-ll-effect=\"move-up\">\n\t\t\t\t\t\t\t\t<a href=\"#\">\n\t\t\t\t\t\t\t\t\t\t<img class=\"gem-wrapbox-element img-responsive \"\n\t\t\t\t\t\t src=\"https:\/\/www.elfuerte.cl\/web\/wp-content\/uploads\/2025\/10\/bannerefdelsur.jpg\"\n\t\t\t\t\t\t alt=\"bannerefdelsur\">\n\t\t\t\t\t\t\t\t\t\t\t\t\t\t<\/a>\n\t\t\t\t\t\t<\/div>\n\t\t<\/div>\n\t\t<\/div>\n\n\n\t\n\t\t\t\t\t\t<\/div>\n\t\t\t\t<\/div>\n\t\t\t\t\t<\/div>\n\t\t<\/div>\n\t\t\t\t<div class=\"elementor-column elementor-col-33 elementor-top-column elementor-element elementor-element-dfac7b7\" data-id=\"dfac7b7\" data-element_type=\"column\">\n\t\t\t<div class=\"elementor-widget-wrap elementor-element-populated\">\n\t\t\t\t\t\t<div class=\"elementor-element elementor-element-af7077d flex-horizontal-align-default flex-horizontal-align-tablet-default flex-horizontal-align-mobile-default flex-vertical-align-default flex-vertical-align-tablet-default flex-vertical-align-mobile-default elementor-widget elementor-widget-sidebar\" data-id=\"af7077d\" data-element_type=\"widget\" data-settings=\"{&quot;thegem_custom_css&quot;:&quot;.gem-pp-posts-image {\\r\\n    width: 72px;\\r\\n}\\r\\n.gem-pp-posts-image img {\\r\\n    border-radius: 50%;\\r\\n}\\r\\nselector h4 {\\r\\n    padding-top: 40px;\\r\\n}&quot;}\" data-widget_type=\"sidebar.default\">\n\t\t\t\t\t<aside id=\"media_image-3\" class=\"widget widget_media_image\"><img width=\"750\" height=\"750\" src=\"https:\/\/www.elfuerte.cl\/web\/wp-content\/uploads\/2025\/10\/bannerrojook.jpg\" class=\"image wp-image-1681  attachment-full size-full\" alt=\"\" style=\"max-width: 100%; height: auto;\" title=\"Banner\" srcset=\"https:\/\/www.elfuerte.cl\/web\/wp-content\/uploads\/2025\/10\/bannerrojook.jpg 750w, https:\/\/www.elfuerte.cl\/web\/wp-content\/uploads\/2025\/10\/bannerrojook-300x300.jpg 300w, https:\/\/www.elfuerte.cl\/web\/wp-content\/uploads\/2025\/10\/bannerrojook-150x150.jpg 150w, https:\/\/www.elfuerte.cl\/web\/wp-content\/uploads\/2025\/10\/bannerrojook-256x256.jpg 256w\" sizes=\"(max-width: 750px) 100vw, 750px\" \/><\/aside><aside id=\"categories-2\" class=\"widget widget_categories\"><h4 class=\"widget-title\">Secciones<\/h4>\n\t\t\t<ul>\n\t\t\t\t\t<li class=\"cat-item cat-item-21\"><a href=\"https:\/\/www.elfuerte.cl\/web\/category\/actualidad\/\" title=\"View all posts filed under Actualidad\">Actualidad<\/a>\n<\/li>\n\t<li class=\"cat-item cat-item-100\"><a href=\"https:\/\/www.elfuerte.cl\/web\/category\/destacados\/\" title=\"View all posts filed under Destacados\">Destacados<\/a>\n<\/li>\n\t<li class=\"cat-item cat-item-101\"><a href=\"https:\/\/www.elfuerte.cl\/web\/category\/region-ludica\/\" title=\"View all posts filed under Regi\u00f3n L\u00fadica\">Regi\u00f3n L\u00fadica<\/a>\n<\/li>\n\t<li class=\"cat-item cat-item-157\"><a href=\"https:\/\/www.elfuerte.cl\/web\/category\/sala-de-redaccion\/\" title=\"View all posts filed under Sala de Redacci\u00f3n\">Sala de Redacci\u00f3n<\/a>\n<\/li>\n\t\t\t<\/ul>\n\n\t\t\t<\/aside><aside id=\"custom_popular_posts-2\" class=\"widget Custom_Popular_Posts\"><h4 class=\"widget-title\">Populares<\/h4><ul class=\"posts  styled\"><li class=\"clearfix gem-pp-posts\"><div class=\"gem-pp-posts-image\"><a href=\"https:\/\/www.elfuerte.cl\/web\/2025\/10\/11\/recuperar-una-casa-y-un-icono-de-la-historia-lotina\/\"><img src=\"https:\/\/www.elfuerte.cl\/web\/wp-content\/uploads\/2025\/10\/actualidad003-copia-thegem-post-thumb-large.jpg\" srcset=\"https:\/\/www.elfuerte.cl\/web\/wp-content\/uploads\/2025\/10\/actualidad003-copia-thegem-post-thumb-small.jpg 1x, https:\/\/www.elfuerte.cl\/web\/wp-content\/uploads\/2025\/10\/actualidad003-copia-thegem-post-thumb-large.jpg 2x\" alt=\"\"\/><\/a><\/div><div class=\"gem-pp-posts-text\"> <div class=\"gem-pp-posts-item\"><a href=\"https:\/\/www.elfuerte.cl\/web\/2025\/10\/11\/recuperar-una-casa-y-un-icono-de-la-historia-lotina\/\">Recuperar una casa y un \u00edcono de la historia lotina<\/a><\/div><div class=\"gem-pp-posts-date\">11\/10\/2025<\/div><\/div><\/li><li class=\"clearfix gem-pp-posts\"><div class=\"gem-pp-posts-image\"><a href=\"https:\/\/www.elfuerte.cl\/web\/2025\/10\/08\/indap-impulsa-acceso-a-tierras-y-emprendimiento-para-juventudes-rurales-con-nuevo-programa-tierra-joven\/\"><img src=\"https:\/\/www.elfuerte.cl\/web\/wp-content\/uploads\/2025\/10\/actualidad001-copia-thegem-post-thumb-large.jpg\" srcset=\"https:\/\/www.elfuerte.cl\/web\/wp-content\/uploads\/2025\/10\/actualidad001-copia-thegem-post-thumb-small.jpg 1x, https:\/\/www.elfuerte.cl\/web\/wp-content\/uploads\/2025\/10\/actualidad001-copia-thegem-post-thumb-large.jpg 2x\" alt=\"\"\/><\/a><\/div><div class=\"gem-pp-posts-text\"> <div class=\"gem-pp-posts-item\"><a href=\"https:\/\/www.elfuerte.cl\/web\/2025\/10\/08\/indap-impulsa-acceso-a-tierras-y-emprendimiento-para-juventudes-rurales-con-nuevo-programa-tierra-joven\/\">INDAP impulsa acceso a tierras y emprendimiento para juventudes rurales con nuevo programa \u201cTierra Joven\u201d<\/a><\/div><div class=\"gem-pp-posts-date\">08\/10\/2025<\/div><\/div><\/li><li class=\"clearfix gem-pp-posts\"><div class=\"gem-pp-posts-image\"><a href=\"https:\/\/www.elfuerte.cl\/web\/2025\/09\/05\/la-derrota-que-dejo-al-gobierno-sin-brujula\/\"><img src=\"https:\/\/www.elfuerte.cl\/web\/wp-content\/uploads\/2025\/09\/actualidad004-thegem-post-thumb-large.jpg\" srcset=\"https:\/\/www.elfuerte.cl\/web\/wp-content\/uploads\/2025\/09\/actualidad004-thegem-post-thumb-small.jpg 1x, https:\/\/www.elfuerte.cl\/web\/wp-content\/uploads\/2025\/09\/actualidad004-thegem-post-thumb-large.jpg 2x\" alt=\"\"\/><\/a><\/div><div class=\"gem-pp-posts-text\"> <div class=\"gem-pp-posts-item\"><a href=\"https:\/\/www.elfuerte.cl\/web\/2025\/09\/05\/la-derrota-que-dejo-al-gobierno-sin-brujula\/\">La derrota que dej\u00f3 al gobierno sin br\u00fajula<\/a><\/div><div class=\"gem-pp-posts-date\">05\/09\/2025<\/div><\/div><\/li><li class=\"clearfix gem-pp-posts\"><div class=\"gem-pp-posts-image\"><a href=\"https:\/\/www.elfuerte.cl\/web\/2025\/10\/16\/ejercicio-binacional-permitio-llevar-atencion-medica-a-sectores-rurales-de-puerto-varas\/\"><img src=\"https:\/\/www.elfuerte.cl\/web\/wp-content\/uploads\/2025\/10\/actualidad006-thegem-post-thumb-large.jpg\" srcset=\"https:\/\/www.elfuerte.cl\/web\/wp-content\/uploads\/2025\/10\/actualidad006-thegem-post-thumb-small.jpg 1x, https:\/\/www.elfuerte.cl\/web\/wp-content\/uploads\/2025\/10\/actualidad006-thegem-post-thumb-large.jpg 2x\" alt=\"\"\/><\/a><\/div><div class=\"gem-pp-posts-text\"> <div class=\"gem-pp-posts-item\"><a href=\"https:\/\/www.elfuerte.cl\/web\/2025\/10\/16\/ejercicio-binacional-permitio-llevar-atencion-medica-a-sectores-rurales-de-puerto-varas\/\">Ejercicio binacional permiti\u00f3 llevar atenci\u00f3n  m\u00e9dica a sectores rurales de Puerto Varas<\/a><\/div><div class=\"gem-pp-posts-date\">16\/10\/2025<\/div><\/div><\/li><\/ul><\/aside>\t\t\t\t<\/div>\n\t\t\t\t\t<\/div>\n\t\t<\/div>\n\t\t\t\t\t<\/div><\/div>\r\n\t\t<\/section>\r\n\t\t<div class=\"elementor-element elementor-element-f50ba16 thegem-e-con-layout-thegem e-flex e-con-boxed e-con e-parent\" data-id=\"f50ba16\" data-element_type=\"container\" data-settings=\"{&quot;thegem_container_layout&quot;:&quot;thegem&quot;}\">\r\n\t\t\t\t\t<div class=\"e-con-inner\">\r\n\t\t\t\t\t<\/div>\n\t\t\t\t<\/div>\n\t\t\t\t<\/div>\n\t\t","protected":false},"excerpt":{"rendered":"<p>M\u00e1s de 30 actividades gratuitas contempla el tradicional encuentro cultural que se desarrollar\u00e1 entre el 4 y el 6 de septiembre. Mirko Macari, Ernesto Garratt, Colombina Parra y Romina Pistolas figuran entre los invitados de una programaci\u00f3n que incluir\u00e1 talleres, lanzamientos, conversatorios, actividades infantiles y presentaciones musicales.<\/p>\n","protected":false},"author":1,"featured_media":9181,"comment_status":"closed","ping_status":"closed","sticky":false,"template":"single-fullwidth.php","format":"standard","meta":{"footnotes":""},"categories":[21,100],"tags":[1293,1292,285,142],"class_list":{"0":"post-9179","1":"post","2":"type-post","3":"status-publish","4":"format-standard","5":"has-post-thumbnail","7":"category-actualidad","8":"category-destacados","9":"tag-autores","10":"tag-feria-del-libro","11":"tag-parque-saval","12":"tag-valdivia"},"menu_order":1,"_links":{"self":[{"href":"https:\/\/www.elfuerte.cl\/web\/wp-json\/wp\/v2\/posts\/9179","targetHints":{"allow":["GET"]}}],"collection":[{"href":"https:\/\/www.elfuerte.cl\/web\/wp-json\/wp\/v2\/posts"}],"about":[{"href":"https:\/\/www.elfuerte.cl\/web\/wp-json\/wp\/v2\/types\/post"}],"author":[{"embeddable":true,"href":"https:\/\/www.elfuerte.cl\/web\/wp-json\/wp\/v2\/users\/1"}],"replies":[{"embeddable":true,"href":"https:\/\/www.elfuerte.cl\/web\/wp-json\/wp\/v2\/comments?post=9179"}],"version-history":[{"count":4,"href":"https:\/\/www.elfuerte.cl\/web\/wp-json\/wp\/v2\/posts\/9179\/revisions"}],"predecessor-version":[{"id":9185,"href":"https:\/\/www.elfuerte.cl\/web\/wp-json\/wp\/v2\/posts\/9179\/revisions\/9185"}],"wp:featuredmedia":[{"embeddable":true,"href":"https:\/\/www.elfuerte.cl\/web\/wp-json\/wp\/v2\/media\/9181"}],"wp:attachment":[{"href":"https:\/\/www.elfuerte.cl\/web\/wp-json\/wp\/v2\/media?parent=9179"}],"wp:term":[{"taxonomy":"category","embeddable":true,"href":"https:\/\/www.elfuerte.cl\/web\/wp-json\/wp\/v2\/categories?post=9179"},{"taxonomy":"post_tag","embeddable":true,"href":"https:\/\/www.elfuerte.cl\/web\/wp-json\/wp\/v2\/tags?post=9179"}],"curies":[{"name":"wp","href":"https:\/\/api.w.org\/{rel}","templated":true}]}}