{"id":9186,"date":"2026-09-03T11:10:53","date_gmt":"2026-09-03T15:10:53","guid":{"rendered":"https:\/\/www.elfuerte.cl\/web\/?p=9186"},"modified":"2026-09-03T11:19:43","modified_gmt":"2026-09-03T15:19:43","slug":"liceo-bicentenario-gabriela-mistral-de-mafil-celebro-la-educacion-tp-con-una-intensa-semana-de-actividades","status":"publish","type":"post","link":"https:\/\/www.elfuerte.cl\/web\/2026\/09\/03\/liceo-bicentenario-gabriela-mistral-de-mafil-celebro-la-educacion-tp-con-una-intensa-semana-de-actividades\/","title":{"rendered":"Liceo Bicentenario Gabriela Mistral de M\u00e1fil celebr\u00f3 la Educaci\u00f3n TP con una intensa semana de actividades"},"content":{"rendered":"\t\t<div data-elementor-type=\"wp-post\" data-elementor-id=\"9186\" class=\"elementor elementor-9186\">\n\t\t\t\t\t\t<section class=\"elementor-section elementor-top-section elementor-element elementor-element-464cea7 elementor-section-boxed elementor-section-height-default elementor-section-height-default\" data-id=\"464cea7\" data-element_type=\"section\">\r\n\t\t\t\t\t\t<div class=\"elementor-container elementor-column-gap-thegem\"><div class=\"elementor-row\">\r\n\t\t\t\t\t<div class=\"elementor-column elementor-col-66 elementor-top-column elementor-element elementor-element-2f44c54\" data-id=\"2f44c54\" data-element_type=\"column\">\n\t\t\t<div class=\"elementor-widget-wrap elementor-element-populated\">\n\t\t\t\t\t\t<div class=\"elementor-element elementor-element-ab386a6 flex-horizontal-align-default flex-horizontal-align-tablet-default flex-horizontal-align-mobile-default flex-vertical-align-default flex-vertical-align-tablet-default flex-vertical-align-mobile-default elementor-widget elementor-widget-heading\" data-id=\"ab386a6\" data-element_type=\"widget\" data-widget_type=\"heading.default\">\n\t\t\t\t\t<div class=\"title-h1 elementor-heading-title elementor-size-default\">Liceo Bicentenario Gabriela Mistral de M\u00e1fil celebr\u00f3\n la Educaci\u00f3n TP con una intensa semana de actividades<\/div>\t\t\t\t<\/div>\n\t\t\t\t<div class=\"elementor-element elementor-element-8427bf3 elementor-widget__width-initial flex-horizontal-align-default flex-horizontal-align-tablet-default flex-horizontal-align-mobile-default flex-vertical-align-default flex-vertical-align-tablet-default flex-vertical-align-mobile-default elementor-widget elementor-widget-text-editor\" data-id=\"8427bf3\" data-element_type=\"widget\" data-widget_type=\"text-editor.default\">\n\t\t\t\t\t\t\t\t\t\t\t\t<div class=\"elementor-text-editor elementor-clearfix\">\r\n\t\t\t\t\t\t<p><strong>Investidura de nuevos estudiantes, encuentros con exalumnos, vinculaci\u00f3n con empresas e instituciones, reconocimientos regionales y la titulaci\u00f3n de una nueva generaci\u00f3n marcaron la Semana T\u00e9cnico Profesional del establecimiento. Con sus especialidades de Atenci\u00f3n de P\u00e1rvulos y Programaci\u00f3n, el liceo busca entregar alternativas formativas vinculadas con las necesidades del territorio y abrir nuevas oportunidades para sus estudiantes.<\/strong><\/p><p><strong><b>M\u00c1FIL.\u2013<\/b><\/strong>\u00a0Con una intensa programaci\u00f3n desarrollada durante cinco jornadas, el Liceo Bicentenario Gabriela Mistral de M\u00e1fil conmemor\u00f3 la Semana de la Educaci\u00f3n T\u00e9cnico Profesional, poniendo en valor el trabajo que desarrolla a trav\u00e9s de sus especialidades de Atenci\u00f3n de P\u00e1rvulos y Programaci\u00f3n, dos alternativas que permiten a sus estudiantes adquirir competencias para incorporarse al mundo laboral y, al mismo tiempo, continuar estudios superiores.<\/p><p>Las actividades desarrolladas entre el lunes 24 y el viernes 28 de agosto permitieron mostrar distintas etapas de esta trayectoria: desde estudiantes de tercero medio que comienzan formalmente su preparaci\u00f3n en una especialidad, hasta j\u00f3venes que completaron su pr\u00e1ctica profesional y recibieron sus t\u00edtulos. A ello se sumaron encuentros con exalumnos, actividades de vinculaci\u00f3n con instituciones y empresas y la participaci\u00f3n del establecimiento en la conmemoraci\u00f3n regional de la Educaci\u00f3n T\u00e9cnico Profesional.<\/p><p>La semana permiti\u00f3 adem\u00e1s relevar una caracter\u00edstica de la propuesta educativa del liceo: ofrecer a sus estudiantes diferentes alternativas para construir su futuro, combinando la formaci\u00f3n T\u00e9cnico Profesional con la modalidad Humanista-Cient\u00edfica, para quienes proyectan continuar directamente hacia la educaci\u00f3n superior.<\/p><p><strong>Una semana que comenz\u00f3 con la investidura<\/strong><\/p><p>Las actividades se iniciaron el lunes 24 de agosto con la conmemoraci\u00f3n del D\u00eda de la Educaci\u00f3n T\u00e9cnico Profesional y la ceremonia de Investidura de los estudiantes de tercero medio de Atenci\u00f3n de P\u00e1rvulos y Programaci\u00f3n.<\/p><p>Acompa\u00f1ados por sus familias, estudiantes, invitados y representantes del establecimiento, los j\u00f3venes recibieron su piocha de investidura, s\u00edmbolo del compromiso que comienzan a asumir con su especialidad, su futura trayectoria profesional y los valores asociados a la formaci\u00f3n T\u00e9cnico Profesional.<\/p><p>El martes 25 se desarroll\u00f3 el Tercer Conversatorio T\u00e9cnico Profesional \u201cTrayectorias que Inspiran\u201d, encuentro que permiti\u00f3 a los actuales estudiantes conocer qu\u00e9 ocurri\u00f3 con j\u00f3venes que anteriormente pasaron por las mismas aulas y especialidades.<\/p><p>Participaron Carlos Carrasco, exalumno de Programaci\u00f3n y actualmente estudiante de Ingenier\u00eda Inform\u00e1tica; Mart\u00edn Higueras, tambi\u00e9n egresado de Programaci\u00f3n y hoy funcionario municipal; Marlyn Pe\u00f1a, exalumna de Atenci\u00f3n de P\u00e1rvulos y actualmente Ingeniera Agr\u00f3noma; y Constanza Almonacid, exestudiante del liceo y hoy Fonoaudi\u00f3loga.<\/p><p>La programaci\u00f3n continu\u00f3 el mi\u00e9rcoles 26 en Valdivia, donde el establecimiento particip\u00f3 en la Conmemoraci\u00f3n Regional del D\u00eda Nacional de la Educaci\u00f3n T\u00e9cnico Profesional, organizada por la Secretar\u00eda Regional Ministerial de Educaci\u00f3n de Los R\u00edos.<\/p><p>En la instancia fueron reconocidos Alejandra Meneses, de la especialidad de Atenci\u00f3n de P\u00e1rvulos, y Dami\u00e1n Aravena, de Programaci\u00f3n, por representar cualidades y competencias asociadas al perfil del estudiante T\u00e9cnico Profesional.<\/p><p>Uno de los \u00e9nfasis de la semana estuvo puesto en acercar la formaci\u00f3n que reciben los estudiantes a situaciones y experiencias concretas de sus futuras \u00e1reas de desempe\u00f1o.<\/p><p>Por ello, el jueves 27, el liceo recibi\u00f3 a instituciones externas con las cuales mantiene v\u00ednculos y convenios de colaboraci\u00f3n. Las estudiantes de Atenci\u00f3n de P\u00e1rvulos participaron en una charla de Andrea Jara, directora del Jard\u00edn Infantil Peque\u00f1os Abracitos de M\u00e1fil, quien abord\u00f3 experiencias y estrategias metodol\u00f3gicas utilizadas en el trabajo cotidiano con las ni\u00f1eces.<\/p><p>Los estudiantes de Programaci\u00f3n, en tanto, recibieron a profesionales de TGD de Telef\u00f3nica del Sur, quienes desarrollaron una exposici\u00f3n pr\u00e1ctica sobre fibra \u00f3ptica, conectividad e internet satelital Starlink, acerc\u00e1ndolos a tecnolog\u00edas que forman parte de los actuales procesos de telecomunicaciones.<\/p><p><strong>Como cierre: ceremonia de <\/strong><strong>titulaci\u00f3n<\/strong><\/p><p>El cierre de la semana tuvo un simbolismo especial. Si las actividades hab\u00edan comenzado con j\u00f3venes de tercero medio recibiendo la piocha que marca su ingreso a una especialidad, el viernes 28 fue el turno de quienes llegaron al final de ese recorrido.<\/p><p>La Ceremonia de Titulaci\u00f3n de la Promoci\u00f3n 2026 reuni\u00f3 a los nuevos t\u00e9cnicos de nivel medio de Atenci\u00f3n de P\u00e1rvulos y Programaci\u00f3n, acompa\u00f1ados por sus familias, autoridades comunales, representantes del establecimiento y del Servicio Local de Educaci\u00f3n P\u00fablica.<\/p><p>Durante la jornada fueron reconocidos adem\u00e1s estudiantes destacados por su desempe\u00f1o y esfuerzo durante la Pr\u00e1ctica Profesional, incluyendo la entrega del Premio al M\u00e9rito y otros reconocimientos asociados al compromiso demostrado durante esta etapa.<\/p><p>En relaci\u00f3n a la conmemoraci\u00f3n de la semana TP, el director del establecimiento, Arturo Alvear, coment\u00f3 que \u201cestamos muy contentos por las diversas actividades que se realizaron en el liceo esta semana, por que pusimos en valor nuestra propuesta de formaci\u00f3n t\u00e9cnica en Atenci\u00f3n de P\u00e1rvulos y Programaci\u00f3n. En una comuna como M\u00e1fil, contar con estas especialidades ampl\u00eda las alternativas disponibles para la formaci\u00f3n de las nuevas generaciones, y \u00e9se es nuestro compromiso\u201d.<\/p><p>El desarrollo de la semana fue posible gracias al trabajo del equipo T\u00e9cnico Profesional integrado por Caroline Navarrete, coordinadora T\u00e9cnico Profesional; Natalie Oyarzo, educadora diferencial de apoyo al \u00e1rea TP; B\u00e1rbara Rosas, docente de Atenci\u00f3n de P\u00e1rvulos; Yerko Riquelme, jefe de la especialidad de Programaci\u00f3n; y David \u00c1lvarez, docente de Programaci\u00f3n, junto al trabajo de la comunidad educativa y las instituciones colaboradoras.<\/p><p><strong>Redacci\u00f3n El Fuerte Noticias<\/strong><\/p>\t\t\t\t\t\t\t<\/div>\r\n\t\t\t\t\t\t\t\t\t\t<\/div>\n\t\t\t\t<div class=\"elementor-element elementor-element-5ac3e4a flex-horizontal-align-default flex-horizontal-align-tablet-default flex-horizontal-align-mobile-default flex-vertical-align-default flex-vertical-align-tablet-default flex-vertical-align-mobile-default elementor-widget elementor-widget-thegem-styledimage\" data-id=\"5ac3e4a\" data-element_type=\"widget\" data-settings=\"{&quot;thegem_elementor_preset&quot;:&quot;style-2&quot;,&quot;image&quot;:{&quot;url&quot;:&quot;https:\\\/\\\/elfuerte.cl\\\/web\\\/wp-content\\\/uploads\\\/2025\\\/10\\\/bannerefdelsur.jpg&quot;,&quot;id&quot;:1540,&quot;size&quot;:&quot;&quot;,&quot;alt&quot;:&quot;&quot;,&quot;source&quot;:&quot;library&quot;},&quot;image_position&quot;:&quot;left&quot;}\" data-widget_type=\"thegem-styledimage.default\">\n\t\t\t\t<div class=\"elementor-widget-container\">\n\t\t\t\t\t\n<div class=\"styled-image-wrapper\">\n\t\t\t<div class=\"gem-image gem-wrapbox gem-wrapbox-style-2 gem-wrapbox-position-left lazy-loading \">\n\t\t\t<div class=\"gem-wrapbox-inner  lazy-loading-item\"  data-ll-effect=\"move-up\">\n\t\t\t\t\t\t\t\t<a href=\"#\">\n\t\t\t\t\t\t\t\t\t\t<img class=\"gem-wrapbox-element img-responsive \"\n\t\t\t\t\t\t src=\"https:\/\/www.elfuerte.cl\/web\/wp-content\/uploads\/2025\/10\/bannerefdelsur.jpg\"\n\t\t\t\t\t\t alt=\"bannerefdelsur\">\n\t\t\t\t\t\t\t\t\t\t\t\t\t\t<\/a>\n\t\t\t\t\t\t<\/div>\n\t\t<\/div>\n\t\t<\/div>\n\n\n\t\n\t\t\t\t\t\t<\/div>\n\t\t\t\t<\/div>\n\t\t\t\t\t<\/div>\n\t\t<\/div>\n\t\t\t\t<div class=\"elementor-column elementor-col-33 elementor-top-column elementor-element elementor-element-dfac7b7\" data-id=\"dfac7b7\" data-element_type=\"column\">\n\t\t\t<div class=\"elementor-widget-wrap elementor-element-populated\">\n\t\t\t\t\t\t<div class=\"elementor-element elementor-element-af7077d flex-horizontal-align-default flex-horizontal-align-tablet-default flex-horizontal-align-mobile-default flex-vertical-align-default flex-vertical-align-tablet-default flex-vertical-align-mobile-default elementor-widget elementor-widget-sidebar\" data-id=\"af7077d\" data-element_type=\"widget\" data-settings=\"{&quot;thegem_custom_css&quot;:&quot;.gem-pp-posts-image {\\r\\n    width: 72px;\\r\\n}\\r\\n.gem-pp-posts-image img {\\r\\n    border-radius: 50%;\\r\\n}\\r\\nselector h4 {\\r\\n    padding-top: 40px;\\r\\n}&quot;}\" data-widget_type=\"sidebar.default\">\n\t\t\t\t\t<aside id=\"media_image-3\" class=\"widget widget_media_image\"><img width=\"750\" height=\"750\" src=\"https:\/\/www.elfuerte.cl\/web\/wp-content\/uploads\/2025\/10\/bannerrojook.jpg\" class=\"image wp-image-1681  attachment-full size-full\" alt=\"\" style=\"max-width: 100%; height: auto;\" title=\"Banner\" srcset=\"https:\/\/www.elfuerte.cl\/web\/wp-content\/uploads\/2025\/10\/bannerrojook.jpg 750w, https:\/\/www.elfuerte.cl\/web\/wp-content\/uploads\/2025\/10\/bannerrojook-300x300.jpg 300w, https:\/\/www.elfuerte.cl\/web\/wp-content\/uploads\/2025\/10\/bannerrojook-150x150.jpg 150w, https:\/\/www.elfuerte.cl\/web\/wp-content\/uploads\/2025\/10\/bannerrojook-256x256.jpg 256w\" sizes=\"(max-width: 750px) 100vw, 750px\" \/><\/aside><aside id=\"categories-2\" class=\"widget widget_categories\"><h4 class=\"widget-title\">Secciones<\/h4>\n\t\t\t<ul>\n\t\t\t\t\t<li class=\"cat-item cat-item-21\"><a href=\"https:\/\/www.elfuerte.cl\/web\/category\/actualidad\/\" title=\"View all posts filed under Actualidad\">Actualidad<\/a>\n<\/li>\n\t<li class=\"cat-item cat-item-100\"><a href=\"https:\/\/www.elfuerte.cl\/web\/category\/destacados\/\" title=\"View all posts filed under Destacados\">Destacados<\/a>\n<\/li>\n\t<li class=\"cat-item cat-item-101\"><a href=\"https:\/\/www.elfuerte.cl\/web\/category\/region-ludica\/\" title=\"View all posts filed under Regi\u00f3n L\u00fadica\">Regi\u00f3n L\u00fadica<\/a>\n<\/li>\n\t<li class=\"cat-item cat-item-157\"><a href=\"https:\/\/www.elfuerte.cl\/web\/category\/sala-de-redaccion\/\" title=\"View all posts filed under Sala de Redacci\u00f3n\">Sala de Redacci\u00f3n<\/a>\n<\/li>\n\t\t\t<\/ul>\n\n\t\t\t<\/aside><aside id=\"custom_popular_posts-2\" class=\"widget Custom_Popular_Posts\"><h4 class=\"widget-title\">Populares<\/h4><ul class=\"posts  styled\"><li class=\"clearfix gem-pp-posts\"><div class=\"gem-pp-posts-image\"><a href=\"https:\/\/www.elfuerte.cl\/web\/2025\/10\/11\/recuperar-una-casa-y-un-icono-de-la-historia-lotina\/\"><img src=\"https:\/\/www.elfuerte.cl\/web\/wp-content\/uploads\/2025\/10\/actualidad003-copia-thegem-post-thumb-large.jpg\" srcset=\"https:\/\/www.elfuerte.cl\/web\/wp-content\/uploads\/2025\/10\/actualidad003-copia-thegem-post-thumb-small.jpg 1x, https:\/\/www.elfuerte.cl\/web\/wp-content\/uploads\/2025\/10\/actualidad003-copia-thegem-post-thumb-large.jpg 2x\" alt=\"\"\/><\/a><\/div><div class=\"gem-pp-posts-text\"> <div class=\"gem-pp-posts-item\"><a href=\"https:\/\/www.elfuerte.cl\/web\/2025\/10\/11\/recuperar-una-casa-y-un-icono-de-la-historia-lotina\/\">Recuperar una casa y un \u00edcono de la historia lotina<\/a><\/div><div class=\"gem-pp-posts-date\">11\/10\/2025<\/div><\/div><\/li><li class=\"clearfix gem-pp-posts\"><div class=\"gem-pp-posts-image\"><a href=\"https:\/\/www.elfuerte.cl\/web\/2025\/10\/08\/indap-impulsa-acceso-a-tierras-y-emprendimiento-para-juventudes-rurales-con-nuevo-programa-tierra-joven\/\"><img src=\"https:\/\/www.elfuerte.cl\/web\/wp-content\/uploads\/2025\/10\/actualidad001-copia-thegem-post-thumb-large.jpg\" srcset=\"https:\/\/www.elfuerte.cl\/web\/wp-content\/uploads\/2025\/10\/actualidad001-copia-thegem-post-thumb-small.jpg 1x, https:\/\/www.elfuerte.cl\/web\/wp-content\/uploads\/2025\/10\/actualidad001-copia-thegem-post-thumb-large.jpg 2x\" alt=\"\"\/><\/a><\/div><div class=\"gem-pp-posts-text\"> <div class=\"gem-pp-posts-item\"><a href=\"https:\/\/www.elfuerte.cl\/web\/2025\/10\/08\/indap-impulsa-acceso-a-tierras-y-emprendimiento-para-juventudes-rurales-con-nuevo-programa-tierra-joven\/\">INDAP impulsa acceso a tierras y emprendimiento para juventudes rurales con nuevo programa \u201cTierra Joven\u201d<\/a><\/div><div class=\"gem-pp-posts-date\">08\/10\/2025<\/div><\/div><\/li><li class=\"clearfix gem-pp-posts\"><div class=\"gem-pp-posts-image\"><a href=\"https:\/\/www.elfuerte.cl\/web\/2025\/09\/05\/la-derrota-que-dejo-al-gobierno-sin-brujula\/\"><img src=\"https:\/\/www.elfuerte.cl\/web\/wp-content\/uploads\/2025\/09\/actualidad004-thegem-post-thumb-large.jpg\" srcset=\"https:\/\/www.elfuerte.cl\/web\/wp-content\/uploads\/2025\/09\/actualidad004-thegem-post-thumb-small.jpg 1x, https:\/\/www.elfuerte.cl\/web\/wp-content\/uploads\/2025\/09\/actualidad004-thegem-post-thumb-large.jpg 2x\" alt=\"\"\/><\/a><\/div><div class=\"gem-pp-posts-text\"> <div class=\"gem-pp-posts-item\"><a href=\"https:\/\/www.elfuerte.cl\/web\/2025\/09\/05\/la-derrota-que-dejo-al-gobierno-sin-brujula\/\">La derrota que dej\u00f3 al gobierno sin br\u00fajula<\/a><\/div><div class=\"gem-pp-posts-date\">05\/09\/2025<\/div><\/div><\/li><li class=\"clearfix gem-pp-posts\"><div class=\"gem-pp-posts-image\"><a href=\"https:\/\/www.elfuerte.cl\/web\/2025\/10\/16\/ejercicio-binacional-permitio-llevar-atencion-medica-a-sectores-rurales-de-puerto-varas\/\"><img src=\"https:\/\/www.elfuerte.cl\/web\/wp-content\/uploads\/2025\/10\/actualidad006-thegem-post-thumb-large.jpg\" srcset=\"https:\/\/www.elfuerte.cl\/web\/wp-content\/uploads\/2025\/10\/actualidad006-thegem-post-thumb-small.jpg 1x, https:\/\/www.elfuerte.cl\/web\/wp-content\/uploads\/2025\/10\/actualidad006-thegem-post-thumb-large.jpg 2x\" alt=\"\"\/><\/a><\/div><div class=\"gem-pp-posts-text\"> <div class=\"gem-pp-posts-item\"><a href=\"https:\/\/www.elfuerte.cl\/web\/2025\/10\/16\/ejercicio-binacional-permitio-llevar-atencion-medica-a-sectores-rurales-de-puerto-varas\/\">Ejercicio binacional permiti\u00f3 llevar atenci\u00f3n  m\u00e9dica a sectores rurales de Puerto Varas<\/a><\/div><div class=\"gem-pp-posts-date\">16\/10\/2025<\/div><\/div><\/li><\/ul><\/aside>\t\t\t\t<\/div>\n\t\t\t\t\t<\/div>\n\t\t<\/div>\n\t\t\t\t\t<\/div><\/div>\r\n\t\t<\/section>\r\n\t\t<div class=\"elementor-element elementor-element-f50ba16 thegem-e-con-layout-thegem e-flex e-con-boxed e-con e-parent\" data-id=\"f50ba16\" data-element_type=\"container\" data-settings=\"{&quot;thegem_container_layout&quot;:&quot;thegem&quot;}\">\r\n\t\t\t\t\t<div class=\"e-con-inner\">\r\n\t\t\t\t<div class=\"elementor-element elementor-element-1eac394 elementor-arrows-position-inside elementor-pagination-position-outside flex-horizontal-align-default flex-horizontal-align-tablet-default flex-horizontal-align-mobile-default flex-vertical-align-default flex-vertical-align-tablet-default flex-vertical-align-mobile-default elementor-widget elementor-widget-image-carousel\" data-id=\"1eac394\" data-element_type=\"widget\" data-settings=\"{&quot;slides_to_show&quot;:&quot;1&quot;,&quot;navigation&quot;:&quot;both&quot;,&quot;autoplay&quot;:&quot;yes&quot;,&quot;pause_on_hover&quot;:&quot;yes&quot;,&quot;pause_on_interaction&quot;:&quot;yes&quot;,&quot;autoplay_speed&quot;:5000,&quot;infinite&quot;:&quot;yes&quot;,&quot;effect&quot;:&quot;slide&quot;,&quot;speed&quot;:500}\" data-widget_type=\"image-carousel.default\">\n\t\t\t\t\t\t\t<div class=\"elementor-image-carousel-wrapper swiper\" role=\"region\" aria-roledescription=\"carousel\" aria-label=\"Carrusel de im\u00e1genes\" dir=\"ltr\">\n\t\t\t<div class=\"elementor-image-carousel swiper-wrapper\" aria-live=\"off\">\n\t\t\t\t\t\t\t\t<div class=\"swiper-slide\" role=\"group\" aria-roledescription=\"slide\" aria-label=\"1 de 6\"><figure class=\"swiper-slide-inner\"><img class=\"swiper-slide-image\" src=\"https:\/\/www.elfuerte.cl\/web\/wp-content\/uploads\/2026\/09\/2b963ec1-ab51-436f-aa41-00aa34066259.jpg\" alt=\"2b963ec1-ab51-436f-aa41-00aa34066259\" \/><\/figure><\/div><div class=\"swiper-slide\" role=\"group\" aria-roledescription=\"slide\" aria-label=\"2 de 6\"><figure class=\"swiper-slide-inner\"><img class=\"swiper-slide-image\" src=\"https:\/\/www.elfuerte.cl\/web\/wp-content\/uploads\/2026\/09\/9c9598e3-d2df-4a67-9b86-5ad7ef16880e.jpg\" alt=\"9c9598e3-d2df-4a67-9b86-5ad7ef16880e\" \/><\/figure><\/div><div class=\"swiper-slide\" role=\"group\" aria-roledescription=\"slide\" aria-label=\"3 de 6\"><figure class=\"swiper-slide-inner\"><img class=\"swiper-slide-image\" src=\"https:\/\/www.elfuerte.cl\/web\/wp-content\/uploads\/2026\/09\/058cbe73-9a32-4728-826e-2d532e1f27e6.jpg\" alt=\"058cbe73-9a32-4728-826e-2d532e1f27e6\" \/><\/figure><\/div><div class=\"swiper-slide\" role=\"group\" aria-roledescription=\"slide\" aria-label=\"4 de 6\"><figure class=\"swiper-slide-inner\"><img class=\"swiper-slide-image\" src=\"https:\/\/www.elfuerte.cl\/web\/wp-content\/uploads\/2026\/09\/90a54a9b-2007-448b-aa6c-b53c6810dafc.jpg\" alt=\"90a54a9b-2007-448b-aa6c-b53c6810dafc\" \/><\/figure><\/div><div class=\"swiper-slide\" role=\"group\" aria-roledescription=\"slide\" aria-label=\"5 de 6\"><figure class=\"swiper-slide-inner\"><img class=\"swiper-slide-image\" src=\"https:\/\/www.elfuerte.cl\/web\/wp-content\/uploads\/2026\/09\/e417c597-0b04-4d99-94fe-bc2e40b7537c.jpg\" alt=\"e417c597-0b04-4d99-94fe-bc2e40b7537c\" \/><\/figure><\/div><div class=\"swiper-slide\" role=\"group\" aria-roledescription=\"slide\" aria-label=\"6 de 6\"><figure class=\"swiper-slide-inner\"><img class=\"swiper-slide-image\" src=\"https:\/\/www.elfuerte.cl\/web\/wp-content\/uploads\/2026\/09\/e839da2d-9c74-4b7f-b9ff-9f8a4889e307.jpg\" alt=\"e839da2d-9c74-4b7f-b9ff-9f8a4889e307\" \/><\/figure><\/div>\t\t\t<\/div>\n\t\t\t\t\t\t\t\t\t\t\t\t<div class=\"elementor-swiper-button elementor-swiper-button-prev\" role=\"button\" tabindex=\"0\">\n\t\t\t\t\t\t<svg aria-hidden=\"true\" class=\"e-font-icon-svg e-eicon-chevron-left\" viewBox=\"0 0 1000 1000\" xmlns=\"http:\/\/www.w3.org\/2000\/svg\"><path d=\"M646 125C629 125 613 133 604 142L308 442C296 454 292 471 292 487 292 504 296 521 308 533L604 854C617 867 629 875 646 875 663 875 679 871 692 858 704 846 713 829 713 812 713 796 708 779 692 767L438 487 692 225C700 217 708 204 708 187 708 171 704 154 692 142 675 129 663 125 646 125Z\"><\/path><\/svg>\t\t\t\t\t<\/div>\n\t\t\t\t\t<div class=\"elementor-swiper-button elementor-swiper-button-next\" role=\"button\" tabindex=\"0\">\n\t\t\t\t\t\t<svg aria-hidden=\"true\" class=\"e-font-icon-svg e-eicon-chevron-right\" viewBox=\"0 0 1000 1000\" xmlns=\"http:\/\/www.w3.org\/2000\/svg\"><path d=\"M696 533C708 521 713 504 713 487 713 471 708 454 696 446L400 146C388 133 375 125 354 125 338 125 325 129 313 142 300 154 292 171 292 187 292 204 296 221 308 233L563 492 304 771C292 783 288 800 288 817 288 833 296 850 308 863 321 871 338 875 354 875 371 875 388 867 400 854L696 533Z\"><\/path><\/svg>\t\t\t\t\t<\/div>\n\t\t\t\t\n\t\t\t\t\t\t\t\t\t<div class=\"swiper-pagination\"><\/div>\n\t\t\t\t\t\t\t\t\t<\/div>\n\t\t\t\t\t\t<\/div>\n\t\t\t\t\t<\/div>\n\t\t\t\t<\/div>\n\t\t\t\t<\/div>\n\t\t","protected":false},"excerpt":{"rendered":"<p>Investidura de nuevos estudiantes, encuentros con exalumnos, vinculaci\u00f3n con empresas e instituciones, reconocimientos regionales y la titulaci\u00f3n de una nueva generaci\u00f3n marcaron la Semana T\u00e9cnico Profesional del establecimiento. Con sus especialidades de Atenci\u00f3n de P\u00e1rvulos y Programaci\u00f3n, el liceo busca entregar alternativas formativas vinculadas con las necesidades del territorio y abrir nuevas oportunidades para sus estudiantes.<\/p>\n","protected":false},"author":1,"featured_media":9188,"comment_status":"closed","ping_status":"closed","sticky":false,"template":"single-fullwidth.php","format":"standard","meta":{"footnotes":""},"categories":[21,100],"tags":[1296,1295,1294,828],"class_list":{"0":"post-9186","1":"post","2":"type-post","3":"status-publish","4":"format-standard","5":"has-post-thumbnail","7":"category-actualidad","8":"category-destacados","9":"tag-conmoracion","10":"tag-educacion-tecnica","11":"tag-liceo-gabriela-mistral","12":"tag-mafil"},"menu_order":1,"_links":{"self":[{"href":"https:\/\/www.elfuerte.cl\/web\/wp-json\/wp\/v2\/posts\/9186","targetHints":{"allow":["GET"]}}],"collection":[{"href":"https:\/\/www.elfuerte.cl\/web\/wp-json\/wp\/v2\/posts"}],"about":[{"href":"https:\/\/www.elfuerte.cl\/web\/wp-json\/wp\/v2\/types\/post"}],"author":[{"embeddable":true,"href":"https:\/\/www.elfuerte.cl\/web\/wp-json\/wp\/v2\/users\/1"}],"replies":[{"embeddable":true,"href":"https:\/\/www.elfuerte.cl\/web\/wp-json\/wp\/v2\/comments?post=9186"}],"version-history":[{"count":4,"href":"https:\/\/www.elfuerte.cl\/web\/wp-json\/wp\/v2\/posts\/9186\/revisions"}],"predecessor-version":[{"id":9198,"href":"https:\/\/www.elfuerte.cl\/web\/wp-json\/wp\/v2\/posts\/9186\/revisions\/9198"}],"wp:featuredmedia":[{"embeddable":true,"href":"https:\/\/www.elfuerte.cl\/web\/wp-json\/wp\/v2\/media\/9188"}],"wp:attachment":[{"href":"https:\/\/www.elfuerte.cl\/web\/wp-json\/wp\/v2\/media?parent=9186"}],"wp:term":[{"taxonomy":"category","embeddable":true,"href":"https:\/\/www.elfuerte.cl\/web\/wp-json\/wp\/v2\/categories?post=9186"},{"taxonomy":"post_tag","embeddable":true,"href":"https:\/\/www.elfuerte.cl\/web\/wp-json\/wp\/v2\/tags?post=9186"}],"curies":[{"name":"wp","href":"https:\/\/api.w.org\/{rel}","templated":true}]}}