{"id":9213,"date":"2026-09-04T08:11:23","date_gmt":"2026-09-04T12:11:23","guid":{"rendered":"https:\/\/www.elfuerte.cl\/web\/?p=9213"},"modified":"2026-09-04T08:22:34","modified_gmt":"2026-09-04T12:22:34","slug":"estudiantes-de-la-union-representaran-a-los-rios-en-final-nacional-del-torneo-delibera","status":"publish","type":"post","link":"https:\/\/www.elfuerte.cl\/web\/2026\/09\/04\/estudiantes-de-la-union-representaran-a-los-rios-en-final-nacional-del-torneo-delibera\/","title":{"rendered":"Estudiantes de La Uni\u00f3n representar\u00e1n a Los R\u00edos en final nacional del Torneo Delibera"},"content":{"rendered":"\t\t<div data-elementor-type=\"wp-post\" data-elementor-id=\"9213\" class=\"elementor elementor-9213\">\n\t\t\t\t\t\t<section class=\"elementor-section elementor-top-section elementor-element elementor-element-464cea7 elementor-section-boxed elementor-section-height-default elementor-section-height-default\" data-id=\"464cea7\" data-element_type=\"section\">\r\n\t\t\t\t\t\t<div class=\"elementor-container elementor-column-gap-thegem\"><div class=\"elementor-row\">\r\n\t\t\t\t\t<div class=\"elementor-column elementor-col-66 elementor-top-column elementor-element elementor-element-2f44c54\" data-id=\"2f44c54\" data-element_type=\"column\">\n\t\t\t<div class=\"elementor-widget-wrap elementor-element-populated\">\n\t\t\t\t\t\t<div class=\"elementor-element elementor-element-ab386a6 flex-horizontal-align-default flex-horizontal-align-tablet-default flex-horizontal-align-mobile-default flex-vertical-align-default flex-vertical-align-tablet-default flex-vertical-align-mobile-default elementor-widget elementor-widget-heading\" data-id=\"ab386a6\" data-element_type=\"widget\" data-widget_type=\"heading.default\">\n\t\t\t\t\t<div class=\"title-h1 elementor-heading-title elementor-size-default\">Estudiantes de La Uni\u00f3n representar\u00e1n a Los R\u00edos en final nacional del Torneo Delibera<\/div>\t\t\t\t<\/div>\n\t\t\t\t<div class=\"elementor-element elementor-element-8427bf3 elementor-widget__width-initial flex-horizontal-align-default flex-horizontal-align-tablet-default flex-horizontal-align-mobile-default flex-vertical-align-default flex-vertical-align-tablet-default flex-vertical-align-mobile-default elementor-widget elementor-widget-text-editor\" data-id=\"8427bf3\" data-element_type=\"widget\" data-widget_type=\"text-editor.default\">\n\t\t\t\t\t\t\t\t\t\t\t\t<div class=\"elementor-text-editor elementor-clearfix\">\r\n\t\t\t\t\t\t<p><strong>El equipo \u201cLeyendas Fenner\u201d, del Liceo Bicentenario Ingeniero Ricardo Fenner Ruedi, obtuvo el primer lugar regional con una propuesta que busca mejorar las condiciones en que estudiantes de ense\u00f1anza media t\u00e9cnico-profesional realizan sus pr\u00e1cticas. Siete equipos de Valdivia, La Uni\u00f3n y Panguipulli participaron en la competencia desarrollada en la Universidad Austral de Chile.<\/strong><\/p><p><strong><b>VALDIVIA.\u2013<\/b><\/strong>\u00a0Una propuesta nacida desde una problem\u00e1tica directamente relacionada con la experiencia de los estudiantes de la educaci\u00f3n t\u00e9cnico-profesional permiti\u00f3 al equipo <strong>\u201cLeyendas Fenner\u201d, del Liceo Bicentenario Ingeniero Ricardo Fenner Ruedi de La Uni\u00f3n, obtener el primer lugar de la Final Regional del Torneo Delibera 2026<\/strong>\u00a0y convertirse en representante de Los R\u00edos para la instancia nacional que se desarrollar\u00e1 en el Congreso Nacional, en Valpara\u00edso.<\/p><p>El equipo alcanz\u00f3 <strong>89 puntos<\/strong>\u00a0durante la competencia realizada en el Campus Isla Teja de la Universidad Austral de Chile, donde participaron siete equipos provenientes de establecimientos de <strong>Valdivia, La Uni\u00f3n y Panguipulli<\/strong>.<\/p><p>La profesora de Lenguaje Daniela Burgos, encargada del equipo ganador, destac\u00f3 que se trat\u00f3 de la primera participaci\u00f3n del establecimiento en el certamen y explic\u00f3 el contenido de la iniciativa que deber\u00e1n defender en la etapa nacional.<\/p><p>\u201cEstamos s\u00faper contentos, fue la primera vez que participamos y como colegio estamos orgullosos de representar a la regi\u00f3n. Queremos presentar nuestra propuesta que consiste en buscar mejorar las condiciones en que los estudiantes de educaci\u00f3n media t\u00e9cnico profesional realizan sus pr\u00e1cticas para obtener su t\u00edtulo\u201d, se\u00f1al\u00f3.<\/p><p><strong>Formaci\u00f3n ciudadana desde las aulas<\/strong><\/p><p>El Torneo Delibera busca que estudiantes del sistema escolar desarrollen propuestas y las sometan a un proceso de argumentaci\u00f3n, deliberaci\u00f3n y debate, acerc\u00e1ndolos de manera pr\u00e1ctica al funcionamiento democr\u00e1tico y a la construcci\u00f3n de iniciativas de inter\u00e9s p\u00fablico.<\/p><p>La final regional se desarroll\u00f3 en el sal\u00f3n Jorge Millas del Campus Isla Teja de la UACh y reuni\u00f3 a estudiantes desde s\u00e9ptimo b\u00e1sico hasta cuarto medio.<\/p><p>La vicerrectora acad\u00e9mica de la Universidad Austral de Chile, <strong>Scarlette Hern\u00e1ndez<\/strong>, valor\u00f3 especialmente la participaci\u00f3n de establecimientos provenientes de distintas comunas de Los R\u00edos.<\/p><p>\u201cParticiparon estudiantes que van entre s\u00e9ptimo y cuarto medio, la Universidad est\u00e1 contenta de recibirlos, ya que buscamos justamente potenciar y que conozcan las diferentes instancias universitarias. Este es un torneo muy importante, lleva m\u00e1s de 15 a\u00f1os desarroll\u00e1ndose y la Universidad Austral de Chile ha participado de forma activa durante los \u00faltimos a\u00f1os\u201d, sostuvo.<\/p><p>El decano de la Facultad de Ciencias Jur\u00eddicas y Sociales de la UACh, <strong>Felipe Paredes<\/strong>, destac\u00f3 por su parte el aporte que este tipo de competencias realiza a la formaci\u00f3n ciudadana de los j\u00f3venes.<\/p><p>\u201cEsta competencia tiene un valor que va mucho m\u00e1s all\u00e1 del debate: permite que estudiantes del sistema escolar desarrollen habilidades para el di\u00e1logo, la participaci\u00f3n y el ejercicio de la democracia. Ver su compromiso, preparaci\u00f3n y entusiasmo nos confirma la importancia de generar estos espacios de formaci\u00f3n ciudadana\u201d, afirm\u00f3.<\/p><p><strong>Gran actuaci\u00f3n de estudiantes de La Uni\u00f3n<\/strong><\/p><p>El buen desempe\u00f1o de los establecimientos de La Uni\u00f3n marc\u00f3 la jornada. Junto con el triunfo de \u201cLeyendas Fenner\u201d, <strong>el segundo lugar fue obtenido por \u201cSootopia\u201d, del Colegio Santa Marta de La Uni\u00f3n, con 84 puntos<\/strong>.<\/p><p>El tercer puesto, con <strong>77 puntos<\/strong>, correspondi\u00f3 a \u201cEl Prisma del Ludex\u201d, de la Escuela Mar\u00eda Alvarado Garay de Panguipulli. Adem\u00e1s, <strong>Dante Sid<\/strong>, integrante de este \u00faltimo equipo, recibi\u00f3 el reconocimiento como <strong>mejor orador de la final regional<\/strong>.<\/p><p>Tambi\u00e9n participaron \u201cResonancia Cr\u00edtica\u201d y \u201cLos Facts\u201d, ambos del Colegio Laico de Valdivia; \u201cTornagaleones\u201d, del Instituto Salesiano de Valdivia; y \u201cLas Seguidoras de J. C. Bodoque\u201d, del Colegio San Luis de Alba de Valdivia.<\/p><p>El jurado estuvo compuesto por Susan Turner, profesora de la Facultad de Ciencias Jur\u00eddicas y Sociales de la UACh; Jordi Delgado, director de Vinculaci\u00f3n con el Medio de la misma facultad; y Catalina Olivares, abogada, profesora ayudante de Ciencias del Derecho y coordinadora de su Programa de Doctorado.<\/p><p>Con el triunfo regional, <strong>\u201cLeyendas Fenner\u201d tendr\u00e1 ahora la responsabilidad de representar a Los R\u00edos<\/strong>\u00a0frente a los equipos clasificados de las dem\u00e1s regiones del pa\u00eds, llevando hasta Valpara\u00edso una propuesta vinculada directamente con las condiciones en que los j\u00f3venes de la educaci\u00f3n t\u00e9cnico-profesional desarrollan una etapa fundamental para completar su formaci\u00f3n y obtener su t\u00edtulo.<\/p><p>Con el triunfo regional, <strong><b>\u201cLeyendas Fenner\u201d representar\u00e1 a Los R\u00edos en la Final Nacional del Torneo Delibera 2026, que se realizar\u00e1 el 11 de noviembre en el Sal\u00f3n de Honor del Congreso Nacional, en Valpara\u00edso<\/b><\/strong>. All\u00ed defender\u00e1 su iniciativa denominada <strong><b>\u201cSistema Nacional de Empresas Formadoras y Pr\u00e1cticas Protegidas\u201d<\/b><\/strong>, propuesta que busca <strong><b>mejorar las condiciones en que los estudiantes de educaci\u00f3n media t\u00e9cnico-profesional desarrollan sus pr\u00e1cticas para obtener su t\u00edtulo<\/b><\/strong>, frente a los equipos clasificados de las dem\u00e1s regiones del pa\u00eds.<\/p><p><strong>Redacci\u00f3n El Fuerte Noticias<\/strong><\/p>\t\t\t\t\t\t\t<\/div>\r\n\t\t\t\t\t\t\t\t\t\t<\/div>\n\t\t\t\t<div class=\"elementor-element elementor-element-5ac3e4a flex-horizontal-align-default flex-horizontal-align-tablet-default flex-horizontal-align-mobile-default flex-vertical-align-default flex-vertical-align-tablet-default flex-vertical-align-mobile-default elementor-widget elementor-widget-thegem-styledimage\" data-id=\"5ac3e4a\" data-element_type=\"widget\" data-settings=\"{&quot;thegem_elementor_preset&quot;:&quot;style-2&quot;,&quot;image&quot;:{&quot;url&quot;:&quot;https:\\\/\\\/elfuerte.cl\\\/web\\\/wp-content\\\/uploads\\\/2025\\\/10\\\/bannerefdelsur.jpg&quot;,&quot;id&quot;:1540,&quot;size&quot;:&quot;&quot;,&quot;alt&quot;:&quot;&quot;,&quot;source&quot;:&quot;library&quot;},&quot;image_position&quot;:&quot;left&quot;}\" data-widget_type=\"thegem-styledimage.default\">\n\t\t\t\t<div class=\"elementor-widget-container\">\n\t\t\t\t\t\n<div class=\"styled-image-wrapper\">\n\t\t\t<div class=\"gem-image gem-wrapbox gem-wrapbox-style-2 gem-wrapbox-position-left lazy-loading \">\n\t\t\t<div class=\"gem-wrapbox-inner  lazy-loading-item\"  data-ll-effect=\"move-up\">\n\t\t\t\t\t\t\t\t<a href=\"#\">\n\t\t\t\t\t\t\t\t\t\t<img class=\"gem-wrapbox-element img-responsive \"\n\t\t\t\t\t\t src=\"https:\/\/www.elfuerte.cl\/web\/wp-content\/uploads\/2025\/10\/bannerefdelsur.jpg\"\n\t\t\t\t\t\t alt=\"bannerefdelsur\">\n\t\t\t\t\t\t\t\t\t\t\t\t\t\t<\/a>\n\t\t\t\t\t\t<\/div>\n\t\t<\/div>\n\t\t<\/div>\n\n\n\t\n\t\t\t\t\t\t<\/div>\n\t\t\t\t<\/div>\n\t\t\t\t\t<\/div>\n\t\t<\/div>\n\t\t\t\t<div class=\"elementor-column elementor-col-33 elementor-top-column elementor-element elementor-element-dfac7b7\" data-id=\"dfac7b7\" data-element_type=\"column\">\n\t\t\t<div class=\"elementor-widget-wrap elementor-element-populated\">\n\t\t\t\t\t\t<div class=\"elementor-element elementor-element-af7077d flex-horizontal-align-default flex-horizontal-align-tablet-default flex-horizontal-align-mobile-default flex-vertical-align-default flex-vertical-align-tablet-default flex-vertical-align-mobile-default elementor-widget elementor-widget-sidebar\" data-id=\"af7077d\" data-element_type=\"widget\" data-settings=\"{&quot;thegem_custom_css&quot;:&quot;.gem-pp-posts-image {\\r\\n    width: 72px;\\r\\n}\\r\\n.gem-pp-posts-image img {\\r\\n    border-radius: 50%;\\r\\n}\\r\\nselector h4 {\\r\\n    padding-top: 40px;\\r\\n}&quot;}\" data-widget_type=\"sidebar.default\">\n\t\t\t\t\t<aside id=\"media_image-3\" class=\"widget widget_media_image\"><img width=\"750\" height=\"750\" src=\"https:\/\/www.elfuerte.cl\/web\/wp-content\/uploads\/2025\/10\/bannerrojook.jpg\" class=\"image wp-image-1681  attachment-full size-full\" alt=\"\" style=\"max-width: 100%; height: auto;\" title=\"Banner\" srcset=\"https:\/\/www.elfuerte.cl\/web\/wp-content\/uploads\/2025\/10\/bannerrojook.jpg 750w, https:\/\/www.elfuerte.cl\/web\/wp-content\/uploads\/2025\/10\/bannerrojook-300x300.jpg 300w, https:\/\/www.elfuerte.cl\/web\/wp-content\/uploads\/2025\/10\/bannerrojook-150x150.jpg 150w, https:\/\/www.elfuerte.cl\/web\/wp-content\/uploads\/2025\/10\/bannerrojook-256x256.jpg 256w\" sizes=\"(max-width: 750px) 100vw, 750px\" \/><\/aside><aside id=\"categories-2\" class=\"widget widget_categories\"><h4 class=\"widget-title\">Secciones<\/h4>\n\t\t\t<ul>\n\t\t\t\t\t<li class=\"cat-item cat-item-21\"><a href=\"https:\/\/www.elfuerte.cl\/web\/category\/actualidad\/\" title=\"View all posts filed under Actualidad\">Actualidad<\/a>\n<\/li>\n\t<li class=\"cat-item cat-item-100\"><a href=\"https:\/\/www.elfuerte.cl\/web\/category\/destacados\/\" title=\"View all posts filed under Destacados\">Destacados<\/a>\n<\/li>\n\t<li class=\"cat-item cat-item-101\"><a href=\"https:\/\/www.elfuerte.cl\/web\/category\/region-ludica\/\" title=\"View all posts filed under Regi\u00f3n L\u00fadica\">Regi\u00f3n L\u00fadica<\/a>\n<\/li>\n\t<li class=\"cat-item cat-item-157\"><a href=\"https:\/\/www.elfuerte.cl\/web\/category\/sala-de-redaccion\/\" title=\"View all posts filed under Sala de Redacci\u00f3n\">Sala de Redacci\u00f3n<\/a>\n<\/li>\n\t\t\t<\/ul>\n\n\t\t\t<\/aside><aside id=\"custom_popular_posts-2\" class=\"widget Custom_Popular_Posts\"><h4 class=\"widget-title\">Populares<\/h4><ul class=\"posts  styled\"><li class=\"clearfix gem-pp-posts\"><div class=\"gem-pp-posts-image\"><a href=\"https:\/\/www.elfuerte.cl\/web\/2026\/09\/04\/la-robotica-y-su-creciente-importancia-en-la-rehabilitacion-tras-un-acv\/\"><img src=\"https:\/\/www.elfuerte.cl\/web\/wp-content\/uploads\/2026\/09\/banner-4-9-4.jpg\" srcset=\"https:\/\/www.elfuerte.cl\/web\/wp-content\/uploads\/2026\/09\/banner-4-9-4.jpg 1x, https:\/\/www.elfuerte.cl\/web\/wp-content\/uploads\/2026\/09\/banner-4-9-4.jpg 2x\" alt=\"\"\/><\/a><\/div><div class=\"gem-pp-posts-text\"> <div class=\"gem-pp-posts-item\"><a href=\"https:\/\/www.elfuerte.cl\/web\/2026\/09\/04\/la-robotica-y-su-creciente-importancia-en-la-rehabilitacion-tras-un-acv\/\">La rob\u00f3tica y su creciente importancia en la rehabilitaci\u00f3n tras un ACV<\/a><\/div><div class=\"gem-pp-posts-date\">04\/09\/2026<\/div><\/div><\/li><li class=\"clearfix gem-pp-posts\"><div class=\"gem-pp-posts-image\"><a href=\"https:\/\/www.elfuerte.cl\/web\/2025\/10\/11\/recuperar-una-casa-y-un-icono-de-la-historia-lotina\/\"><img src=\"https:\/\/www.elfuerte.cl\/web\/wp-content\/uploads\/2025\/10\/actualidad003-copia-thegem-post-thumb-large.jpg\" srcset=\"https:\/\/www.elfuerte.cl\/web\/wp-content\/uploads\/2025\/10\/actualidad003-copia-thegem-post-thumb-small.jpg 1x, https:\/\/www.elfuerte.cl\/web\/wp-content\/uploads\/2025\/10\/actualidad003-copia-thegem-post-thumb-large.jpg 2x\" alt=\"\"\/><\/a><\/div><div class=\"gem-pp-posts-text\"> <div class=\"gem-pp-posts-item\"><a href=\"https:\/\/www.elfuerte.cl\/web\/2025\/10\/11\/recuperar-una-casa-y-un-icono-de-la-historia-lotina\/\">Recuperar una casa y un \u00edcono de la historia lotina<\/a><\/div><div class=\"gem-pp-posts-date\">11\/10\/2025<\/div><\/div><\/li><li class=\"clearfix gem-pp-posts\"><div class=\"gem-pp-posts-image\"><a href=\"https:\/\/www.elfuerte.cl\/web\/2025\/10\/08\/indap-impulsa-acceso-a-tierras-y-emprendimiento-para-juventudes-rurales-con-nuevo-programa-tierra-joven\/\"><img src=\"https:\/\/www.elfuerte.cl\/web\/wp-content\/uploads\/2025\/10\/actualidad001-copia-thegem-post-thumb-large.jpg\" srcset=\"https:\/\/www.elfuerte.cl\/web\/wp-content\/uploads\/2025\/10\/actualidad001-copia-thegem-post-thumb-small.jpg 1x, https:\/\/www.elfuerte.cl\/web\/wp-content\/uploads\/2025\/10\/actualidad001-copia-thegem-post-thumb-large.jpg 2x\" alt=\"\"\/><\/a><\/div><div class=\"gem-pp-posts-text\"> <div class=\"gem-pp-posts-item\"><a href=\"https:\/\/www.elfuerte.cl\/web\/2025\/10\/08\/indap-impulsa-acceso-a-tierras-y-emprendimiento-para-juventudes-rurales-con-nuevo-programa-tierra-joven\/\">INDAP impulsa acceso a tierras y emprendimiento para juventudes rurales con nuevo programa \u201cTierra Joven\u201d<\/a><\/div><div class=\"gem-pp-posts-date\">08\/10\/2025<\/div><\/div><\/li><li class=\"clearfix gem-pp-posts\"><div class=\"gem-pp-posts-image\"><a href=\"https:\/\/www.elfuerte.cl\/web\/2025\/09\/05\/la-derrota-que-dejo-al-gobierno-sin-brujula\/\"><img src=\"https:\/\/www.elfuerte.cl\/web\/wp-content\/uploads\/2025\/09\/actualidad004-thegem-post-thumb-large.jpg\" srcset=\"https:\/\/www.elfuerte.cl\/web\/wp-content\/uploads\/2025\/09\/actualidad004-thegem-post-thumb-small.jpg 1x, https:\/\/www.elfuerte.cl\/web\/wp-content\/uploads\/2025\/09\/actualidad004-thegem-post-thumb-large.jpg 2x\" alt=\"\"\/><\/a><\/div><div class=\"gem-pp-posts-text\"> <div class=\"gem-pp-posts-item\"><a href=\"https:\/\/www.elfuerte.cl\/web\/2025\/09\/05\/la-derrota-que-dejo-al-gobierno-sin-brujula\/\">La derrota que dej\u00f3 al gobierno sin br\u00fajula<\/a><\/div><div class=\"gem-pp-posts-date\">05\/09\/2025<\/div><\/div><\/li><\/ul><\/aside>\t\t\t\t<\/div>\n\t\t\t\t\t<\/div>\n\t\t<\/div>\n\t\t\t\t\t<\/div><\/div>\r\n\t\t<\/section>\r\n\t\t<div class=\"elementor-element elementor-element-f50ba16 thegem-e-con-layout-thegem e-flex e-con-boxed e-con e-parent\" data-id=\"f50ba16\" data-element_type=\"container\" data-settings=\"{&quot;thegem_container_layout&quot;:&quot;thegem&quot;}\">\r\n\t\t\t\t\t<div class=\"e-con-inner\">\r\n\t\t\t\t<div class=\"elementor-element elementor-element-1eac394 elementor-arrows-position-inside elementor-pagination-position-outside flex-horizontal-align-default flex-horizontal-align-tablet-default flex-horizontal-align-mobile-default flex-vertical-align-default flex-vertical-align-tablet-default flex-vertical-align-mobile-default elementor-widget elementor-widget-image-carousel\" data-id=\"1eac394\" data-element_type=\"widget\" data-settings=\"{&quot;slides_to_show&quot;:&quot;1&quot;,&quot;navigation&quot;:&quot;both&quot;,&quot;autoplay&quot;:&quot;yes&quot;,&quot;pause_on_hover&quot;:&quot;yes&quot;,&quot;pause_on_interaction&quot;:&quot;yes&quot;,&quot;autoplay_speed&quot;:5000,&quot;infinite&quot;:&quot;yes&quot;,&quot;effect&quot;:&quot;slide&quot;,&quot;speed&quot;:500}\" data-widget_type=\"image-carousel.default\">\n\t\t\t\t\t\t\t<div class=\"elementor-image-carousel-wrapper swiper\" role=\"region\" aria-roledescription=\"carousel\" aria-label=\"Carrusel de im\u00e1genes\" dir=\"ltr\">\n\t\t\t<div class=\"elementor-image-carousel swiper-wrapper\" aria-live=\"off\">\n\t\t\t\t\t\t\t\t<div class=\"swiper-slide\" role=\"group\" aria-roledescription=\"slide\" aria-label=\"1 de 1\"><figure class=\"swiper-slide-inner\"><img class=\"swiper-slide-image\" src=\"https:\/\/www.elfuerte.cl\/web\/wp-content\/uploads\/2026\/09\/Torneo-Delibera.jpg\" alt=\"Torneo Delibera\" \/><\/figure><\/div>\t\t\t<\/div>\n\t\t\t\t\t<\/div>\n\t\t\t\t\t\t<\/div>\n\t\t\t\t\t<\/div>\n\t\t\t\t<\/div>\n\t\t\t\t<\/div>\n\t\t","protected":false},"excerpt":{"rendered":"<p>El equipo \u201cLeyendas Fenner\u201d, del Liceo Bicentenario Ingeniero Ricardo Fenner Ruedi, obtuvo el primer lugar regional con una propuesta que busca mejorar las condiciones en que estudiantes de ense\u00f1anza media t\u00e9cnico-profesional realizan sus pr\u00e1cticas. Siete equipos de Valdivia, La Uni\u00f3n y Panguipulli participaron en la competencia desarrollada en la Universidad Austral de Chile.<\/p>\n","protected":false},"author":1,"featured_media":9215,"comment_status":"closed","ping_status":"closed","sticky":false,"template":"single-fullwidth.php","format":"standard","meta":{"footnotes":""},"categories":[21,100],"tags":[492,628,1300,1299],"class_list":{"0":"post-9213","1":"post","2":"type-post","3":"status-publish","4":"format-standard","5":"has-post-thumbnail","7":"category-actualidad","8":"category-destacados","9":"tag-competencia","10":"tag-estudiantes","11":"tag-liceo-de-la-union","12":"tag-torneo-delibera"},"menu_order":1,"_links":{"self":[{"href":"https:\/\/www.elfuerte.cl\/web\/wp-json\/wp\/v2\/posts\/9213","targetHints":{"allow":["GET"]}}],"collection":[{"href":"https:\/\/www.elfuerte.cl\/web\/wp-json\/wp\/v2\/posts"}],"about":[{"href":"https:\/\/www.elfuerte.cl\/web\/wp-json\/wp\/v2\/types\/post"}],"author":[{"embeddable":true,"href":"https:\/\/www.elfuerte.cl\/web\/wp-json\/wp\/v2\/users\/1"}],"replies":[{"embeddable":true,"href":"https:\/\/www.elfuerte.cl\/web\/wp-json\/wp\/v2\/comments?post=9213"}],"version-history":[{"count":4,"href":"https:\/\/www.elfuerte.cl\/web\/wp-json\/wp\/v2\/posts\/9213\/revisions"}],"predecessor-version":[{"id":9220,"href":"https:\/\/www.elfuerte.cl\/web\/wp-json\/wp\/v2\/posts\/9213\/revisions\/9220"}],"wp:featuredmedia":[{"embeddable":true,"href":"https:\/\/www.elfuerte.cl\/web\/wp-json\/wp\/v2\/media\/9215"}],"wp:attachment":[{"href":"https:\/\/www.elfuerte.cl\/web\/wp-json\/wp\/v2\/media?parent=9213"}],"wp:term":[{"taxonomy":"category","embeddable":true,"href":"https:\/\/www.elfuerte.cl\/web\/wp-json\/wp\/v2\/categories?post=9213"},{"taxonomy":"post_tag","embeddable":true,"href":"https:\/\/www.elfuerte.cl\/web\/wp-json\/wp\/v2\/tags?post=9213"}],"curies":[{"name":"wp","href":"https:\/\/api.w.org\/{rel}","templated":true}]}}