{"id":9238,"date":"2026-09-04T13:41:23","date_gmt":"2026-09-04T17:41:23","guid":{"rendered":"https:\/\/www.elfuerte.cl\/web\/?p=9238"},"modified":"2026-09-04T13:44:23","modified_gmt":"2026-09-04T17:44:23","slug":"impulsan-piloto-para-evaluar-el-potencial-de-cultivos-regenerativos-como-fuente-de-ingredientes-vegetales-para-la-alimentacion-de-salmones","status":"publish","type":"post","link":"https:\/\/www.elfuerte.cl\/web\/2026\/09\/04\/impulsan-piloto-para-evaluar-el-potencial-de-cultivos-regenerativos-como-fuente-de-ingredientes-vegetales-para-la-alimentacion-de-salmones\/","title":{"rendered":"Impulsan piloto para evaluar el potencial de cultivos regenerativos como fuente de ingredientes vegetales para la alimentaci\u00f3n de salmones"},"content":{"rendered":"\t\t<div data-elementor-type=\"wp-post\" data-elementor-id=\"9238\" class=\"elementor elementor-9238\">\n\t\t\t\t\t\t<section class=\"elementor-section elementor-top-section elementor-element elementor-element-464cea7 elementor-section-boxed elementor-section-height-default elementor-section-height-default\" data-id=\"464cea7\" data-element_type=\"section\">\r\n\t\t\t\t\t\t<div class=\"elementor-container elementor-column-gap-thegem\"><div class=\"elementor-row\">\r\n\t\t\t\t\t<div class=\"elementor-column elementor-col-66 elementor-top-column elementor-element elementor-element-2f44c54\" data-id=\"2f44c54\" data-element_type=\"column\">\n\t\t\t<div class=\"elementor-widget-wrap elementor-element-populated\">\n\t\t\t\t\t\t<div class=\"elementor-element elementor-element-ab386a6 flex-horizontal-align-default flex-horizontal-align-tablet-default flex-horizontal-align-mobile-default flex-vertical-align-default flex-vertical-align-tablet-default flex-vertical-align-mobile-default elementor-widget elementor-widget-heading\" data-id=\"ab386a6\" data-element_type=\"widget\" data-widget_type=\"heading.default\">\n\t\t\t\t\t<div class=\"title-h1 elementor-heading-title elementor-size-default\">Impulsan piloto para evaluar el potencial de cultivos regenerativos como fuente de ingredientes vegetales para la alimentaci\u00f3n de salmones<\/div>\t\t\t\t<\/div>\n\t\t\t\t<div class=\"elementor-element elementor-element-8427bf3 elementor-widget__width-initial flex-horizontal-align-default flex-horizontal-align-tablet-default flex-horizontal-align-mobile-default flex-vertical-align-default flex-vertical-align-tablet-default flex-vertical-align-mobile-default elementor-widget elementor-widget-text-editor\" data-id=\"8427bf3\" data-element_type=\"widget\" data-widget_type=\"text-editor.default\">\n\t\t\t\t\t\t\t\t\t\t\t\t<div class=\"elementor-text-editor elementor-clearfix\">\r\n\t\t\t\t\t\t<p align=\"justify\"><span style=\"font-family: Calibri, serif;\"><b>Multi X, BioMar, INIA y la Cooperativa Agr\u00edcola de Granos son parte de esta iniciativa en las regiones de Los R\u00edos y Los Lagos, con el fin de evaluar <\/b><\/span><span style=\"font-family: Calibri, serif;\"><b>pr\u00e1cticas de agricultura sostenibles en cultivos de trigo y arveja, materias primas estrat\u00e9gicas para la elaboraci\u00f3n de alimentos para salm\u00f3n. <\/b><\/span><\/p><p align=\"justify\"><a name=\"_GoBack\"><\/a> <span style=\"font-family: Calibri, serif;\"><b>Puerto Montt-Valdivia.<\/b><\/span><span style=\"font-family: Calibri, serif;\"> Un novedoso <\/span><span style=\"font-family: Calibri, serif;\"><b>proyecto de colaboraci\u00f3n<\/b><\/span><span style=\"font-family: Calibri, serif;\"> entre la <\/span><span style=\"font-family: Calibri, serif;\"><b>agricultura y la industria salmonera<\/b><\/span><span style=\"font-family: Calibri, serif;\"> se est\u00e1 llevando a cabo en el sur del pa\u00eds, una alianza que une los esfuerzos de <\/span><span style=\"font-family: Calibri, serif;\"><b>Multi X, BioMar, el Instituto de Investigaciones Agropecuarias (INIA) y la Cooperativa Agr\u00edcola de Granos,<\/b><\/span><span style=\"font-family: Calibri, serif;\"> para generar agricultura regenerativa orientada a fortalecer la cadena de valor de la industria salmonera mediante la producci\u00f3n sostenible de ingredientes vegetales.<\/span><\/p><p align=\"justify\"><span style=\"font-family: Calibri, serif;\">El proyecto, es <\/span><span style=\"font-family: Calibri, serif;\"><b>el primer piloto nacional<\/b><\/span><span style=\"font-family: Calibri, serif;\"> de estas caracter\u00edsticas que se ejecutar\u00e1 durante un a\u00f1o en las regiones de <\/span><span style=\"font-family: Calibri, serif;\"><b>Los R\u00edos y Los Lagos<\/b><\/span><span style=\"font-family: Calibri, serif;\">. La idea es que se pueda evaluar pr\u00e1cticas de agricultura regenerativa en cultivos de trigo y arveja, materias primas estrat\u00e9gicas para la elaboraci\u00f3n de <\/span><span style=\"font-family: Calibri, serif;\"><b>alimentos para salm\u00f3n<\/b><\/span><span style=\"font-family: Calibri, serif;\">. <\/span><\/p><p align=\"justify\"><span style=\"font-family: Calibri, serif;\">La iniciativa considera i<\/span><span style=\"font-family: Calibri, serif;\"><b>nvestigaci\u00f3n aplicada, transferencia tecnol\u00f3gica y un seguimiento cient\u00edfico<\/b><\/span><span style=\"font-family: Calibri, serif;\"> para medir impactos en biodiversidad, salud del suelo, productividad y resiliencia de los sistemas agr\u00edcolas.<\/span><\/p><p align=\"justify\"><span style=\"font-family: Calibri, serif;\">Este desaf\u00edo \u00fanico en Chile une los esfuerzos de la<\/span><span style=\"font-family: Calibri, serif;\"><b> investigaci\u00f3n p\u00fablica, el sector privado y los productores agr\u00edcolas,<\/b><\/span><span style=\"font-family: Calibri, serif;\"> todo para generar conocimiento: INIA liderar\u00e1 la ejecuci\u00f3n t\u00e9cnica del proyecto, mientras que la Cooperativa Agr\u00edcola de Granos coordinar\u00e1 la implementaci\u00f3n en terreno junto a sus 14 cooperados.<\/span><\/p><p align=\"justify\"><span style=\"font-family: Calibri, serif;\">La doctora Mar\u00eda Teresa Pino, directora nacional (s) de INIA, asegur\u00f3 que el Instituto de Investigaci\u00f3n Agropecuaria (INIA) cumple un rol de abastecimiento de insumos para la producci\u00f3n de alimentos para salmones.<\/span><\/p><p align=\"justify\"><span style=\"font-family: Calibri, serif;\">La directora nacional (s) de INIA, agrega que el aporte de la instituci\u00f3n del agro est\u00e1 en poner a disposici\u00f3n sus variedades de <\/span><span style=\"font-family: Calibri, serif;\"><b>trigo y arveja<\/b><\/span><span style=\"font-family: Calibri, serif;\"> y generar la <\/span><span style=\"font-family: Calibri, serif;\"><b>base cient\u00edfica y tecnol\u00f3gica<\/b><\/span><span style=\"font-family: Calibri, serif;\"> para producirlas de manera <\/span><span style=\"font-family: Calibri, serif;\"><b>sostenible y competitiva<\/b><\/span><span style=\"font-family: Calibri, serif;\">, bajo principios de <\/span><span style=\"font-family: Calibri, serif;\"><b>agricultura regenerativa, evaluando su productividad, calidad, impacto sobre los suelos, huella ambiental y rentabilidad para los agricultores<\/b><\/span><span style=\"font-family: Calibri, serif;\">, y determinando su aptitud como materias primas para la industria salmonera. <\/span><\/p><p align=\"justify\"><br \/><br \/><\/p><p align=\"justify\"><span style=\"font-family: Calibri, serif;\">La propuesta contempla un an\u00e1lisis comparado de <\/span><span style=\"font-family: Calibri, serif;\"><b>experiencias internacionales<\/b><\/span><span style=\"font-family: Calibri, serif;\"> que permitir\u00e1 establecer indicadores de biodiversidad, regeneraci\u00f3n y desempe\u00f1o ambiental, generando informaci\u00f3n relevante para futuras decisiones tanto de la industria como del <\/span><\/p><p align=\"justify\"><span style=\"font-family: Calibri, serif;\">De validarse los resultados esperados, el proyecto podr\u00eda escalar a estar cerca de las <\/span><span style=\"font-family: Calibri, serif;\"><b>20 mil hect\u00e1reas <\/b><\/span><span style=\"font-family: Calibri, serif;\">pertenecientes a agricultores de la Cooperativa Agr\u00edcola de Granos, ampliando significativamente su impacto en la producci\u00f3n de ingredientes vegetales para la salmonicultura y contribuyendo a la <\/span><span style=\"font-family: Calibri, serif;\"><b>restauraci\u00f3n de los suelos, el aumento de la biodiversidad y la resiliencia frente al cambio clim\u00e1tico.<\/b><\/span><\/p><p align=\"justify\"><span style=\"font-family: Calibri, serif;\"><b>Redacci\u00f3n El Fuerte Noticias<\/b><\/span><\/p>\t\t\t\t\t\t\t<\/div>\r\n\t\t\t\t\t\t\t\t\t\t<\/div>\n\t\t\t\t<div class=\"elementor-element elementor-element-446391e elementor-arrows-position-inside elementor-pagination-position-outside flex-horizontal-align-default flex-horizontal-align-tablet-default flex-horizontal-align-mobile-default flex-vertical-align-default flex-vertical-align-tablet-default flex-vertical-align-mobile-default elementor-widget elementor-widget-image-carousel\" data-id=\"446391e\" data-element_type=\"widget\" data-settings=\"{&quot;slides_to_show&quot;:&quot;1&quot;,&quot;navigation&quot;:&quot;both&quot;,&quot;autoplay&quot;:&quot;yes&quot;,&quot;pause_on_hover&quot;:&quot;yes&quot;,&quot;pause_on_interaction&quot;:&quot;yes&quot;,&quot;autoplay_speed&quot;:5000,&quot;infinite&quot;:&quot;yes&quot;,&quot;effect&quot;:&quot;slide&quot;,&quot;speed&quot;:500}\" data-widget_type=\"image-carousel.default\">\n\t\t\t\t\t\t\t<div class=\"elementor-image-carousel-wrapper swiper\" role=\"region\" aria-roledescription=\"carousel\" aria-label=\"Carrusel de im\u00e1genes\" dir=\"ltr\">\n\t\t\t<div class=\"elementor-image-carousel swiper-wrapper\" aria-live=\"off\">\n\t\t\t\t\t\t\t\t<div class=\"swiper-slide\" role=\"group\" aria-roledescription=\"slide\" aria-label=\"1 de 10\"><figure class=\"swiper-slide-inner\"><img class=\"swiper-slide-image\" src=\"https:\/\/www.elfuerte.cl\/web\/wp-content\/uploads\/2026\/09\/asd.jpeg\" alt=\"asd\" \/><\/figure><\/div><div class=\"swiper-slide\" role=\"group\" aria-roledescription=\"slide\" aria-label=\"2 de 10\"><figure class=\"swiper-slide-inner\"><img class=\"swiper-slide-image\" src=\"https:\/\/www.elfuerte.cl\/web\/wp-content\/uploads\/2026\/09\/asdasdasd.jpeg\" alt=\"asdasdasd\" \/><\/figure><\/div><div class=\"swiper-slide\" role=\"group\" aria-roledescription=\"slide\" aria-label=\"3 de 10\"><figure class=\"swiper-slide-inner\"><img class=\"swiper-slide-image\" src=\"https:\/\/www.elfuerte.cl\/web\/wp-content\/uploads\/2026\/09\/WefwffhatsApp-Image-2026-09-04-at-00.49.04.jpeg\" alt=\"WefwffhatsApp Image 2026-09-04 at 00.49.04\" \/><\/figure><\/div><div class=\"swiper-slide\" role=\"group\" aria-roledescription=\"slide\" aria-label=\"4 de 10\"><figure class=\"swiper-slide-inner\"><img class=\"swiper-slide-image\" src=\"https:\/\/www.elfuerte.cl\/web\/wp-content\/uploads\/2026\/09\/WhaqweqwetsApp-Image-2026-09-04-at-00.49.04.jpeg\" alt=\"WhaqweqwetsApp Image 2026-09-04 at 00.49.04\" \/><\/figure><\/div><div class=\"swiper-slide\" role=\"group\" aria-roledescription=\"slide\" aria-label=\"5 de 10\"><figure class=\"swiper-slide-inner\"><img class=\"swiper-slide-image\" src=\"https:\/\/www.elfuerte.cl\/web\/wp-content\/uploads\/2026\/09\/WhatsApp-Image-2026-0fffff9-04-at-00.49.04.jpeg\" alt=\"WhatsApp Image 2026-0fffff9-04 at 00.49.04\" \/><\/figure><\/div><div class=\"swiper-slide\" role=\"group\" aria-roledescription=\"slide\" aria-label=\"6 de 10\"><figure class=\"swiper-slide-inner\"><img class=\"swiper-slide-image\" src=\"https:\/\/www.elfuerte.cl\/web\/wp-content\/uploads\/2026\/09\/WhatsApp-Image-2026-09-04-at-00.48.03.jpeg\" alt=\"WhatsApp Image 2026-09-04 at 00.48.03\" \/><\/figure><\/div><div class=\"swiper-slide\" role=\"group\" aria-roledescription=\"slide\" aria-label=\"7 de 10\"><figure class=\"swiper-slide-inner\"><img class=\"swiper-slide-image\" src=\"https:\/\/www.elfuerte.cl\/web\/wp-content\/uploads\/2026\/09\/WhatsApp-Image-2026-09-04-at-00.49.03.jpeg\" alt=\"WhatsApp Image 2026-09-04 at 00.49.03\" \/><\/figure><\/div><div class=\"swiper-slide\" role=\"group\" aria-roledescription=\"slide\" aria-label=\"8 de 10\"><figure class=\"swiper-slide-inner\"><img class=\"swiper-slide-image\" src=\"https:\/\/www.elfuerte.cl\/web\/wp-content\/uploads\/2026\/09\/WhatsApp-Image-2026-09-04-at-00.49.04.jpeg\" alt=\"WhatsApp Image 2026-09-04 at 00.49.04\" \/><\/figure><\/div><div class=\"swiper-slide\" role=\"group\" aria-roledescription=\"slide\" aria-label=\"9 de 10\"><figure class=\"swiper-slide-inner\"><img class=\"swiper-slide-image\" src=\"https:\/\/www.elfuerte.cl\/web\/wp-content\/uploads\/2026\/09\/WhatsApp-Image-2026-09wwqwewe-04-at-00.49.04.jpeg\" alt=\"WhatsApp Image 2026-09wwqwewe-04 at 00.49.04\" \/><\/figure><\/div><div class=\"swiper-slide\" role=\"group\" aria-roledescription=\"slide\" aria-label=\"10 de 10\"><figure class=\"swiper-slide-inner\"><img class=\"swiper-slide-image\" src=\"https:\/\/www.elfuerte.cl\/web\/wp-content\/uploads\/2026\/09\/WhatsApp-Imagfffffe-2026-09-04-at-00.49.04.jpeg\" alt=\"WhatsApp Imagfffffe 2026-09-04 at 00.49.04\" \/><\/figure><\/div>\t\t\t<\/div>\n\t\t\t\t\t\t\t\t\t\t\t\t<div class=\"elementor-swiper-button elementor-swiper-button-prev\" role=\"button\" tabindex=\"0\">\n\t\t\t\t\t\t<svg aria-hidden=\"true\" class=\"e-font-icon-svg e-eicon-chevron-left\" viewBox=\"0 0 1000 1000\" xmlns=\"http:\/\/www.w3.org\/2000\/svg\"><path d=\"M646 125C629 125 613 133 604 142L308 442C296 454 292 471 292 487 292 504 296 521 308 533L604 854C617 867 629 875 646 875 663 875 679 871 692 858 704 846 713 829 713 812 713 796 708 779 692 767L438 487 692 225C700 217 708 204 708 187 708 171 704 154 692 142 675 129 663 125 646 125Z\"><\/path><\/svg>\t\t\t\t\t<\/div>\n\t\t\t\t\t<div class=\"elementor-swiper-button elementor-swiper-button-next\" role=\"button\" tabindex=\"0\">\n\t\t\t\t\t\t<svg aria-hidden=\"true\" class=\"e-font-icon-svg e-eicon-chevron-right\" viewBox=\"0 0 1000 1000\" xmlns=\"http:\/\/www.w3.org\/2000\/svg\"><path d=\"M696 533C708 521 713 504 713 487 713 471 708 454 696 446L400 146C388 133 375 125 354 125 338 125 325 129 313 142 300 154 292 171 292 187 292 204 296 221 308 233L563 492 304 771C292 783 288 800 288 817 288 833 296 850 308 863 321 871 338 875 354 875 371 875 388 867 400 854L696 533Z\"><\/path><\/svg>\t\t\t\t\t<\/div>\n\t\t\t\t\n\t\t\t\t\t\t\t\t\t<div class=\"swiper-pagination\"><\/div>\n\t\t\t\t\t\t\t\t\t<\/div>\n\t\t\t\t\t\t<\/div>\n\t\t\t\t<div class=\"elementor-element elementor-element-5ac3e4a flex-horizontal-align-default flex-horizontal-align-tablet-default flex-horizontal-align-mobile-default flex-vertical-align-default flex-vertical-align-tablet-default flex-vertical-align-mobile-default elementor-widget elementor-widget-thegem-styledimage\" data-id=\"5ac3e4a\" data-element_type=\"widget\" data-settings=\"{&quot;thegem_elementor_preset&quot;:&quot;style-2&quot;,&quot;image&quot;:{&quot;url&quot;:&quot;https:\\\/\\\/elfuerte.cl\\\/web\\\/wp-content\\\/uploads\\\/2025\\\/10\\\/bannerefdelsur.jpg&quot;,&quot;id&quot;:1540,&quot;size&quot;:&quot;&quot;,&quot;alt&quot;:&quot;&quot;,&quot;source&quot;:&quot;library&quot;},&quot;image_position&quot;:&quot;left&quot;}\" data-widget_type=\"thegem-styledimage.default\">\n\t\t\t\t<div class=\"elementor-widget-container\">\n\t\t\t\t\t\n<div class=\"styled-image-wrapper\">\n\t\t\t<div class=\"gem-image gem-wrapbox gem-wrapbox-style-2 gem-wrapbox-position-left lazy-loading \">\n\t\t\t<div class=\"gem-wrapbox-inner  lazy-loading-item\"  data-ll-effect=\"move-up\">\n\t\t\t\t\t\t\t\t<a href=\"#\">\n\t\t\t\t\t\t\t\t\t\t<img class=\"gem-wrapbox-element img-responsive \"\n\t\t\t\t\t\t src=\"https:\/\/www.elfuerte.cl\/web\/wp-content\/uploads\/2025\/10\/bannerefdelsur.jpg\"\n\t\t\t\t\t\t alt=\"bannerefdelsur\">\n\t\t\t\t\t\t\t\t\t\t\t\t\t\t<\/a>\n\t\t\t\t\t\t<\/div>\n\t\t<\/div>\n\t\t<\/div>\n\n\n\t\n\t\t\t\t\t\t<\/div>\n\t\t\t\t<\/div>\n\t\t\t\t\t<\/div>\n\t\t<\/div>\n\t\t\t\t<div class=\"elementor-column elementor-col-33 elementor-top-column elementor-element elementor-element-dfac7b7\" data-id=\"dfac7b7\" data-element_type=\"column\">\n\t\t\t<div class=\"elementor-widget-wrap elementor-element-populated\">\n\t\t\t\t\t\t<div class=\"elementor-element elementor-element-af7077d flex-horizontal-align-default flex-horizontal-align-tablet-default flex-horizontal-align-mobile-default flex-vertical-align-default flex-vertical-align-tablet-default flex-vertical-align-mobile-default elementor-widget elementor-widget-sidebar\" data-id=\"af7077d\" data-element_type=\"widget\" data-settings=\"{&quot;thegem_custom_css&quot;:&quot;.gem-pp-posts-image {\\r\\n    width: 72px;\\r\\n}\\r\\n.gem-pp-posts-image img {\\r\\n    border-radius: 50%;\\r\\n}\\r\\nselector h4 {\\r\\n    padding-top: 40px;\\r\\n}&quot;}\" data-widget_type=\"sidebar.default\">\n\t\t\t\t\t<aside id=\"media_image-3\" class=\"widget widget_media_image\"><img width=\"750\" height=\"750\" src=\"https:\/\/www.elfuerte.cl\/web\/wp-content\/uploads\/2025\/10\/bannerrojook.jpg\" class=\"image wp-image-1681  attachment-full size-full\" alt=\"\" style=\"max-width: 100%; height: auto;\" title=\"Banner\" srcset=\"https:\/\/www.elfuerte.cl\/web\/wp-content\/uploads\/2025\/10\/bannerrojook.jpg 750w, https:\/\/www.elfuerte.cl\/web\/wp-content\/uploads\/2025\/10\/bannerrojook-300x300.jpg 300w, https:\/\/www.elfuerte.cl\/web\/wp-content\/uploads\/2025\/10\/bannerrojook-150x150.jpg 150w, https:\/\/www.elfuerte.cl\/web\/wp-content\/uploads\/2025\/10\/bannerrojook-256x256.jpg 256w\" sizes=\"(max-width: 750px) 100vw, 750px\" \/><\/aside><aside id=\"categories-2\" class=\"widget widget_categories\"><h4 class=\"widget-title\">Secciones<\/h4>\n\t\t\t<ul>\n\t\t\t\t\t<li class=\"cat-item cat-item-21\"><a href=\"https:\/\/www.elfuerte.cl\/web\/category\/actualidad\/\" title=\"View all posts filed under Actualidad\">Actualidad<\/a>\n<\/li>\n\t<li class=\"cat-item cat-item-100\"><a href=\"https:\/\/www.elfuerte.cl\/web\/category\/destacados\/\" title=\"View all posts filed under Destacados\">Destacados<\/a>\n<\/li>\n\t<li class=\"cat-item cat-item-101\"><a href=\"https:\/\/www.elfuerte.cl\/web\/category\/region-ludica\/\" title=\"View all posts filed under Regi\u00f3n L\u00fadica\">Regi\u00f3n L\u00fadica<\/a>\n<\/li>\n\t<li class=\"cat-item cat-item-157\"><a href=\"https:\/\/www.elfuerte.cl\/web\/category\/sala-de-redaccion\/\" title=\"View all posts filed under Sala de Redacci\u00f3n\">Sala de Redacci\u00f3n<\/a>\n<\/li>\n\t\t\t<\/ul>\n\n\t\t\t<\/aside><aside id=\"custom_popular_posts-2\" class=\"widget Custom_Popular_Posts\"><h4 class=\"widget-title\">Populares<\/h4><ul class=\"posts  styled\"><li class=\"clearfix gem-pp-posts\"><div class=\"gem-pp-posts-image\"><a href=\"https:\/\/www.elfuerte.cl\/web\/2026\/09\/04\/la-robotica-y-su-creciente-importancia-en-la-rehabilitacion-tras-un-acv\/\"><img src=\"https:\/\/www.elfuerte.cl\/web\/wp-content\/uploads\/2026\/09\/banner-4-9-4.jpg\" srcset=\"https:\/\/www.elfuerte.cl\/web\/wp-content\/uploads\/2026\/09\/banner-4-9-4.jpg 1x, https:\/\/www.elfuerte.cl\/web\/wp-content\/uploads\/2026\/09\/banner-4-9-4.jpg 2x\" alt=\"\"\/><\/a><\/div><div class=\"gem-pp-posts-text\"> <div class=\"gem-pp-posts-item\"><a href=\"https:\/\/www.elfuerte.cl\/web\/2026\/09\/04\/la-robotica-y-su-creciente-importancia-en-la-rehabilitacion-tras-un-acv\/\">La rob\u00f3tica y su creciente importancia en la rehabilitaci\u00f3n tras un ACV<\/a><\/div><div class=\"gem-pp-posts-date\">04\/09\/2026<\/div><\/div><\/li><li class=\"clearfix gem-pp-posts\"><div class=\"gem-pp-posts-image\"><a href=\"https:\/\/www.elfuerte.cl\/web\/2025\/10\/11\/recuperar-una-casa-y-un-icono-de-la-historia-lotina\/\"><img src=\"https:\/\/www.elfuerte.cl\/web\/wp-content\/uploads\/2025\/10\/actualidad003-copia-thegem-post-thumb-large.jpg\" srcset=\"https:\/\/www.elfuerte.cl\/web\/wp-content\/uploads\/2025\/10\/actualidad003-copia-thegem-post-thumb-small.jpg 1x, https:\/\/www.elfuerte.cl\/web\/wp-content\/uploads\/2025\/10\/actualidad003-copia-thegem-post-thumb-large.jpg 2x\" alt=\"\"\/><\/a><\/div><div class=\"gem-pp-posts-text\"> <div class=\"gem-pp-posts-item\"><a href=\"https:\/\/www.elfuerte.cl\/web\/2025\/10\/11\/recuperar-una-casa-y-un-icono-de-la-historia-lotina\/\">Recuperar una casa y un \u00edcono de la historia lotina<\/a><\/div><div class=\"gem-pp-posts-date\">11\/10\/2025<\/div><\/div><\/li><li class=\"clearfix gem-pp-posts\"><div class=\"gem-pp-posts-image\"><a href=\"https:\/\/www.elfuerte.cl\/web\/2025\/10\/08\/indap-impulsa-acceso-a-tierras-y-emprendimiento-para-juventudes-rurales-con-nuevo-programa-tierra-joven\/\"><img src=\"https:\/\/www.elfuerte.cl\/web\/wp-content\/uploads\/2025\/10\/actualidad001-copia-thegem-post-thumb-large.jpg\" srcset=\"https:\/\/www.elfuerte.cl\/web\/wp-content\/uploads\/2025\/10\/actualidad001-copia-thegem-post-thumb-small.jpg 1x, https:\/\/www.elfuerte.cl\/web\/wp-content\/uploads\/2025\/10\/actualidad001-copia-thegem-post-thumb-large.jpg 2x\" alt=\"\"\/><\/a><\/div><div class=\"gem-pp-posts-text\"> <div class=\"gem-pp-posts-item\"><a href=\"https:\/\/www.elfuerte.cl\/web\/2025\/10\/08\/indap-impulsa-acceso-a-tierras-y-emprendimiento-para-juventudes-rurales-con-nuevo-programa-tierra-joven\/\">INDAP impulsa acceso a tierras y emprendimiento para juventudes rurales con nuevo programa \u201cTierra Joven\u201d<\/a><\/div><div class=\"gem-pp-posts-date\">08\/10\/2025<\/div><\/div><\/li><li class=\"clearfix gem-pp-posts\"><div class=\"gem-pp-posts-image\"><a href=\"https:\/\/www.elfuerte.cl\/web\/2025\/09\/05\/la-derrota-que-dejo-al-gobierno-sin-brujula\/\"><img src=\"https:\/\/www.elfuerte.cl\/web\/wp-content\/uploads\/2025\/09\/actualidad004-thegem-post-thumb-large.jpg\" srcset=\"https:\/\/www.elfuerte.cl\/web\/wp-content\/uploads\/2025\/09\/actualidad004-thegem-post-thumb-small.jpg 1x, https:\/\/www.elfuerte.cl\/web\/wp-content\/uploads\/2025\/09\/actualidad004-thegem-post-thumb-large.jpg 2x\" alt=\"\"\/><\/a><\/div><div class=\"gem-pp-posts-text\"> <div class=\"gem-pp-posts-item\"><a href=\"https:\/\/www.elfuerte.cl\/web\/2025\/09\/05\/la-derrota-que-dejo-al-gobierno-sin-brujula\/\">La derrota que dej\u00f3 al gobierno sin br\u00fajula<\/a><\/div><div class=\"gem-pp-posts-date\">05\/09\/2025<\/div><\/div><\/li><\/ul><\/aside>\t\t\t\t<\/div>\n\t\t\t\t\t<\/div>\n\t\t<\/div>\n\t\t\t\t\t<\/div><\/div>\r\n\t\t<\/section>\r\n\t\t\t\t<\/div>\n\t\t","protected":false},"excerpt":{"rendered":"<p>Multi X, BioMar, INIA y la Cooperativa Agr\u00edcola de Granos son parte de esta iniciativa en las regiones de Los R\u00edos y Los Lagos, con el fin de evaluar pr\u00e1cticas de agricultura sostenibles en cultivos de trigo y arveja, materias primas estrat\u00e9gicas para la elaboraci\u00f3n de alimentos para salm\u00f3n.<\/p>\n","protected":false},"author":1,"featured_media":9240,"comment_status":"closed","ping_status":"closed","sticky":false,"template":"single-fullwidth.php","format":"standard","meta":{"footnotes":""},"categories":[21,100],"tags":[1066,1301,185],"class_list":{"0":"post-9238","1":"post","2":"type-post","3":"status-publish","4":"format-standard","5":"has-post-thumbnail","7":"category-actualidad","8":"category-destacados","9":"tag-agricultura","10":"tag-alimentos","11":"tag-tecnologia"},"menu_order":1,"_links":{"self":[{"href":"https:\/\/www.elfuerte.cl\/web\/wp-json\/wp\/v2\/posts\/9238","targetHints":{"allow":["GET"]}}],"collection":[{"href":"https:\/\/www.elfuerte.cl\/web\/wp-json\/wp\/v2\/posts"}],"about":[{"href":"https:\/\/www.elfuerte.cl\/web\/wp-json\/wp\/v2\/types\/post"}],"author":[{"embeddable":true,"href":"https:\/\/www.elfuerte.cl\/web\/wp-json\/wp\/v2\/users\/1"}],"replies":[{"embeddable":true,"href":"https:\/\/www.elfuerte.cl\/web\/wp-json\/wp\/v2\/comments?post=9238"}],"version-history":[{"count":4,"href":"https:\/\/www.elfuerte.cl\/web\/wp-json\/wp\/v2\/posts\/9238\/revisions"}],"predecessor-version":[{"id":9243,"href":"https:\/\/www.elfuerte.cl\/web\/wp-json\/wp\/v2\/posts\/9238\/revisions\/9243"}],"wp:featuredmedia":[{"embeddable":true,"href":"https:\/\/www.elfuerte.cl\/web\/wp-json\/wp\/v2\/media\/9240"}],"wp:attachment":[{"href":"https:\/\/www.elfuerte.cl\/web\/wp-json\/wp\/v2\/media?parent=9238"}],"wp:term":[{"taxonomy":"category","embeddable":true,"href":"https:\/\/www.elfuerte.cl\/web\/wp-json\/wp\/v2\/categories?post=9238"},{"taxonomy":"post_tag","embeddable":true,"href":"https:\/\/www.elfuerte.cl\/web\/wp-json\/wp\/v2\/tags?post=9238"}],"curies":[{"name":"wp","href":"https:\/\/api.w.org\/{rel}","templated":true}]}}