{"id":9263,"date":"2026-09-05T12:53:04","date_gmt":"2026-09-05T16:53:04","guid":{"rendered":"https:\/\/www.elfuerte.cl\/web\/?p=9263"},"modified":"2026-09-05T13:06:47","modified_gmt":"2026-09-05T17:06:47","slug":"empresas-de-los-lagos-proyectan-su-experiencia-acuicola-hacia-nuevos-mercados-de-latinoamerica-tras-participar-en-encuentro-en-bogota","status":"publish","type":"post","link":"https:\/\/www.elfuerte.cl\/web\/2026\/09\/05\/empresas-de-los-lagos-proyectan-su-experiencia-acuicola-hacia-nuevos-mercados-de-latinoamerica-tras-participar-en-encuentro-en-bogota\/","title":{"rendered":"Empresas de Los Lagos proyectan su experiencia acu\u00edcola hacia nuevos mercados de Latinoam\u00e9rica tras participar en encuentro en Bogot\u00e1"},"content":{"rendered":"\t\t<div data-elementor-type=\"wp-post\" data-elementor-id=\"9263\" class=\"elementor elementor-9263\">\n\t\t\t\t\t\t<section class=\"elementor-section elementor-top-section elementor-element elementor-element-464cea7 elementor-section-boxed elementor-section-height-default elementor-section-height-default\" data-id=\"464cea7\" data-element_type=\"section\">\r\n\t\t\t\t\t\t<div class=\"elementor-container elementor-column-gap-thegem\"><div class=\"elementor-row\">\r\n\t\t\t\t\t<div class=\"elementor-column elementor-col-66 elementor-top-column elementor-element elementor-element-2f44c54\" data-id=\"2f44c54\" data-element_type=\"column\">\n\t\t\t<div class=\"elementor-widget-wrap elementor-element-populated\">\n\t\t\t\t\t\t<div class=\"elementor-element elementor-element-ab386a6 flex-horizontal-align-default flex-horizontal-align-tablet-default flex-horizontal-align-mobile-default flex-vertical-align-default flex-vertical-align-tablet-default flex-vertical-align-mobile-default elementor-widget elementor-widget-heading\" data-id=\"ab386a6\" data-element_type=\"widget\" data-widget_type=\"heading.default\">\n\t\t\t\t\t<div class=\"title-h1 elementor-heading-title elementor-size-default\">Empresas de Los Lagos proyectan su experiencia acu\u00edcola hacia nuevos mercados de Latinoam\u00e9rica tras participar en encuentro en Bogot\u00e1<\/div>\t\t\t\t<\/div>\n\t\t\t\t<div class=\"elementor-element elementor-element-8427bf3 elementor-widget__width-initial flex-horizontal-align-default flex-horizontal-align-tablet-default flex-horizontal-align-mobile-default flex-vertical-align-default flex-vertical-align-tablet-default flex-vertical-align-mobile-default elementor-widget elementor-widget-text-editor\" data-id=\"8427bf3\" data-element_type=\"widget\" data-widget_type=\"text-editor.default\">\n\t\t\t\t\t\t\t\t\t\t\t\t<div class=\"elementor-text-editor elementor-clearfix\">\r\n\t\t\t\t\t\t<p><strong>Cinco compa\u00f1\u00edas regionales participaron en el Encuentro de Negocios Chile-Latam Bogot\u00e1 2026, organizado por ProChile. La instancia reuni\u00f3 a 32 exportadores chilenos con 61 compradores de nueve pa\u00edses y permiti\u00f3 concentrar en un solo viaje reuniones con potenciales clientes de distintos mercados latinoamericanos.<\/strong><\/p><p><strong>PUERTO MONTT.\u2013 <\/strong>La experiencia desarrollada durante d\u00e9cadas en torno a la principal industria acu\u00edcola del pa\u00eds comienza a abrir nuevas oportunidades internacionales para empresas de la Regi\u00f3n de Los Lagos que hoy buscan exportar no solamente productos, sino tambi\u00e9n ingenier\u00eda, servicios especializados, tecnolog\u00eda y conocimiento hacia otros mercados de Am\u00e9rica Latina.<\/p><p>Cinco compa\u00f1\u00edas regionales \u2014Consultora Green Aqua, KuraBiotech, IMENCO, Imatek y AEX Group\u2014 participaron en el Encuentro de Negocios Chile-Latam Bogot\u00e1 2026, organizado por ProChile, formando parte de una delegaci\u00f3n de 32 empresas exportadoras chilenas que se reuni\u00f3 con 61 compradores provenientes de Colombia, Ecuador, Brasil, Paraguay, Panam\u00e1, Guatemala, Costa Rica, El Salvador y Rep\u00fablica Dominicana.<\/p><p>Durante las dos jornadas se concretaron 250 reuniones de negocios, con oportunidades comerciales proyectadas por m\u00e1s de US$14,5 millones, adem\u00e1s de visitas t\u00e9cnicas, mesas sectoriales y encuentros con empresas, compradores, gremios e instituciones.<\/p><p><strong>Exportar el conocimiento desarrollado en Los Lagos<\/strong><\/p><p>El director regional de ProChile Los Lagos, Ricardo Arriagada, destac\u00f3 precisamente la capacidad que ha desarrollado el ecosistema regional de proveedores para avanzar hacia nuevos mercados.<\/p><p>\u201cLos Lagos no solo es una regi\u00f3n l\u00edder en producci\u00f3n acu\u00edcola; tambi\u00e9n ha desarrollado un ecosistema de proveedores con conocimiento, innovaci\u00f3n y soluciones tecnol\u00f3gicas que hoy tienen capacidad para competir internacionalmente\u201d, se\u00f1al\u00f3 la autoridad, quien agreg\u00f3 que el desaf\u00edo es acompa\u00f1ar a las compa\u00f1\u00edas para transformar estas oportunidades en negocios y diversificar las exportaciones regionales.<\/p><p>Una de las empresas que particip\u00f3 de la misi\u00f3n fue Consultora Green Aqua, que se encuentra desarrollando un proceso de expansi\u00f3n hacia Latinoam\u00e9rica mediante sus servicios de ingenier\u00eda de fondeos y an\u00e1lisis estructural, adem\u00e1s de la comercializaci\u00f3n de Aquasim, software especializado que representa la compa\u00f1\u00eda.<\/p><p>Su gerente, Esteban Patroni, explic\u00f3 que una de las principales ventajas del encuentro organizado por ProChile fue la posibilidad de reunir en un mismo lugar a potenciales contrapartes provenientes de diferentes pa\u00edses, evitando tener que realizar viajes independientes a los distintos mercados.<\/p><p>\u201cEstamos en un proyecto de expansi\u00f3n hacia varios pa\u00edses, tanto con nuestros servicios de ingenier\u00eda de fondeos y an\u00e1lisis estructural como con la venta de Aquasim, que es el software que representamos. Este evento que organiz\u00f3 ProChile nos facilit\u00f3 bastante las cosas porque reuni\u00f3 en un solo lugar a gente de Brasil, Colombia, Guatemala y otros mercados. Al final hicimos un viaje en vez de cuatro o cinco\u201d, explic\u00f3.<\/p><p>La experiencia resulta especialmente relevante para empresas que buscan internacionalizar servicios especializados, considerando que normalmente deben participar en diferentes ferias y encuentros sectoriales para establecer contactos en cada pa\u00eds.<\/p><p><strong>Brasil y Colombia entre los mercados con potencial<\/strong><\/p><p>Para Green Aqua, la misi\u00f3n tambi\u00e9n permiti\u00f3 identificar oportunidades concretas en mercados acu\u00edcolas que presentan caracter\u00edsticas diferentes a la industria chilena.<\/p><p>Brasil aparece como una alternativa especialmente interesante por el tama\u00f1o de su producci\u00f3n de tilapia, una industria de gran volumen aunque con una estructura de costos y precios diferente a la salmonicultura. A ello se suma Colombia, donde comienza a desarrollarse un mercado asociado al cultivo de truchas y existe inter\u00e9s por conocer soluciones provenientes de la experiencia acu\u00edcola chilena.<\/p><p>\u201cEl objetivo es poder acceder a otros mercados de Latinoam\u00e9rica para ofrecer nuestros servicios de ingenier\u00eda y buscar posibles usuarios de Aquasim. Donde vemos mayores posibilidades es en Brasil con la tilapia, que es un mercado grande, y tambi\u00e9n, de manera incipiente, en Colombia con la producci\u00f3n de truchas\u201d, explic\u00f3 Patroni.<\/p><p>Pero las reuniones generaron adem\u00e1s oportunidades que inicialmente no estaban consideradas dentro de la estrategia comercial de la empresa. Potenciales clientes consultaron por boyas destinadas a sistemas de vigilancia y por sensores para medir variables como temperatura, ox\u00edgeno y salinidad.<\/p><p>Seg\u00fan explic\u00f3 el ejecutivo, se trata de soluciones que Green Aqua podr\u00eda incorporar aprovechando sus capacidades t\u00e9cnicas y redes comerciales existentes, recurriendo tanto a proveedores chilenos como noruegos, ampliando de esta manera el abanico de productos y servicios que podr\u00eda ofrecer en Chile y otros mercados latinoamericanos.<\/p><p><strong>Una plataforma para abrir mercados<\/strong><\/p><p>La posibilidad de encontrarse con compradores de distintos pa\u00edses fue tambi\u00e9n valorada por otras compa\u00f1\u00edas participantes. David Ulloa, gerente general de IMENCO, destac\u00f3 que sostuvo reuniones no solamente con representantes colombianos, sino tambi\u00e9n con potenciales clientes de Ecuador, Brasil y Rep\u00fablica Dominicana, ampliando las posibilidades comerciales de la empresa.<\/p><p>En tanto, Alonso Echevarr\u00eda, fundador y director de AEX Group, relev\u00f3 el reconocimiento que existe hacia la experiencia acu\u00edcola chilena, aunque advirti\u00f3 que ingresar a nuevos mercados requiere comprender sus propias caracter\u00edsticas y adaptar las soluciones desarrolladas para la salmonicultura nacional a las necesidades particulares de cada industria.<\/p><p>El encuentro dej\u00f3 tambi\u00e9n un avance institucional. La Federaci\u00f3n Colombiana de Acuicultores (FEDEACUA) y el Club de Innovaci\u00f3n Acu\u00edcola de Chile suscribieron un acuerdo de colaboraci\u00f3n orientado a facilitar la transferencia de soluciones tecnol\u00f3gicas y generar nuevas oportunidades de cooperaci\u00f3n entre ambos ecosistemas acu\u00edcolas.<\/p><p>La participaci\u00f3n de las cinco compa\u00f1\u00edas de Los Lagos muestra as\u00ed una nueva dimensi\u00f3n del proceso exportador regional: junto con una industria acu\u00edcola consolidada, existe un ecosistema de proveedores que acumula conocimiento, ingenier\u00eda y desarrollo tecnol\u00f3gico y que comienza a encontrar oportunidades para proyectar esas capacidades hacia otros mercados de Am\u00e9rica Latina.<\/p><p><strong>Redacci\u00f3n El Fuerte Noticias<\/strong><\/p>\t\t\t\t\t\t\t<\/div>\r\n\t\t\t\t\t\t\t\t\t\t<\/div>\n\t\t\t\t<div class=\"elementor-element elementor-element-446391e elementor-arrows-position-inside elementor-pagination-position-outside flex-horizontal-align-default flex-horizontal-align-tablet-default flex-horizontal-align-mobile-default flex-vertical-align-default flex-vertical-align-tablet-default flex-vertical-align-mobile-default elementor-widget elementor-widget-image-carousel\" data-id=\"446391e\" data-element_type=\"widget\" data-settings=\"{&quot;slides_to_show&quot;:&quot;1&quot;,&quot;navigation&quot;:&quot;both&quot;,&quot;autoplay&quot;:&quot;yes&quot;,&quot;pause_on_hover&quot;:&quot;yes&quot;,&quot;pause_on_interaction&quot;:&quot;yes&quot;,&quot;autoplay_speed&quot;:5000,&quot;infinite&quot;:&quot;yes&quot;,&quot;effect&quot;:&quot;slide&quot;,&quot;speed&quot;:500}\" data-widget_type=\"image-carousel.default\">\n\t\t\t\t\t\t\t<div class=\"elementor-image-carousel-wrapper swiper\" role=\"region\" aria-roledescription=\"carousel\" aria-label=\"Carrusel de im\u00e1genes\" dir=\"ltr\">\n\t\t\t<div class=\"elementor-image-carousel swiper-wrapper\" aria-live=\"off\">\n\t\t\t\t\t\t\t\t<div class=\"swiper-slide\" role=\"group\" aria-roledescription=\"slide\" aria-label=\"1 de 3\"><figure class=\"swiper-slide-inner\"><img class=\"swiper-slide-image\" src=\"https:\/\/www.elfuerte.cl\/web\/wp-content\/uploads\/2026\/09\/55484406422_9c0df5c987_h.jpg\" alt=\"55484406422_9c0df5c987_h\" \/><\/figure><\/div><div class=\"swiper-slide\" role=\"group\" aria-roledescription=\"slide\" aria-label=\"2 de 3\"><figure class=\"swiper-slide-inner\"><img class=\"swiper-slide-image\" src=\"https:\/\/www.elfuerte.cl\/web\/wp-content\/uploads\/2026\/09\/55487476369_d1c6d3b98e_k.jpg\" alt=\"55487476369_d1c6d3b98e_k\" \/><\/figure><\/div><div class=\"swiper-slide\" role=\"group\" aria-roledescription=\"slide\" aria-label=\"3 de 3\"><figure class=\"swiper-slide-inner\"><img class=\"swiper-slide-image\" src=\"https:\/\/www.elfuerte.cl\/web\/wp-content\/uploads\/2026\/09\/portada-2026-09-05T130032.759.jpg\" alt=\"portada - 2026-09-05T130032.759\" \/><\/figure><\/div>\t\t\t<\/div>\n\t\t\t\t\t\t\t\t\t\t\t\t<div class=\"elementor-swiper-button elementor-swiper-button-prev\" role=\"button\" tabindex=\"0\">\n\t\t\t\t\t\t<svg aria-hidden=\"true\" class=\"e-font-icon-svg e-eicon-chevron-left\" viewBox=\"0 0 1000 1000\" xmlns=\"http:\/\/www.w3.org\/2000\/svg\"><path d=\"M646 125C629 125 613 133 604 142L308 442C296 454 292 471 292 487 292 504 296 521 308 533L604 854C617 867 629 875 646 875 663 875 679 871 692 858 704 846 713 829 713 812 713 796 708 779 692 767L438 487 692 225C700 217 708 204 708 187 708 171 704 154 692 142 675 129 663 125 646 125Z\"><\/path><\/svg>\t\t\t\t\t<\/div>\n\t\t\t\t\t<div class=\"elementor-swiper-button elementor-swiper-button-next\" role=\"button\" tabindex=\"0\">\n\t\t\t\t\t\t<svg aria-hidden=\"true\" class=\"e-font-icon-svg e-eicon-chevron-right\" viewBox=\"0 0 1000 1000\" xmlns=\"http:\/\/www.w3.org\/2000\/svg\"><path d=\"M696 533C708 521 713 504 713 487 713 471 708 454 696 446L400 146C388 133 375 125 354 125 338 125 325 129 313 142 300 154 292 171 292 187 292 204 296 221 308 233L563 492 304 771C292 783 288 800 288 817 288 833 296 850 308 863 321 871 338 875 354 875 371 875 388 867 400 854L696 533Z\"><\/path><\/svg>\t\t\t\t\t<\/div>\n\t\t\t\t\n\t\t\t\t\t\t\t\t\t<div class=\"swiper-pagination\"><\/div>\n\t\t\t\t\t\t\t\t\t<\/div>\n\t\t\t\t\t\t<\/div>\n\t\t\t\t<div class=\"elementor-element elementor-element-5ac3e4a flex-horizontal-align-default flex-horizontal-align-tablet-default flex-horizontal-align-mobile-default flex-vertical-align-default flex-vertical-align-tablet-default flex-vertical-align-mobile-default elementor-widget elementor-widget-thegem-styledimage\" data-id=\"5ac3e4a\" data-element_type=\"widget\" data-settings=\"{&quot;thegem_elementor_preset&quot;:&quot;style-2&quot;,&quot;image&quot;:{&quot;url&quot;:&quot;https:\\\/\\\/elfuerte.cl\\\/web\\\/wp-content\\\/uploads\\\/2025\\\/10\\\/bannerefdelsur.jpg&quot;,&quot;id&quot;:1540,&quot;size&quot;:&quot;&quot;,&quot;alt&quot;:&quot;&quot;,&quot;source&quot;:&quot;library&quot;},&quot;image_position&quot;:&quot;left&quot;}\" data-widget_type=\"thegem-styledimage.default\">\n\t\t\t\t<div class=\"elementor-widget-container\">\n\t\t\t\t\t\n<div class=\"styled-image-wrapper\">\n\t\t\t<div class=\"gem-image gem-wrapbox gem-wrapbox-style-2 gem-wrapbox-position-left lazy-loading \">\n\t\t\t<div class=\"gem-wrapbox-inner  lazy-loading-item\"  data-ll-effect=\"move-up\">\n\t\t\t\t\t\t\t\t<a href=\"#\">\n\t\t\t\t\t\t\t\t\t\t<img class=\"gem-wrapbox-element img-responsive \"\n\t\t\t\t\t\t src=\"https:\/\/www.elfuerte.cl\/web\/wp-content\/uploads\/2025\/10\/bannerefdelsur.jpg\"\n\t\t\t\t\t\t alt=\"bannerefdelsur\">\n\t\t\t\t\t\t\t\t\t\t\t\t\t\t<\/a>\n\t\t\t\t\t\t<\/div>\n\t\t<\/div>\n\t\t<\/div>\n\n\n\t\n\t\t\t\t\t\t<\/div>\n\t\t\t\t<\/div>\n\t\t\t\t\t<\/div>\n\t\t<\/div>\n\t\t\t\t<div class=\"elementor-column elementor-col-33 elementor-top-column elementor-element elementor-element-dfac7b7\" data-id=\"dfac7b7\" data-element_type=\"column\">\n\t\t\t<div class=\"elementor-widget-wrap elementor-element-populated\">\n\t\t\t\t\t\t<div class=\"elementor-element elementor-element-af7077d flex-horizontal-align-default flex-horizontal-align-tablet-default flex-horizontal-align-mobile-default flex-vertical-align-default flex-vertical-align-tablet-default flex-vertical-align-mobile-default elementor-widget elementor-widget-sidebar\" data-id=\"af7077d\" data-element_type=\"widget\" data-settings=\"{&quot;thegem_custom_css&quot;:&quot;.gem-pp-posts-image {\\r\\n    width: 72px;\\r\\n}\\r\\n.gem-pp-posts-image img {\\r\\n    border-radius: 50%;\\r\\n}\\r\\nselector h4 {\\r\\n    padding-top: 40px;\\r\\n}&quot;}\" data-widget_type=\"sidebar.default\">\n\t\t\t\t\t<aside id=\"media_image-3\" class=\"widget widget_media_image\"><img width=\"750\" height=\"750\" src=\"https:\/\/www.elfuerte.cl\/web\/wp-content\/uploads\/2025\/10\/bannerrojook.jpg\" class=\"image wp-image-1681  attachment-full size-full\" alt=\"\" style=\"max-width: 100%; height: auto;\" title=\"Banner\" srcset=\"https:\/\/www.elfuerte.cl\/web\/wp-content\/uploads\/2025\/10\/bannerrojook.jpg 750w, https:\/\/www.elfuerte.cl\/web\/wp-content\/uploads\/2025\/10\/bannerrojook-300x300.jpg 300w, https:\/\/www.elfuerte.cl\/web\/wp-content\/uploads\/2025\/10\/bannerrojook-150x150.jpg 150w, https:\/\/www.elfuerte.cl\/web\/wp-content\/uploads\/2025\/10\/bannerrojook-256x256.jpg 256w\" sizes=\"(max-width: 750px) 100vw, 750px\" \/><\/aside><aside id=\"categories-2\" class=\"widget widget_categories\"><h4 class=\"widget-title\">Secciones<\/h4>\n\t\t\t<ul>\n\t\t\t\t\t<li class=\"cat-item cat-item-21\"><a href=\"https:\/\/www.elfuerte.cl\/web\/category\/actualidad\/\" title=\"View all posts filed under Actualidad\">Actualidad<\/a>\n<\/li>\n\t<li class=\"cat-item cat-item-100\"><a href=\"https:\/\/www.elfuerte.cl\/web\/category\/destacados\/\" title=\"View all posts filed under Destacados\">Destacados<\/a>\n<\/li>\n\t<li class=\"cat-item cat-item-101\"><a href=\"https:\/\/www.elfuerte.cl\/web\/category\/region-ludica\/\" title=\"View all posts filed under Regi\u00f3n L\u00fadica\">Regi\u00f3n L\u00fadica<\/a>\n<\/li>\n\t<li class=\"cat-item cat-item-157\"><a href=\"https:\/\/www.elfuerte.cl\/web\/category\/sala-de-redaccion\/\" title=\"View all posts filed under Sala de Redacci\u00f3n\">Sala de Redacci\u00f3n<\/a>\n<\/li>\n\t\t\t<\/ul>\n\n\t\t\t<\/aside><aside id=\"custom_popular_posts-2\" class=\"widget Custom_Popular_Posts\"><h4 class=\"widget-title\">Populares<\/h4><ul class=\"posts  styled\"><li class=\"clearfix gem-pp-posts\"><div class=\"gem-pp-posts-image\"><a href=\"https:\/\/www.elfuerte.cl\/web\/2026\/09\/05\/valdivia-inauguro-su-primer-festival-de-chocolate-en-el-casino-dreams-con-50-expositores-y-un-cisne-de-400-kilos-de-chocolate\/\"><img src=\"https:\/\/www.elfuerte.cl\/web\/wp-content\/uploads\/2026\/09\/banner4-9-2.jpg\" srcset=\"https:\/\/www.elfuerte.cl\/web\/wp-content\/uploads\/2026\/09\/banner4-9-2.jpg 1x, https:\/\/www.elfuerte.cl\/web\/wp-content\/uploads\/2026\/09\/banner4-9-2.jpg 2x\" alt=\"\"\/><\/a><\/div><div class=\"gem-pp-posts-text\"> <div class=\"gem-pp-posts-item\"><a href=\"https:\/\/www.elfuerte.cl\/web\/2026\/09\/05\/valdivia-inauguro-su-primer-festival-de-chocolate-en-el-casino-dreams-con-50-expositores-y-un-cisne-de-400-kilos-de-chocolate\/\">Valdivia inaugur\u00f3 su Primer Festival de Chocolate en el casino Dreams con 50 expositores y un cisne de 400 kilos de chocolate<\/a><\/div><div class=\"gem-pp-posts-date\">05\/09\/2026<\/div><\/div><\/li><li class=\"clearfix gem-pp-posts\"><div class=\"gem-pp-posts-image\"><a href=\"https:\/\/www.elfuerte.cl\/web\/2025\/10\/11\/recuperar-una-casa-y-un-icono-de-la-historia-lotina\/\"><img src=\"https:\/\/www.elfuerte.cl\/web\/wp-content\/uploads\/2025\/10\/actualidad003-copia-thegem-post-thumb-large.jpg\" srcset=\"https:\/\/www.elfuerte.cl\/web\/wp-content\/uploads\/2025\/10\/actualidad003-copia-thegem-post-thumb-small.jpg 1x, https:\/\/www.elfuerte.cl\/web\/wp-content\/uploads\/2025\/10\/actualidad003-copia-thegem-post-thumb-large.jpg 2x\" alt=\"\"\/><\/a><\/div><div class=\"gem-pp-posts-text\"> <div class=\"gem-pp-posts-item\"><a href=\"https:\/\/www.elfuerte.cl\/web\/2025\/10\/11\/recuperar-una-casa-y-un-icono-de-la-historia-lotina\/\">Recuperar una casa y un \u00edcono de la historia lotina<\/a><\/div><div class=\"gem-pp-posts-date\">11\/10\/2025<\/div><\/div><\/li><li class=\"clearfix gem-pp-posts\"><div class=\"gem-pp-posts-image\"><a href=\"https:\/\/www.elfuerte.cl\/web\/2025\/10\/08\/indap-impulsa-acceso-a-tierras-y-emprendimiento-para-juventudes-rurales-con-nuevo-programa-tierra-joven\/\"><img src=\"https:\/\/www.elfuerte.cl\/web\/wp-content\/uploads\/2025\/10\/actualidad001-copia-thegem-post-thumb-large.jpg\" srcset=\"https:\/\/www.elfuerte.cl\/web\/wp-content\/uploads\/2025\/10\/actualidad001-copia-thegem-post-thumb-small.jpg 1x, https:\/\/www.elfuerte.cl\/web\/wp-content\/uploads\/2025\/10\/actualidad001-copia-thegem-post-thumb-large.jpg 2x\" alt=\"\"\/><\/a><\/div><div class=\"gem-pp-posts-text\"> <div class=\"gem-pp-posts-item\"><a href=\"https:\/\/www.elfuerte.cl\/web\/2025\/10\/08\/indap-impulsa-acceso-a-tierras-y-emprendimiento-para-juventudes-rurales-con-nuevo-programa-tierra-joven\/\">INDAP impulsa acceso a tierras y emprendimiento para juventudes rurales con nuevo programa \u201cTierra Joven\u201d<\/a><\/div><div class=\"gem-pp-posts-date\">08\/10\/2025<\/div><\/div><\/li><li class=\"clearfix gem-pp-posts\"><div class=\"gem-pp-posts-image\"><a href=\"https:\/\/www.elfuerte.cl\/web\/2025\/09\/05\/la-derrota-que-dejo-al-gobierno-sin-brujula\/\"><img src=\"https:\/\/www.elfuerte.cl\/web\/wp-content\/uploads\/2025\/09\/actualidad004-thegem-post-thumb-large.jpg\" srcset=\"https:\/\/www.elfuerte.cl\/web\/wp-content\/uploads\/2025\/09\/actualidad004-thegem-post-thumb-small.jpg 1x, https:\/\/www.elfuerte.cl\/web\/wp-content\/uploads\/2025\/09\/actualidad004-thegem-post-thumb-large.jpg 2x\" alt=\"\"\/><\/a><\/div><div class=\"gem-pp-posts-text\"> <div class=\"gem-pp-posts-item\"><a href=\"https:\/\/www.elfuerte.cl\/web\/2025\/09\/05\/la-derrota-que-dejo-al-gobierno-sin-brujula\/\">La derrota que dej\u00f3 al gobierno sin br\u00fajula<\/a><\/div><div class=\"gem-pp-posts-date\">05\/09\/2025<\/div><\/div><\/li><\/ul><\/aside>\t\t\t\t<\/div>\n\t\t\t\t\t<\/div>\n\t\t<\/div>\n\t\t\t\t\t<\/div><\/div>\r\n\t\t<\/section>\r\n\t\t\t\t<\/div>\n\t\t","protected":false},"excerpt":{"rendered":"<p>Cinco compa\u00f1\u00edas regionales participaron en el Encuentro de Negocios Chile-Latam Bogot\u00e1 2026, organizado por ProChile. La instancia reuni\u00f3 a 32 exportadores chilenos con 61 compradores de nueve pa\u00edses y permiti\u00f3 concentrar en un solo viaje reuniones con potenciales clientes de distintos mercados latinoamericanos.<\/p>\n","protected":false},"author":1,"featured_media":9270,"comment_status":"closed","ping_status":"closed","sticky":false,"template":"single-fullwidth.php","format":"standard","meta":{"footnotes":""},"categories":[21,100],"tags":[559,1305,557,375],"class_list":{"0":"post-9263","1":"post","2":"type-post","3":"status-publish","4":"format-standard","5":"has-post-thumbnail","7":"category-actualidad","8":"category-destacados","9":"tag-acuicultura","10":"tag-bogota","11":"tag-green-aqua","12":"tag-prochile"},"menu_order":1,"_links":{"self":[{"href":"https:\/\/www.elfuerte.cl\/web\/wp-json\/wp\/v2\/posts\/9263","targetHints":{"allow":["GET"]}}],"collection":[{"href":"https:\/\/www.elfuerte.cl\/web\/wp-json\/wp\/v2\/posts"}],"about":[{"href":"https:\/\/www.elfuerte.cl\/web\/wp-json\/wp\/v2\/types\/post"}],"author":[{"embeddable":true,"href":"https:\/\/www.elfuerte.cl\/web\/wp-json\/wp\/v2\/users\/1"}],"replies":[{"embeddable":true,"href":"https:\/\/www.elfuerte.cl\/web\/wp-json\/wp\/v2\/comments?post=9263"}],"version-history":[{"count":5,"href":"https:\/\/www.elfuerte.cl\/web\/wp-json\/wp\/v2\/posts\/9263\/revisions"}],"predecessor-version":[{"id":9286,"href":"https:\/\/www.elfuerte.cl\/web\/wp-json\/wp\/v2\/posts\/9263\/revisions\/9286"}],"wp:featuredmedia":[{"embeddable":true,"href":"https:\/\/www.elfuerte.cl\/web\/wp-json\/wp\/v2\/media\/9270"}],"wp:attachment":[{"href":"https:\/\/www.elfuerte.cl\/web\/wp-json\/wp\/v2\/media?parent=9263"}],"wp:term":[{"taxonomy":"category","embeddable":true,"href":"https:\/\/www.elfuerte.cl\/web\/wp-json\/wp\/v2\/categories?post=9263"},{"taxonomy":"post_tag","embeddable":true,"href":"https:\/\/www.elfuerte.cl\/web\/wp-json\/wp\/v2\/tags?post=9263"}],"curies":[{"name":"wp","href":"https:\/\/api.w.org\/{rel}","templated":true}]}}