{"id":9267,"date":"2026-09-05T13:01:15","date_gmt":"2026-09-05T17:01:15","guid":{"rendered":"https:\/\/www.elfuerte.cl\/web\/?p=9267"},"modified":"2026-09-05T13:05:09","modified_gmt":"2026-09-05T17:05:09","slug":"rally-chile-biobio-2026-llega-con-titulos-mundiales-en-juego-y-una-batalla-que-promete-marcar-la-temporada","status":"publish","type":"post","link":"https:\/\/www.elfuerte.cl\/web\/2026\/09\/05\/rally-chile-biobio-2026-llega-con-titulos-mundiales-en-juego-y-una-batalla-que-promete-marcar-la-temporada\/","title":{"rendered":"Rally Chile Biob\u00edo 2026 llega con t\u00edtulos mundiales en juego y una batalla que promete marcar la temporada"},"content":{"rendered":"\t\t<div data-elementor-type=\"wp-post\" data-elementor-id=\"9267\" class=\"elementor elementor-9267\">\n\t\t\t\t\t\t<section class=\"elementor-section elementor-top-section elementor-element elementor-element-464cea7 elementor-section-boxed elementor-section-height-default elementor-section-height-default\" data-id=\"464cea7\" data-element_type=\"section\">\r\n\t\t\t\t\t\t<div class=\"elementor-container elementor-column-gap-thegem\"><div class=\"elementor-row\">\r\n\t\t\t\t\t<div class=\"elementor-column elementor-col-66 elementor-top-column elementor-element elementor-element-2f44c54\" data-id=\"2f44c54\" data-element_type=\"column\">\n\t\t\t<div class=\"elementor-widget-wrap elementor-element-populated\">\n\t\t\t\t\t\t<div class=\"elementor-element elementor-element-ab386a6 flex-horizontal-align-default flex-horizontal-align-tablet-default flex-horizontal-align-mobile-default flex-vertical-align-default flex-vertical-align-tablet-default flex-vertical-align-mobile-default elementor-widget elementor-widget-heading\" data-id=\"ab386a6\" data-element_type=\"widget\" data-widget_type=\"heading.default\">\n\t\t\t\t\t<div class=\"title-h1 elementor-heading-title elementor-size-default\">Rally Chile Biob\u00edo 2026 llega con t\u00edtulos mundiales en juego y una batalla que promete marcar la temporada<\/div>\t\t\t\t<\/div>\n\t\t\t\t<div class=\"elementor-element elementor-element-8427bf3 elementor-widget__width-initial flex-horizontal-align-default flex-horizontal-align-tablet-default flex-horizontal-align-mobile-default flex-vertical-align-default flex-vertical-align-tablet-default flex-vertical-align-mobile-default elementor-widget elementor-widget-text-editor\" data-id=\"8427bf3\" data-element_type=\"widget\" data-widget_type=\"text-editor.default\">\n\t\t\t\t\t\t\t\t\t\t\t\t<div class=\"elementor-text-editor elementor-clearfix\">\r\n\t\t\t\t\t\t<p align=\"justify\"><b>La duod\u00e9cima fecha del Mundial de Rally se disputar\u00e1 entre el 11 y el 13 de septiembre en los caminos de la Regi\u00f3n del Biob\u00edo. El campeonato Junior se definir\u00e1 en Chile y Toyota llega con la posibilidad de conquistar su d\u00e9cima corona mundial de Constructores.<\/b><\/p><p align=\"justify\"><b>Concepci\u00f3n.<\/b> La Regi\u00f3n del Biob\u00edo se prepara para recibir, por quinta vez, una fecha v\u00e1lida por el Campeonato Mundial de Rally (WRC), que entre el 10 y el 13 de septiembre reunir\u00e1 en la zona a los principales exponentes del automovilismo mundial y a las figuras nacionales del Copec RallyMobil.<\/p><p align=\"justify\">La duod\u00e9cima fecha del calendario 2026 tendr\u00e1 su centro de operaciones en el Hotel-Casino MDS de Talcahuano y contar\u00e1 con una Largada Protocolar en la Plaza de la Independencia de Concepci\u00f3n. La competencia contempla tres jornadas de tramos cronometrados por caminos rurales de la regi\u00f3n, donde estar\u00e1n en juego importantes definiciones del campeonato mundial.<\/p><p align=\"justify\">La actividad comenzar\u00e1 con las jornadas de test previas a la carrera y continuar\u00e1 con el reconocimiento de las rutas, el Shakedown y la Largada Protocolar, antes del inicio oficial de la competencia el viernes 11 de septiembre.<\/p><p align=\"justify\"><b>Chile ser\u00e1 escenario de una definici\u00f3n mundial<\/b><\/p><p align=\"justify\">El Rally Chile Biob\u00edo 2026 tendr\u00e1 un atractivo especial: al menos un t\u00edtulo mundial quedar\u00e1 definido en territorio nacional.<\/p><p align=\"justify\">La categor\u00eda Junior disputar\u00e1 en Chile su doble fecha final de la temporada, con cuatro pilotos que todav\u00eda tienen posibilidades matem\u00e1ticas de quedarse con el campeonato. El sueco Calle Carlberg llega como l\u00edder con 95 puntos, seguido por el turco Ali T\u00fcrkkan, con 92.<\/p><p align=\"justify\">M\u00e1s atr\u00e1s aparecen el espa\u00f1ol Gil Membrado y el finland\u00e9s Leevi Lassila, quienes tambi\u00e9n mantienen opciones de alcanzar el primer lugar de la clasificaci\u00f3n.<\/p><p align=\"justify\">En esta categor\u00eda, reservada para pilotos menores de 29 a\u00f1os sin participaci\u00f3n previa en la serie Rally1, Chile tendr\u00e1 como representante al vi\u00f1amarino Gerardo Rosselot Valenzuela.<\/p><p align=\"justify\">Rosselot ya conoce el Ford Fiesta Rally3 utilizado en el Mundial Junior, luego de disputar tres fechas durante la temporada 2024. En aquella campa\u00f1a consigui\u00f3, adem\u00e1s, imponerse en el Powerstage del Rally de Suecia, experiencia que buscar\u00e1 aprovechar ahora en los caminos del Biob\u00edo.<\/p><p align=\"justify\"><b>Toyota busca su d\u00e9cima corona mundial<\/b><\/p><p align=\"justify\">Otra de las grandes definiciones que podr\u00eda producirse en Chile est\u00e1 en el Campeonato Mundial de Constructores.<\/p><p align=\"justify\">Toyota Gazoo Racing llega con una importante ventaja y la posibilidad de conquistar su d\u00e9cimo t\u00edtulo mundial, resultado que le permitir\u00eda igualar el r\u00e9cord hist\u00f3rico que actualmente ostenta Lancia.<\/p><p align=\"justify\">Hyundai es el \u00fanico fabricante que todav\u00eda puede postergar la celebraci\u00f3n de los japoneses. Para conseguirlo, la marca coreana necesita sumar 54 puntos m\u00e1s que Toyota durante el Rally Chile Biob\u00edo, una diferencia que no se ha registrado en ninguna fecha de la temporada.<\/p><p align=\"justify\">Con este escenario, Toyota llega a la Regi\u00f3n del Biob\u00edo con una alta posibilidad de cerrar en Chile una nueva temporada como campe\u00f3n mundial de Constructores.<\/p><p align=\"justify\"><b>Pajari, la irrupci\u00f3n que remece el campeonato<\/b><\/p><p align=\"justify\">La lucha por el t\u00edtulo de pilotos tambi\u00e9n tendr\u00e1 uno de sus principales cap\u00edtulos en el Biob\u00edo.<\/p><p align=\"justify\">Toyota domina cuatro de las cinco primeras posiciones de la clasificaci\u00f3n de Rally1, mientras el finland\u00e9s Sami Pajari se ha convertido en una de las grandes figuras ascendentes de la temporada.<\/p><p align=\"justify\">Con apenas 24 a\u00f1os, Pajari llega despu\u00e9s de conseguir tres victorias consecutivas en Estonia, Finlandia y Paraguay. Esta racha le permiti\u00f3 escalar desde el cuarto hasta el segundo lugar de la clasificaci\u00f3n y reducir de 55 a solo 20 puntos la distancia con el l\u00edder, Elfyn Evans.<\/p><p align=\"justify\">El gal\u00e9s encabeza actualmente el campeonato con 216 unidades y buscar\u00e1 mantener el primer lugar para conseguir un t\u00edtulo que se le ha escapado en las \u00faltimas temporadas. Evans acumula cinco subcampeonatos en las \u00faltimas seis campa\u00f1as.<\/p><p align=\"justify\">Tambi\u00e9n siguen en carrera por el campeonato Oliver Solberg, con 175 puntos, y Takamoto Katsuta, con 160. Sin embargo, el escenario apunta a una definici\u00f3n principalmente entre Evans y Pajari, ambos integrantes de Toyota.<\/p><p align=\"justify\"><b>Los chilenos tambi\u00e9n van por protagonismo<\/b><\/p><p align=\"justify\">La presencia nacional no estar\u00e1 limitada a Gerardo Rosselot. Las principales figuras de las categor\u00edas RC2, RC3 y RC4 del Copec RallyMobil tambi\u00e9n ser\u00e1n parte de la competencia y buscar\u00e1n aprovechar la oportunidad de medirse con los mejores pilotos del mundo.<\/p><p align=\"justify\">El 13 veces campe\u00f3n nacional Jorge Mart\u00ednez ser\u00e1 uno de los grandes atractivos. El actual l\u00edder del Copec RallyMobil competir\u00e1 a bordo de un nuevo Skoda Fabia RS Rally2, unidad que fue importada desde Rep\u00fablica Checa.<\/p><p align=\"justify\">Pedro Heller tambi\u00e9n estrenar\u00e1 veh\u00edculo en la competencia, con un Toyota GR Yaris Rally2. El piloto se sumar\u00e1 as\u00ed a su hermano Alberto, quien viene de conseguir dos victorias consecutivas en el Copec RallyMobil a bordo del modelo japon\u00e9s, en los rallys de Arauco y Nacimiento-Negrete.<\/p><p align=\"justify\">En RC3, Felipe Padilla y Patricio Mu\u00f1oz aparecen entre los pilotos nacionales con mayores opciones de luchar por posiciones destacadas frente a los exponentes internacionales. A ellos se sumar\u00e1n Eduardo Kovacs y Carlos Prieto, quien llegar\u00e1 con un motor nuevo para su Ford Fiesta Rally3.<\/p><p align=\"justify\"><b>Tres d\u00edas de competencia por los caminos del Biob\u00edo<\/b><\/p><p align=\"justify\">La competencia oficial comenzar\u00e1 el viernes 11 de septiembre a partir de las 8:53 horas. La primera etapa contempla seis tramos cronometrados, distribuidos en dos rulos por los sectores de Turqu\u00eda, Nuevo Rere y Hualqui.<\/p><p align=\"justify\">Durante esa jornada los competidores recorrer\u00e1n 454,16 kil\u00f3metros, de los cuales 101,30 corresponder\u00e1n a tramos contra el cron\u00f3metro.<\/p><p align=\"justify\">El s\u00e1bado 12 se desarrollar\u00e1 la segunda etapa, la m\u00e1s extensa de la competencia, con 406,76 kil\u00f3metros totales y 139,20 kil\u00f3metros cronometrados. Los pilotos enfrentar\u00e1n los tramos de Pel\u00fan, Lota y Mar\u00eda Las Cruces.<\/p><p align=\"justify\">La \u00faltima jornada se disputar\u00e1 el domingo 13, con 316,69 kil\u00f3metros totales y 71,20 cronometrados. La etapa contempla especiales en Carampangue y Biob\u00edo, donde se desarrollar\u00e1 el \u00faltimo tramo de la competencia, correspondiente al Wolf PowerStage, que entrega puntaje adicional a los binomios que consigan los mejores tiempos.<\/p><p align=\"justify\">En total, los 56 binomios inscritos deber\u00e1n completar 1.177 kil\u00f3metros, de los cuales 311,70 ser\u00e1n cronometrados.<\/p><p align=\"justify\"><b>Seguridad: la principal recomendaci\u00f3n para el p\u00fablico<\/b><\/p><p align=\"justify\">Para quienes quieran seguir la competencia directamente desde la ruta, la organizaci\u00f3n record\u00f3 que los tramos cronometrados se cierran a las 20:00 horas del d\u00eda anterior al desarrollo de las pruebas especiales, con excepci\u00f3n de Pel\u00fan, cuyo cierre est\u00e1 programado para las 18:00 horas.<\/p><p align=\"justify\">El Rally Chile Biob\u00edo es un espect\u00e1culo gratuito para los espectadores. Sin embargo, el acceso a la ruta implica respetar estrictamente las medidas de seguridad establecidas por la organizaci\u00f3n.<\/p><p align=\"justify\">El p\u00fablico debe permanecer exclusivamente en las zonas habilitadas y se\u00f1alizadas para espectadores, identificadas con cinta amarilla, obedecer las instrucciones del personal de seguridad y evitar cualquier conducta que pueda poner en riesgo a los competidores, equipos o asistentes.<\/p><p align=\"justify\">En una fecha que puede definir campeonatos mundiales y que reunir\u00e1 nuevamente en el Biob\u00edo a los grandes protagonistas del WRC, la seguridad ser\u00e1 clave para disfrutar de una de las mayores fiestas del deporte motor que se desarrollan en Chile.<\/p><p align=\"justify\"><br \/><br \/><\/p><p><b>CRONOGRAMA DEL RALLY CHILE BIOB\u00cdO 2026<\/b><\/p><p><b>Jueves 10 de septiembre<\/b><\/p><table width=\"589\" cellspacing=\"0\" cellpadding=\"7\"><tbody><tr valign=\"top\"><td width=\"98\"><p align=\"left\"><span style=\"font-family: Calibri, serif;\"><span style=\"font-size: small;\"><span style=\"font-size: medium;\"><b>Hora<\/b><\/span><\/span><\/span><\/p><\/td><td width=\"194\"><p align=\"left\"><span style=\"font-family: Calibri, serif;\"><span style=\"font-size: small;\"><span style=\"font-size: medium;\"><b>Actividad<\/b><\/span><\/span><\/span><\/p><\/td><td width=\"253\"><p align=\"left\"><span style=\"font-family: Calibri, serif;\"><span style=\"font-size: small;\"><span style=\"font-size: medium;\"><b>Lugar<\/b><\/span><\/span><\/span><\/p><\/td><\/tr><tr valign=\"top\"><td width=\"98\"><p align=\"left\"><span style=\"font-family: Calibri, serif;\"><span style=\"font-size: small;\"><span style=\"font-size: medium;\">11:01<\/span><\/span><\/span><\/p><\/td><td width=\"194\"><p align=\"left\"><span style=\"font-family: Calibri, serif;\"><span style=\"font-size: small;\"><span style=\"font-size: medium;\">Shakedown<\/span><\/span><\/span><\/p><\/td><td width=\"253\"><p align=\"left\"><span style=\"font-family: Calibri, serif;\"><span style=\"font-size: small;\"><span style=\"font-size: medium;\">El Manzano<\/span><\/span><\/span><\/p><\/td><\/tr><tr valign=\"top\"><td width=\"98\"><p align=\"left\"><span style=\"font-family: Calibri, serif;\"><span style=\"font-size: small;\"><span style=\"font-size: medium;\">18:00 <\/span><\/span><\/span><\/p><\/td><td width=\"194\"><p align=\"left\"><span style=\"font-family: Calibri, serif;\"><span style=\"font-size: small;\"><span style=\"font-size: medium;\">Partida estelar<\/span><\/span><\/span><\/p><\/td><td width=\"253\"><p align=\"left\"><span style=\"font-family: Calibri, serif;\"><span style=\"font-size: small;\"><span style=\"font-size: medium;\">Plaza de la Independencia de Concepci\u00f3n<\/span><\/span><\/span><\/p><\/td><\/tr><\/tbody><\/table><p><br \/><br \/><\/p><p><b>Viernes 11 de septiembre<\/b><\/p><table width=\"589\" cellspacing=\"0\" cellpadding=\"7\"><tbody><tr valign=\"top\"><td width=\"98\"><p align=\"left\"><span style=\"font-family: Calibri, serif;\"><span style=\"font-size: small;\"><span style=\"font-size: medium;\"><b>Hora primer auto<\/b><\/span><\/span><\/span><\/p><\/td><td width=\"194\"><p align=\"left\"><span style=\"font-family: Calibri, serif;\"><span style=\"font-size: small;\"><span style=\"font-size: medium;\"><b>Actividad<\/b><\/span><\/span><\/span><\/p><\/td><td width=\"253\"><p align=\"left\"><span style=\"font-family: Calibri, serif;\"><span style=\"font-size: small;\"><span style=\"font-size: medium;\"><b>Lugar<\/b><\/span><\/span><\/span><\/p><\/td><\/tr><tr valign=\"top\"><td width=\"98\"><p align=\"left\"><span style=\"font-family: Calibri, serif;\"><span style=\"font-size: small;\"><span style=\"font-size: medium;\">08:53<\/span><\/span><\/span><\/p><\/td><td width=\"194\"><p align=\"left\"><span style=\"font-family: Calibri, serif;\"><span style=\"font-size: small;\"><span style=\"font-size: medium;\">Prueba especial 1 (22,94 kms)<\/span><\/span><\/span><\/p><\/td><td width=\"253\"><p align=\"left\"><span style=\"font-family: Calibri, serif;\"><span style=\"font-size: small;\"><span style=\"font-size: medium;\">Turqu\u00eda 1<\/span><\/span><\/span><\/p><\/td><\/tr><tr valign=\"top\"><td width=\"98\"><p align=\"left\"><span style=\"font-family: Calibri, serif;\"><span style=\"font-size: small;\"><span style=\"font-size: medium;\">09:48<\/span><\/span><\/span><\/p><\/td><td width=\"194\"><p align=\"left\"><span style=\"font-family: Calibri, serif;\"><span style=\"font-size: small;\"><span style=\"font-size: medium;\">Prueba especial 2 (10,92 kms)<\/span><\/span><\/span><\/p><\/td><td width=\"253\"><p align=\"left\"><span style=\"font-family: Calibri, serif;\"><span style=\"font-size: small;\"><span style=\"font-size: medium;\">Nuevo Rere 1<\/span><\/span><\/span><\/p><\/td><\/tr><tr valign=\"top\"><td width=\"98\"><p align=\"left\"><span style=\"font-family: Calibri, serif;\"><span style=\"font-size: small;\"><span style=\"font-size: medium;\">10:36<\/span><\/span><\/span><\/p><\/td><td width=\"194\"><p align=\"left\"><span style=\"font-family: Calibri, serif;\"><span style=\"font-size: small;\"><span style=\"font-size: medium;\">Prueba especial 3 (16,79 kms)<\/span><\/span><\/span><\/p><\/td><td width=\"253\"><p align=\"left\"><span style=\"font-family: Calibri, serif;\"><span style=\"font-size: small;\"><span style=\"font-size: medium;\">Hualqui 1<\/span><\/span><\/span><\/p><\/td><\/tr><tr valign=\"top\"><td width=\"98\"><p align=\"left\"><span style=\"font-family: Calibri, serif;\"><span style=\"font-size: small;\"><span style=\"font-size: medium;\">15:09<\/span><\/span><\/span><\/p><\/td><td width=\"194\"><p align=\"left\"><span style=\"font-family: Calibri, serif;\"><span style=\"font-size: small;\"><span style=\"font-size: medium;\">Prueba especial 4 (22,94 kms)<\/span><\/span><\/span><\/p><\/td><td width=\"253\"><p align=\"left\"><span style=\"font-family: Calibri, serif;\"><span style=\"font-size: small;\"><span style=\"font-size: medium;\">Turqu\u00eda 1<\/span><\/span><\/span><\/p><\/td><\/tr><tr valign=\"top\"><td width=\"98\"><p align=\"left\"><span style=\"font-family: Calibri, serif;\"><span style=\"font-size: small;\"><span style=\"font-size: medium;\">16:04<\/span><\/span><\/span><\/p><\/td><td width=\"194\"><p align=\"left\"><span style=\"font-family: Calibri, serif;\"><span style=\"font-size: small;\"><span style=\"font-size: medium;\">Prueba especial 5 (10,92 kms)<\/span><\/span><\/span><\/p><\/td><td width=\"253\"><p align=\"left\"><span style=\"font-family: Calibri, serif;\"><span style=\"font-size: small;\"><span style=\"font-size: medium;\">Nuevo Rere 1<\/span><\/span><\/span><\/p><\/td><\/tr><tr valign=\"top\"><td width=\"98\"><p align=\"left\"><span style=\"font-family: Calibri, serif;\"><span style=\"font-size: small;\"><span style=\"font-size: medium;\">16:52<\/span><\/span><\/span><\/p><\/td><td width=\"194\"><p align=\"left\"><span style=\"font-family: Calibri, serif;\"><span style=\"font-size: small;\"><span style=\"font-size: medium;\">Prueba especial 6 (16,79 kms)<\/span><\/span><\/span><\/p><\/td><td width=\"253\"><p align=\"left\"><span style=\"font-family: Calibri, serif;\"><span style=\"font-size: small;\"><span style=\"font-size: medium;\">Hualqui 1<\/span><\/span><\/span><\/p><\/td><\/tr><\/tbody><\/table><p><br \/><br \/><\/p><p><b>S\u00e1bado 12 de septiembre<\/b><\/p><table width=\"589\" cellspacing=\"0\" cellpadding=\"7\"><tbody><tr valign=\"top\"><td width=\"98\"><p align=\"left\"><span style=\"font-family: Calibri, serif;\"><span style=\"font-size: small;\"><span style=\"font-size: medium;\"><b>Hora primer auto<\/b><\/span><\/span><\/span><\/p><\/td><td width=\"194\"><p align=\"left\"><span style=\"font-family: Calibri, serif;\"><span style=\"font-size: small;\"><span style=\"font-size: medium;\"><b>Actividad<\/b><\/span><\/span><\/span><\/p><\/td><td width=\"253\"><p align=\"left\"><span style=\"font-family: Calibri, serif;\"><span style=\"font-size: small;\"><span style=\"font-size: medium;\"><b>Lugar<\/b><\/span><\/span><\/span><\/p><\/td><\/tr><tr valign=\"top\"><td width=\"98\"><p align=\"left\"><span style=\"font-family: Calibri, serif;\"><span style=\"font-size: small;\"><span style=\"font-size: medium;\">09:08<\/span><\/span><\/span><\/p><\/td><td width=\"194\"><p align=\"left\"><span style=\"font-family: Calibri, serif;\"><span style=\"font-size: small;\"><span style=\"font-size: medium;\">Prueba especial 7 (15,65 kms)<\/span><\/span><\/span><\/p><\/td><td width=\"253\"><p align=\"left\"><span style=\"font-family: Calibri, serif;\"><span style=\"font-size: small;\"><span style=\"font-size: medium;\">Pel\u00fan 1<\/span><\/span><\/span><\/p><\/td><\/tr><tr valign=\"top\"><td width=\"98\"><p align=\"left\"><span style=\"font-family: Calibri, serif;\"><span style=\"font-size: small;\"><span style=\"font-size: medium;\">10:01<\/span><\/span><\/span><\/p><\/td><td width=\"194\"><p align=\"left\"><span style=\"font-family: Calibri, serif;\"><span style=\"font-size: small;\"><span style=\"font-size: medium;\">Prueba especial 8 (25,64 kms)<\/span><\/span><\/span><\/p><\/td><td width=\"253\"><p align=\"left\"><span style=\"font-family: Calibri, serif;\"><span style=\"font-size: small;\"><span style=\"font-size: medium;\">Lota 1<\/span><\/span><\/span><\/p><\/td><\/tr><tr valign=\"top\"><td width=\"98\"><p align=\"left\"><span style=\"font-family: Calibri, serif;\"><span style=\"font-size: small;\"><span style=\"font-size: medium;\">11:05<\/span><\/span><\/span><\/p><\/td><td width=\"194\"><p align=\"left\"><span style=\"font-family: Calibri, serif;\"><span style=\"font-size: small;\"><span style=\"font-size: medium;\">Prueba especial 9 (28,31 kms)<\/span><\/span><\/span><\/p><\/td><td width=\"253\"><p align=\"left\"><span style=\"font-family: Calibri, serif;\"><span style=\"font-size: small;\"><span style=\"font-size: medium;\">Mar\u00eda Las Cruces 1<\/span><\/span><\/span><\/p><\/td><\/tr><tr valign=\"top\"><td width=\"98\"><p align=\"left\"><span style=\"font-family: Calibri, serif;\"><span style=\"font-size: small;\"><span style=\"font-size: medium;\">15:08<\/span><\/span><\/span><\/p><\/td><td width=\"194\"><p align=\"left\"><span style=\"font-family: Calibri, serif;\"><span style=\"font-size: small;\"><span style=\"font-size: medium;\">Prueba especial 10 (15,65 kms)<\/span><\/span><\/span><\/p><\/td><td width=\"253\"><p align=\"left\"><span style=\"font-family: Calibri, serif;\"><span style=\"font-size: small;\"><span style=\"font-size: medium;\">Pel\u00fan 2<\/span><\/span><\/span><\/p><\/td><\/tr><tr valign=\"top\"><td width=\"98\"><p align=\"left\"><span style=\"font-family: Calibri, serif;\"><span style=\"font-size: small;\"><span style=\"font-size: medium;\">16:01<\/span><\/span><\/span><\/p><\/td><td width=\"194\"><p align=\"left\"><span style=\"font-family: Calibri, serif;\"><span style=\"font-size: small;\"><span style=\"font-size: medium;\">Prueba especial 11 (25,64 kms)<\/span><\/span><\/span><\/p><\/td><td width=\"253\"><p align=\"left\"><span style=\"font-family: Calibri, serif;\"><span style=\"font-size: small;\"><span style=\"font-size: medium;\">Lota 2<\/span><\/span><\/span><\/p><\/td><\/tr><tr valign=\"top\"><td width=\"98\"><p align=\"left\"><span style=\"font-family: Calibri, serif;\"><span style=\"font-size: small;\"><span style=\"font-size: medium;\">17:05<\/span><\/span><\/span><\/p><\/td><td width=\"194\"><p align=\"left\"><span style=\"font-family: Calibri, serif;\"><span style=\"font-size: small;\"><span style=\"font-size: medium;\">Prueba especial 12 (28,31 kms)<\/span><\/span><\/span><\/p><\/td><td width=\"253\"><p align=\"left\"><span style=\"font-family: Calibri, serif;\"><span style=\"font-size: small;\"><span style=\"font-size: medium;\">Mar\u00eda Las Cruces 2<\/span><\/span><\/span><\/p><\/td><\/tr><\/tbody><\/table><p><br \/><br \/><\/p><p><b>Domingo 13 de septiembre<\/b><\/p><table width=\"589\" cellspacing=\"0\" cellpadding=\"7\"><tbody><tr valign=\"top\"><td width=\"98\"><p align=\"left\"><span style=\"font-family: Calibri, serif;\"><span style=\"font-size: small;\"><span style=\"font-size: medium;\"><b>Hora primer auto<\/b><\/span><\/span><\/span><\/p><\/td><td width=\"194\"><p align=\"left\"><span style=\"font-family: Calibri, serif;\"><span style=\"font-size: small;\"><span style=\"font-size: medium;\"><b>Actividad<\/b><\/span><\/span><\/span><\/p><\/td><td width=\"253\"><p align=\"left\"><span style=\"font-family: Calibri, serif;\"><span style=\"font-size: small;\"><span style=\"font-size: medium;\"><b>Lugar<\/b><\/span><\/span><\/span><\/p><\/td><\/tr><tr valign=\"top\"><td width=\"98\"><p align=\"left\"><span style=\"font-family: Calibri, serif;\"><span style=\"font-size: small;\"><span style=\"font-size: medium;\">09:00<\/span><\/span><\/span><\/p><\/td><td width=\"194\"><p align=\"left\"><span style=\"font-family: Calibri, serif;\"><span style=\"font-size: small;\"><span style=\"font-size: medium;\">Prueba especial 13 (26,82 kms)<\/span><\/span><\/span><\/p><\/td><td width=\"253\"><p align=\"left\"><span style=\"font-family: Calibri, serif;\"><span style=\"font-size: small;\"><span style=\"font-size: medium;\">Carampangue 1<\/span><\/span><\/span><\/p><\/td><\/tr><tr valign=\"top\"><td width=\"98\"><p align=\"left\"><span style=\"font-family: Calibri, serif;\"><span style=\"font-size: small;\"><span style=\"font-size: medium;\">10:55<\/span><\/span><\/span><\/p><\/td><td width=\"194\"><p align=\"left\"><span style=\"font-family: Calibri, serif;\"><span style=\"font-size: small;\"><span style=\"font-size: medium;\">Prueba especial 14 (8,78 kms)<\/span><\/span><\/span><\/p><\/td><td width=\"253\"><p align=\"left\"><span style=\"font-family: Calibri, serif;\"><span style=\"font-size: small;\"><span style=\"font-size: medium;\">Biob\u00edo 1<\/span><\/span><\/span><\/p><\/td><\/tr><tr valign=\"top\"><td width=\"98\"><p align=\"left\"><span style=\"font-family: Calibri, serif;\"><span style=\"font-size: small;\"><span style=\"font-size: medium;\">11:13<\/span><\/span><\/span><\/p><\/td><td width=\"194\"><p align=\"left\"><span style=\"font-family: Calibri, serif;\"><span style=\"font-size: small;\"><span style=\"font-size: medium;\">Prueba especial 15 (26,82 kms)<\/span><\/span><\/span><\/p><\/td><td width=\"253\"><p align=\"left\"><span style=\"font-family: Calibri, serif;\"><span style=\"font-size: small;\"><span style=\"font-size: medium;\">Carampangue 2<\/span><\/span><\/span><\/p><\/td><\/tr><tr valign=\"top\"><td width=\"98\"><p align=\"left\"><span style=\"font-family: Calibri, serif;\"><span style=\"font-size: small;\"><span style=\"font-size: medium;\">13:15<\/span><\/span><\/span><\/p><\/td><td width=\"194\"><p align=\"left\"><span style=\"font-family: Calibri, serif;\"><span style=\"font-size: small;\"><span style=\"font-size: medium;\"><span lang=\"en-US\">Prueba especial 16 Wolf Powerstage (8,78 kms)<\/span><\/span><\/span><\/span><\/p><\/td><td width=\"253\"><p align=\"left\"><span style=\"font-family: Calibri, serif;\"><span style=\"font-size: small;\"><span style=\"font-size: medium;\">Biob\u00edo 2<\/span><\/span><\/span><\/p><\/td><\/tr><\/tbody><\/table><p><br \/><br \/><\/p><p align=\"justify\"><b>Redacci\u00f3n El Fuerte Noticias<\/b><\/p>\t\t\t\t\t\t\t<\/div>\r\n\t\t\t\t\t\t\t\t\t\t<\/div>\n\t\t\t\t<div class=\"elementor-element elementor-element-316b809 elementor-arrows-position-inside elementor-pagination-position-outside flex-horizontal-align-default flex-horizontal-align-tablet-default flex-horizontal-align-mobile-default flex-vertical-align-default flex-vertical-align-tablet-default flex-vertical-align-mobile-default elementor-widget elementor-widget-image-carousel\" data-id=\"316b809\" data-element_type=\"widget\" data-settings=\"{&quot;slides_to_show&quot;:&quot;1&quot;,&quot;navigation&quot;:&quot;both&quot;,&quot;autoplay&quot;:&quot;yes&quot;,&quot;pause_on_hover&quot;:&quot;yes&quot;,&quot;pause_on_interaction&quot;:&quot;yes&quot;,&quot;autoplay_speed&quot;:5000,&quot;infinite&quot;:&quot;yes&quot;,&quot;effect&quot;:&quot;slide&quot;,&quot;speed&quot;:500}\" data-widget_type=\"image-carousel.default\">\n\t\t\t\t\t\t\t<div class=\"elementor-image-carousel-wrapper swiper\" role=\"region\" aria-roledescription=\"carousel\" aria-label=\"Carrusel de im\u00e1genes\" dir=\"ltr\">\n\t\t\t<div class=\"elementor-image-carousel swiper-wrapper\" aria-live=\"off\">\n\t\t\t\t\t\t\t\t<div class=\"swiper-slide\" role=\"group\" aria-roledescription=\"slide\" aria-label=\"1 de 2\"><figure class=\"swiper-slide-inner\"><img class=\"swiper-slide-image\" src=\"https:\/\/www.elfuerte.cl\/web\/wp-content\/uploads\/2026\/09\/WhatsApp-Image-2026-09-05-at-00.42.28.jpeg\" alt=\"WhatsApp Image 2026-09-05 at 00.42.28\" \/><\/figure><\/div><div class=\"swiper-slide\" role=\"group\" aria-roledescription=\"slide\" aria-label=\"2 de 2\"><figure class=\"swiper-slide-inner\"><img class=\"swiper-slide-image\" src=\"https:\/\/www.elfuerte.cl\/web\/wp-content\/uploads\/2026\/09\/WwehatsApp-Image-2026-09-05-at-00.42.28.jpeg\" alt=\"WwehatsApp Image 2026-09-05 at 00.42.28\" \/><\/figure><\/div>\t\t\t<\/div>\n\t\t\t\t\t\t\t\t\t\t\t\t<div class=\"elementor-swiper-button elementor-swiper-button-prev\" role=\"button\" tabindex=\"0\">\n\t\t\t\t\t\t<svg aria-hidden=\"true\" class=\"e-font-icon-svg e-eicon-chevron-left\" viewBox=\"0 0 1000 1000\" xmlns=\"http:\/\/www.w3.org\/2000\/svg\"><path d=\"M646 125C629 125 613 133 604 142L308 442C296 454 292 471 292 487 292 504 296 521 308 533L604 854C617 867 629 875 646 875 663 875 679 871 692 858 704 846 713 829 713 812 713 796 708 779 692 767L438 487 692 225C700 217 708 204 708 187 708 171 704 154 692 142 675 129 663 125 646 125Z\"><\/path><\/svg>\t\t\t\t\t<\/div>\n\t\t\t\t\t<div class=\"elementor-swiper-button elementor-swiper-button-next\" role=\"button\" tabindex=\"0\">\n\t\t\t\t\t\t<svg aria-hidden=\"true\" class=\"e-font-icon-svg e-eicon-chevron-right\" viewBox=\"0 0 1000 1000\" xmlns=\"http:\/\/www.w3.org\/2000\/svg\"><path d=\"M696 533C708 521 713 504 713 487 713 471 708 454 696 446L400 146C388 133 375 125 354 125 338 125 325 129 313 142 300 154 292 171 292 187 292 204 296 221 308 233L563 492 304 771C292 783 288 800 288 817 288 833 296 850 308 863 321 871 338 875 354 875 371 875 388 867 400 854L696 533Z\"><\/path><\/svg>\t\t\t\t\t<\/div>\n\t\t\t\t\n\t\t\t\t\t\t\t\t\t<div class=\"swiper-pagination\"><\/div>\n\t\t\t\t\t\t\t\t\t<\/div>\n\t\t\t\t\t\t<\/div>\n\t\t\t\t<div class=\"elementor-element elementor-element-5ac3e4a flex-horizontal-align-default flex-horizontal-align-tablet-default flex-horizontal-align-mobile-default flex-vertical-align-default flex-vertical-align-tablet-default flex-vertical-align-mobile-default elementor-widget elementor-widget-thegem-styledimage\" data-id=\"5ac3e4a\" data-element_type=\"widget\" data-settings=\"{&quot;thegem_elementor_preset&quot;:&quot;style-2&quot;,&quot;image&quot;:{&quot;url&quot;:&quot;https:\\\/\\\/elfuerte.cl\\\/web\\\/wp-content\\\/uploads\\\/2025\\\/10\\\/bannerefdelsur.jpg&quot;,&quot;id&quot;:1540,&quot;size&quot;:&quot;&quot;,&quot;alt&quot;:&quot;&quot;,&quot;source&quot;:&quot;library&quot;},&quot;image_position&quot;:&quot;left&quot;}\" data-widget_type=\"thegem-styledimage.default\">\n\t\t\t\t<div class=\"elementor-widget-container\">\n\t\t\t\t\t\n<div class=\"styled-image-wrapper\">\n\t\t\t<div class=\"gem-image gem-wrapbox gem-wrapbox-style-2 gem-wrapbox-position-left lazy-loading \">\n\t\t\t<div class=\"gem-wrapbox-inner  lazy-loading-item\"  data-ll-effect=\"move-up\">\n\t\t\t\t\t\t\t\t<a href=\"#\">\n\t\t\t\t\t\t\t\t\t\t<img class=\"gem-wrapbox-element img-responsive \"\n\t\t\t\t\t\t src=\"https:\/\/www.elfuerte.cl\/web\/wp-content\/uploads\/2025\/10\/bannerefdelsur.jpg\"\n\t\t\t\t\t\t alt=\"bannerefdelsur\">\n\t\t\t\t\t\t\t\t\t\t\t\t\t\t<\/a>\n\t\t\t\t\t\t<\/div>\n\t\t<\/div>\n\t\t<\/div>\n\n\n\t\n\t\t\t\t\t\t<\/div>\n\t\t\t\t<\/div>\n\t\t\t\t\t<\/div>\n\t\t<\/div>\n\t\t\t\t<div class=\"elementor-column elementor-col-33 elementor-top-column elementor-element elementor-element-dfac7b7\" data-id=\"dfac7b7\" data-element_type=\"column\">\n\t\t\t<div class=\"elementor-widget-wrap elementor-element-populated\">\n\t\t\t\t\t\t<div class=\"elementor-element elementor-element-af7077d flex-horizontal-align-default flex-horizontal-align-tablet-default flex-horizontal-align-mobile-default flex-vertical-align-default flex-vertical-align-tablet-default flex-vertical-align-mobile-default elementor-widget elementor-widget-sidebar\" data-id=\"af7077d\" data-element_type=\"widget\" data-settings=\"{&quot;thegem_custom_css&quot;:&quot;.gem-pp-posts-image {\\r\\n    width: 72px;\\r\\n}\\r\\n.gem-pp-posts-image img {\\r\\n    border-radius: 50%;\\r\\n}\\r\\nselector h4 {\\r\\n    padding-top: 40px;\\r\\n}&quot;}\" data-widget_type=\"sidebar.default\">\n\t\t\t\t\t<aside id=\"media_image-3\" class=\"widget widget_media_image\"><img width=\"750\" height=\"750\" src=\"https:\/\/www.elfuerte.cl\/web\/wp-content\/uploads\/2025\/10\/bannerrojook.jpg\" class=\"image wp-image-1681  attachment-full size-full\" alt=\"\" style=\"max-width: 100%; height: auto;\" title=\"Banner\" srcset=\"https:\/\/www.elfuerte.cl\/web\/wp-content\/uploads\/2025\/10\/bannerrojook.jpg 750w, https:\/\/www.elfuerte.cl\/web\/wp-content\/uploads\/2025\/10\/bannerrojook-300x300.jpg 300w, https:\/\/www.elfuerte.cl\/web\/wp-content\/uploads\/2025\/10\/bannerrojook-150x150.jpg 150w, https:\/\/www.elfuerte.cl\/web\/wp-content\/uploads\/2025\/10\/bannerrojook-256x256.jpg 256w\" sizes=\"(max-width: 750px) 100vw, 750px\" \/><\/aside><aside id=\"categories-2\" class=\"widget widget_categories\"><h4 class=\"widget-title\">Secciones<\/h4>\n\t\t\t<ul>\n\t\t\t\t\t<li class=\"cat-item cat-item-21\"><a href=\"https:\/\/www.elfuerte.cl\/web\/category\/actualidad\/\" title=\"View all posts filed under Actualidad\">Actualidad<\/a>\n<\/li>\n\t<li class=\"cat-item cat-item-100\"><a href=\"https:\/\/www.elfuerte.cl\/web\/category\/destacados\/\" title=\"View all posts filed under Destacados\">Destacados<\/a>\n<\/li>\n\t<li class=\"cat-item cat-item-101\"><a href=\"https:\/\/www.elfuerte.cl\/web\/category\/region-ludica\/\" title=\"View all posts filed under Regi\u00f3n L\u00fadica\">Regi\u00f3n L\u00fadica<\/a>\n<\/li>\n\t<li class=\"cat-item cat-item-157\"><a href=\"https:\/\/www.elfuerte.cl\/web\/category\/sala-de-redaccion\/\" title=\"View all posts filed under Sala de Redacci\u00f3n\">Sala de Redacci\u00f3n<\/a>\n<\/li>\n\t\t\t<\/ul>\n\n\t\t\t<\/aside><aside id=\"custom_popular_posts-2\" class=\"widget Custom_Popular_Posts\"><h4 class=\"widget-title\">Populares<\/h4><ul class=\"posts  styled\"><li class=\"clearfix gem-pp-posts\"><div class=\"gem-pp-posts-image\"><a href=\"https:\/\/www.elfuerte.cl\/web\/2026\/09\/05\/valdivia-inauguro-su-primer-festival-de-chocolate-en-el-casino-dreams-con-50-expositores-y-un-cisne-de-400-kilos-de-chocolate\/\"><img src=\"https:\/\/www.elfuerte.cl\/web\/wp-content\/uploads\/2026\/09\/banner4-9-2.jpg\" srcset=\"https:\/\/www.elfuerte.cl\/web\/wp-content\/uploads\/2026\/09\/banner4-9-2.jpg 1x, https:\/\/www.elfuerte.cl\/web\/wp-content\/uploads\/2026\/09\/banner4-9-2.jpg 2x\" alt=\"\"\/><\/a><\/div><div class=\"gem-pp-posts-text\"> <div class=\"gem-pp-posts-item\"><a href=\"https:\/\/www.elfuerte.cl\/web\/2026\/09\/05\/valdivia-inauguro-su-primer-festival-de-chocolate-en-el-casino-dreams-con-50-expositores-y-un-cisne-de-400-kilos-de-chocolate\/\">Valdivia inaugur\u00f3 su Primer Festival de Chocolate en el casino Dreams con 50 expositores y un cisne de 400 kilos de chocolate<\/a><\/div><div class=\"gem-pp-posts-date\">05\/09\/2026<\/div><\/div><\/li><li class=\"clearfix gem-pp-posts\"><div class=\"gem-pp-posts-image\"><a href=\"https:\/\/www.elfuerte.cl\/web\/2025\/10\/11\/recuperar-una-casa-y-un-icono-de-la-historia-lotina\/\"><img src=\"https:\/\/www.elfuerte.cl\/web\/wp-content\/uploads\/2025\/10\/actualidad003-copia-thegem-post-thumb-large.jpg\" srcset=\"https:\/\/www.elfuerte.cl\/web\/wp-content\/uploads\/2025\/10\/actualidad003-copia-thegem-post-thumb-small.jpg 1x, https:\/\/www.elfuerte.cl\/web\/wp-content\/uploads\/2025\/10\/actualidad003-copia-thegem-post-thumb-large.jpg 2x\" alt=\"\"\/><\/a><\/div><div class=\"gem-pp-posts-text\"> <div class=\"gem-pp-posts-item\"><a href=\"https:\/\/www.elfuerte.cl\/web\/2025\/10\/11\/recuperar-una-casa-y-un-icono-de-la-historia-lotina\/\">Recuperar una casa y un \u00edcono de la historia lotina<\/a><\/div><div class=\"gem-pp-posts-date\">11\/10\/2025<\/div><\/div><\/li><li class=\"clearfix gem-pp-posts\"><div class=\"gem-pp-posts-image\"><a href=\"https:\/\/www.elfuerte.cl\/web\/2025\/10\/08\/indap-impulsa-acceso-a-tierras-y-emprendimiento-para-juventudes-rurales-con-nuevo-programa-tierra-joven\/\"><img src=\"https:\/\/www.elfuerte.cl\/web\/wp-content\/uploads\/2025\/10\/actualidad001-copia-thegem-post-thumb-large.jpg\" srcset=\"https:\/\/www.elfuerte.cl\/web\/wp-content\/uploads\/2025\/10\/actualidad001-copia-thegem-post-thumb-small.jpg 1x, https:\/\/www.elfuerte.cl\/web\/wp-content\/uploads\/2025\/10\/actualidad001-copia-thegem-post-thumb-large.jpg 2x\" alt=\"\"\/><\/a><\/div><div class=\"gem-pp-posts-text\"> <div class=\"gem-pp-posts-item\"><a href=\"https:\/\/www.elfuerte.cl\/web\/2025\/10\/08\/indap-impulsa-acceso-a-tierras-y-emprendimiento-para-juventudes-rurales-con-nuevo-programa-tierra-joven\/\">INDAP impulsa acceso a tierras y emprendimiento para juventudes rurales con nuevo programa \u201cTierra Joven\u201d<\/a><\/div><div class=\"gem-pp-posts-date\">08\/10\/2025<\/div><\/div><\/li><li class=\"clearfix gem-pp-posts\"><div class=\"gem-pp-posts-image\"><a href=\"https:\/\/www.elfuerte.cl\/web\/2025\/09\/05\/la-derrota-que-dejo-al-gobierno-sin-brujula\/\"><img src=\"https:\/\/www.elfuerte.cl\/web\/wp-content\/uploads\/2025\/09\/actualidad004-thegem-post-thumb-large.jpg\" srcset=\"https:\/\/www.elfuerte.cl\/web\/wp-content\/uploads\/2025\/09\/actualidad004-thegem-post-thumb-small.jpg 1x, https:\/\/www.elfuerte.cl\/web\/wp-content\/uploads\/2025\/09\/actualidad004-thegem-post-thumb-large.jpg 2x\" alt=\"\"\/><\/a><\/div><div class=\"gem-pp-posts-text\"> <div class=\"gem-pp-posts-item\"><a href=\"https:\/\/www.elfuerte.cl\/web\/2025\/09\/05\/la-derrota-que-dejo-al-gobierno-sin-brujula\/\">La derrota que dej\u00f3 al gobierno sin br\u00fajula<\/a><\/div><div class=\"gem-pp-posts-date\">05\/09\/2025<\/div><\/div><\/li><\/ul><\/aside>\t\t\t\t<\/div>\n\t\t\t\t\t<\/div>\n\t\t<\/div>\n\t\t\t\t\t<\/div><\/div>\r\n\t\t<\/section>\r\n\t\t\t\t<\/div>\n\t\t","protected":false},"excerpt":{"rendered":"<p>La duod\u00e9cima fecha del Mundial de Rally se disputar\u00e1 entre el 11 y el 13 de septiembre en los caminos de la Regi\u00f3n del Biob\u00edo. El campeonato Junior se definir\u00e1 en Chile y Toyota llega con la posibilidad de conquistar su d\u00e9cima corona mundial de Constructores.<\/p>\n","protected":false},"author":1,"featured_media":9269,"comment_status":"closed","ping_status":"closed","sticky":false,"template":"single-fullwidth.php","format":"standard","meta":{"footnotes":""},"categories":[21,100],"tags":[180,1106,246],"class_list":{"0":"post-9267","1":"post","2":"type-post","3":"status-publish","4":"format-standard","5":"has-post-thumbnail","7":"category-actualidad","8":"category-destacados","9":"tag-biobio","10":"tag-evento","11":"tag-rally"},"menu_order":1,"_links":{"self":[{"href":"https:\/\/www.elfuerte.cl\/web\/wp-json\/wp\/v2\/posts\/9267","targetHints":{"allow":["GET"]}}],"collection":[{"href":"https:\/\/www.elfuerte.cl\/web\/wp-json\/wp\/v2\/posts"}],"about":[{"href":"https:\/\/www.elfuerte.cl\/web\/wp-json\/wp\/v2\/types\/post"}],"author":[{"embeddable":true,"href":"https:\/\/www.elfuerte.cl\/web\/wp-json\/wp\/v2\/users\/1"}],"replies":[{"embeddable":true,"href":"https:\/\/www.elfuerte.cl\/web\/wp-json\/wp\/v2\/comments?post=9267"}],"version-history":[{"count":7,"href":"https:\/\/www.elfuerte.cl\/web\/wp-json\/wp\/v2\/posts\/9267\/revisions"}],"predecessor-version":[{"id":9280,"href":"https:\/\/www.elfuerte.cl\/web\/wp-json\/wp\/v2\/posts\/9267\/revisions\/9280"}],"wp:featuredmedia":[{"embeddable":true,"href":"https:\/\/www.elfuerte.cl\/web\/wp-json\/wp\/v2\/media\/9269"}],"wp:attachment":[{"href":"https:\/\/www.elfuerte.cl\/web\/wp-json\/wp\/v2\/media?parent=9267"}],"wp:term":[{"taxonomy":"category","embeddable":true,"href":"https:\/\/www.elfuerte.cl\/web\/wp-json\/wp\/v2\/categories?post=9267"},{"taxonomy":"post_tag","embeddable":true,"href":"https:\/\/www.elfuerte.cl\/web\/wp-json\/wp\/v2\/tags?post=9267"}],"curies":[{"name":"wp","href":"https:\/\/api.w.org\/{rel}","templated":true}]}}