{"id":9287,"date":"2026-09-05T13:18:23","date_gmt":"2026-09-05T17:18:23","guid":{"rendered":"https:\/\/www.elfuerte.cl\/web\/?p=9287"},"modified":"2026-09-05T13:23:06","modified_gmt":"2026-09-05T17:23:06","slug":"valdivia-inauguro-su-primer-festival-de-chocolate-en-el-casino-dreams-con-50-expositores-y-un-cisne-de-400-kilos-de-chocolate","status":"publish","type":"post","link":"https:\/\/www.elfuerte.cl\/web\/2026\/09\/05\/valdivia-inauguro-su-primer-festival-de-chocolate-en-el-casino-dreams-con-50-expositores-y-un-cisne-de-400-kilos-de-chocolate\/","title":{"rendered":"Valdivia inaugur\u00f3 su Primer Festival de Chocolate en el casino Dreams con 50 expositores y un cisne de 400 kilos de chocolate"},"content":{"rendered":"\t\t<div data-elementor-type=\"wp-post\" data-elementor-id=\"9287\" class=\"elementor elementor-9287\">\n\t\t\t\t\t\t<section class=\"elementor-section elementor-top-section elementor-element elementor-element-464cea7 elementor-section-boxed elementor-section-height-default elementor-section-height-default\" data-id=\"464cea7\" data-element_type=\"section\">\r\n\t\t\t\t\t\t<div class=\"elementor-container elementor-column-gap-thegem\"><div class=\"elementor-row\">\r\n\t\t\t\t\t<div class=\"elementor-column elementor-col-66 elementor-top-column elementor-element elementor-element-2f44c54\" data-id=\"2f44c54\" data-element_type=\"column\">\n\t\t\t<div class=\"elementor-widget-wrap elementor-element-populated\">\n\t\t\t\t\t\t<div class=\"elementor-element elementor-element-ab386a6 flex-horizontal-align-default flex-horizontal-align-tablet-default flex-horizontal-align-mobile-default flex-vertical-align-default flex-vertical-align-tablet-default flex-vertical-align-mobile-default elementor-widget elementor-widget-heading\" data-id=\"ab386a6\" data-element_type=\"widget\" data-widget_type=\"heading.default\">\n\t\t\t\t\t<div class=\"title-h1 elementor-heading-title elementor-size-default\">Valdivia inaugur\u00f3 su Primer Festival de Chocolate en el casino Dreams con 50 expositores y un cisne de 400 kilos de chocolate<\/div>\t\t\t\t<\/div>\n\t\t\t\t<div class=\"elementor-element elementor-element-8427bf3 elementor-widget__width-initial flex-horizontal-align-default flex-horizontal-align-tablet-default flex-horizontal-align-mobile-default flex-vertical-align-default flex-vertical-align-tablet-default flex-vertical-align-mobile-default elementor-widget elementor-widget-text-editor\" data-id=\"8427bf3\" data-element_type=\"widget\" data-widget_type=\"text-editor.default\">\n\t\t\t\t\t\t\t\t\t\t\t\t<div class=\"elementor-text-editor elementor-clearfix\">\r\n\t\t\t\t\t\t<p><span style=\"font-size: medium;\"><span lang=\"es-ES\"><b>El evento gastron\u00f3mico sigue hoy s\u00e1bado y el momento culmine ser\u00e1 el domingo 6 de septiembre a las 18.30 horas, cuando sea rota la estructura donada por Chocolater\u00eda Entrelagos.<\/b><\/span><\/span><\/p><p><span style=\"font-size: medium;\"><span lang=\"es-ES\"><b>Valdivia.<\/b><\/span><span lang=\"es-ES\"> Este viernes se inaugur\u00f3 el Primer <\/span><span lang=\"es-ES\"><b>Festival del Chocolate de Valdivia<\/b><\/span><span lang=\"es-ES\">, en dependencias del sal\u00f3n de eventos del <\/span><span lang=\"es-ES\"><b>Casino Dreams<\/b><\/span><span lang=\"es-ES\">, una iniciativa que llama a crear una identidad propia para los chocolateros de la ciudad de los r\u00edos que disfrutan de estas preparaciones artesanales. <\/span><\/span><\/p><p><span style=\"font-size: medium;\"><span lang=\"es-ES\">Uno de los invitados ilustres fue <\/span><span lang=\"es-ES\"><b>Tiglat Montecinos<\/b><\/span><span lang=\"es-ES\">, creador y fundador de <\/span><span lang=\"es-ES\"><b>Entrelagos<\/b><\/span><span lang=\"es-ES\">, la marca valdiviana que cumple 50 a\u00f1os de vida y que es el principal gestor de este evento.<\/span><\/span><\/p><p><span style=\"font-size: medium;\"><span lang=\"es-ES\">Para el fundador de Entrelagos, quien ya est\u00e1 retirado de la actividad comercial, el camino recorrido ya est\u00e1 hecho. Desde sus <\/span><span lang=\"es-ES\"><b>or\u00edgenes en 1976<\/b><\/span><span lang=\"es-ES\">, donde la compa\u00f1\u00eda comenz\u00f3 en su casa fabricando <\/span><span lang=\"es-ES\"><b>mazapanes y calugas<\/b><\/span><span lang=\"es-ES\"> han pasado <\/span><span lang=\"es-ES\"><b>50 a\u00f1os<\/b><\/span><span lang=\"es-ES\">, un tiempo de consolidaci\u00f3n al ser parte del patrimonio gastron\u00f3mico y tur\u00edstico del sur del pa\u00eds; adem\u00e1s, de ser <\/span><span lang=\"es-ES\"><b>marca embajadora<\/b><\/span><span lang=\"es-ES\"> de Valdivia, que sigue recorriendo Chile desde lo m\u00e1s largo y ancho del territorio nacional.<\/span><\/span><\/p><p><span style=\"font-size: medium;\"><span lang=\"es-ES\">En el evento tambi\u00e9n estaban los <\/span><\/span><span style=\"font-size: medium;\"><span lang=\"es-ES\"><b>productores de chocolates<\/b><\/span><\/span><span style=\"font-size: medium;\"><span lang=\"es-ES\">, veinte de ellos, mostrando sus delicatesen e invitando al p\u00fablico a probar un bocado de sus preparaciones, la mayor\u00eda artesanales, sin aditivos y qu\u00edmicos. Los <\/span><\/span><span style=\"font-size: medium;\"><span lang=\"es-ES\"><b>productores gourmet<\/b><\/span><\/span><span style=\"font-size: medium;\"><span lang=\"es-ES\"> igual quisieron decir presente en este magno e hist\u00f3rico evento para los valdivianos. Los dem\u00e1s son <\/span><\/span><span style=\"font-size: medium;\"><span lang=\"es-ES\"><b>artesanos,<\/b><\/span><\/span><span style=\"font-size: medium;\"><span lang=\"es-ES\"> hombres y mujeres de distintas partes del territorio, entusiasmados con esta fiesta, no quisieron perd\u00e9rsela y mostrar sus productos hechos con sus propias manos.<\/span><\/span><\/p><p><strong><span style=\"font-size: medium;\"><span lang=\"es-ES\">Dentro de los chefs invitados est\u00e1<\/span><\/span><\/strong><span style=\"font-size: medium;\"><span lang=\"es-ES\"><b>Carlo von M\u00fchlenbrock,<\/b><\/span><\/span><span style=\"font-size: medium;\"><span lang=\"es-ES\"> el empresario gastron\u00f3mico reconocido por su carisma y talento, quien hizo un llamado especial a los valdivianos que a\u00fan no visitan el Casino Drems de Valdivia, \u201cpara que se acerque y disfruten de los stands de los chocolateros valdivianos especializados\u201d, dice. <\/span><\/span><\/p><p><span style=\"font-size: medium;\"><span lang=\"es-ES\"><b>Von M\u00fchlenbrock<\/b><\/span><\/span><strong><span style=\"color: #000000;\"><span style=\"font-size: medium;\"><span lang=\"es-ES\"> ser\u00e1 parte de la <\/span><\/span><\/span><\/strong><span style=\"color: #000000;\"><span style=\"font-size: medium;\"><span lang=\"es-ES\">cocina en vivo\u00a0<\/span><\/span><\/span><span style=\"color: #000000;\"><span style=\"font-size: medium;\"><span lang=\"es-ES\">con degustaciones, preparaciones que los comensales esperan, especialmente por el conocimiento profundo que tiene de las bases culinarias y transformar productos sencillos en experiencias memorables. Otra de las actividades programadas son los <\/span><\/span><\/span><span style=\"color: #000000;\"><span style=\"font-size: medium;\"><span lang=\"es-ES\"><b>talleres infantiles de pintura y creatividad<\/b><\/span><\/span><\/span><span style=\"color: #000000;\"><span style=\"font-size: medium;\"><span lang=\"es-ES\">,<\/span><\/span><\/span><span style=\"color: #000000;\"><span style=\"font-size: medium;\"><span lang=\"es-ES\">\u00a0adem\u00e1s de la presencia de 50 emprendedores. <\/span><\/span><\/span><\/p><p><span style=\"font-size: medium;\"><span lang=\"es-ES\">La <\/span><span lang=\"es-ES\"><b>productora y creadora del Festival del Chocolate, Elizabeth Arriagada<\/b><\/span><span lang=\"es-ES\">, cont\u00f3 que la actividad gastron\u00f3mica durar\u00e1 tres d\u00edas y que el momento culmine ser\u00e1 el domingo 6 de septiembre a las 18.30 horas, cuando sea roto el cisne de <\/span><span lang=\"es-ES\"><b>400 kilos de chocolate<\/b><\/span><span lang=\"es-ES\">, estructura donada por <\/span><span lang=\"es-ES\"><b>Chocolater\u00eda Entrelagos<\/b><\/span><span lang=\"es-ES\">. \u201cEs una hermosa escultura hecha por el <\/span><span lang=\"es-ES\"><b>chocolatier Alejandro Espinoza<\/b><\/span><span lang=\"es-ES\"> y los alumnos de <\/span><span lang=\"es-ES\"><b>Inacap,<\/b><\/span><span lang=\"es-ES\"> quienes hicieron esta obra ciento por ciento a mano, sin molde ni copia\u201d, comenta, y que en tiempo record pudieron montar esta estructura art\u00edstica que refleja parte de la identidad de la Regi\u00f3n de Los R\u00edos y del sur del pa\u00eds.<\/span><\/span><\/p><p><span style=\"font-size: medium;\"><span lang=\"es-ES\">Otro de los protagonistas del <\/span><span lang=\"es-ES\"><b>Festival de Chocolate<\/b><\/span><span lang=\"es-ES\"> es<\/span><span lang=\"es-ES\"><b> Inacap<\/b><\/span><span lang=\"es-ES\">, quien ha participado de este evento desde su inicio en la confecci\u00f3n y elaboraci\u00f3n del cisne, figura que se encuentra apostada en el centro del sal\u00f3n de eventos, como la m\u00e1xima atracci\u00f3n del p\u00fablico.<\/span><\/span><\/p><p><span style=\"font-size: medium;\"><span lang=\"es-ES\">En el primer d\u00eda del Festival de Chocolate la afluencia de p\u00fablico ha ido de menos a m\u00e1s, esper\u00e1ndose su <\/span><span lang=\"es-ES\"><b>pic <\/b><\/span><span lang=\"es-ES\">para el s\u00e1bado y principalmente el domingo, cuando se rompa la estructura de 400 kilos y sea repartido al p\u00fablico asistente, con la condici\u00f3n de aportar a la <\/span><span lang=\"es-ES\"><b>Fundaci\u00f3n Oncosur<\/b><\/span><span lang=\"es-ES\">, una entidad que acoge a ni\u00f1os con c\u00e1ncer y acompa\u00f1a a todas las familias oncol\u00f3gicas de la macro zona sur del pa\u00eds, que se atienden en el <\/span><span lang=\"es-ES\"><b>Hospital Base de Valdivia.<\/b><\/span> <\/span><\/p><p><span style=\"font-size: medium;\"><span lang=\"es-ES\">Se repartir\u00e1n <\/span><span lang=\"es-ES\"><b>4000 ticket<\/b><\/span><span lang=\"es-ES\"> para ir en ayuda de <\/span><span lang=\"es-ES\"><b>la Corporaci\u00f3n Oncosur<\/b><\/span><span lang=\"es-ES\">, que apoya a 180 ni\u00f1os con c\u00e1ncer, una cooperaci\u00f3n econ\u00f3mica para seguir manteniendo la casa de la instituci\u00f3n y para la compra de insumos.<\/span><\/span><\/p><p><span style=\"color: #000000;\"><span style=\"font-size: medium;\"><span lang=\"es-ES\">Esta actividad es organizada por Chocolater\u00eda\u00a0<\/span><\/span><\/span><span style=\"color: #000000;\"><span style=\"font-size: medium;\"><span lang=\"es-ES\"><b>Entrelagos<\/b><\/span><\/span><\/span><span style=\"color: #000000;\"><span style=\"font-size: medium;\"><span lang=\"es-ES\">, en el marco de sus 50 a\u00f1os; en una alianza con l<\/span><\/span><\/span><span style=\"color: #2d3748;\"><span style=\"font-size: medium;\"><span lang=\"es-ES\">a\u00a0<\/span><\/span><\/span><span style=\"color: #2d3748;\"><span style=\"font-size: medium;\"><span lang=\"es-ES\"><b>Productora del Sol<\/b><\/span><\/span><\/span><span style=\"color: #2d3748;\"><span style=\"font-size: medium;\"><span lang=\"es-ES\">\u00a0y al \u00c1rea de Gastronom\u00eda de\u00a0<\/span><\/span><\/span><strong><span style=\"color: #2d3748;\"><span style=\"font-size: medium;\"><span lang=\"es-ES\">INACAP Sede Valdivia<\/span><\/span><\/span><\/strong><span style=\"color: #2d3748;\"><span style=\"font-size: medium;\"><span lang=\"es-ES\">, instituci\u00f3n que conmemora 60 a\u00f1os.<\/span><\/span><\/span><\/p><p><span style=\"font-size: medium;\"><span style=\"color: #000000;\"><span lang=\"es-ES\">El evento gastron\u00f3mico se puede visitar desde las 11.00 horas hasta las 20.00 horas. <\/span><\/span><\/span><\/p><p><a name=\"_GoBack\"><\/a> <span style=\"font-size: medium;\"><span lang=\"es-ES\"><b>Redacci\u00f3n El Fuerte Noticias<\/b><\/span><\/span><\/p>\t\t\t\t\t\t\t<\/div>\r\n\t\t\t\t\t\t\t\t\t\t<\/div>\n\t\t\t\t<div class=\"elementor-element elementor-element-316b809 elementor-arrows-position-inside elementor-pagination-position-outside flex-horizontal-align-default flex-horizontal-align-tablet-default flex-horizontal-align-mobile-default flex-vertical-align-default flex-vertical-align-tablet-default flex-vertical-align-mobile-default elementor-widget elementor-widget-image-carousel\" data-id=\"316b809\" data-element_type=\"widget\" data-settings=\"{&quot;slides_to_show&quot;:&quot;1&quot;,&quot;navigation&quot;:&quot;both&quot;,&quot;autoplay&quot;:&quot;yes&quot;,&quot;pause_on_hover&quot;:&quot;yes&quot;,&quot;pause_on_interaction&quot;:&quot;yes&quot;,&quot;autoplay_speed&quot;:5000,&quot;infinite&quot;:&quot;yes&quot;,&quot;effect&quot;:&quot;slide&quot;,&quot;speed&quot;:500}\" data-widget_type=\"image-carousel.default\">\n\t\t\t\t\t\t\t<div class=\"elementor-image-carousel-wrapper swiper\" role=\"region\" aria-roledescription=\"carousel\" aria-label=\"Carrusel de im\u00e1genes\" dir=\"ltr\">\n\t\t\t<div class=\"elementor-image-carousel swiper-wrapper\" aria-live=\"off\">\n\t\t\t\t\t\t\t\t<div class=\"swiper-slide\" role=\"group\" aria-roledescription=\"slide\" aria-label=\"1 de 18\"><figure class=\"swiper-slide-inner\"><img class=\"swiper-slide-image\" src=\"https:\/\/www.elfuerte.cl\/web\/wp-content\/uploads\/2026\/09\/qweqwe.jpeg\" alt=\"qweqwe\" \/><\/figure><\/div><div class=\"swiper-slide\" role=\"group\" aria-roledescription=\"slide\" aria-label=\"2 de 18\"><figure class=\"swiper-slide-inner\"><img class=\"swiper-slide-image\" src=\"https:\/\/www.elfuerte.cl\/web\/wp-content\/uploads\/2026\/09\/WhataaaasApp-Image-2026-09-05-at-09.00.21.jpeg\" alt=\"WhataaaasApp Image 2026-09-05 at 09.00.21\" \/><\/figure><\/div><div class=\"swiper-slide\" role=\"group\" aria-roledescription=\"slide\" aria-label=\"3 de 18\"><figure class=\"swiper-slide-inner\"><img class=\"swiper-slide-image\" src=\"https:\/\/www.elfuerte.cl\/web\/wp-content\/uploads\/2026\/09\/WhataaasApp-Image-2026-09-05-at-09.00.21.jpeg\" alt=\"WhataaasApp Image 2026-09-05 at 09.00.21\" \/><\/figure><\/div><div class=\"swiper-slide\" role=\"group\" aria-roledescription=\"slide\" aria-label=\"4 de 18\"><figure class=\"swiper-slide-inner\"><img class=\"swiper-slide-image\" src=\"https:\/\/www.elfuerte.cl\/web\/wp-content\/uploads\/2026\/09\/WhatsApp-Image-2xcxcb26-09-05-at-09.00.35.jpeg\" alt=\"WhatsApp Image 2xcxcb26-09-05 at 09.00.35\" \/><\/figure><\/div><div class=\"swiper-slide\" role=\"group\" aria-roledescription=\"slide\" aria-label=\"5 de 18\"><figure class=\"swiper-slide-inner\"><img class=\"swiper-slide-image\" src=\"https:\/\/www.elfuerte.cl\/web\/wp-content\/uploads\/2026\/09\/WhatsApp-Image-2026-0hhhhh9-05-at-09.00.22.jpeg\" alt=\"WhatsApp Image 2026-0hhhhh9-05 at 09.00.22\" \/><\/figure><\/div><div class=\"swiper-slide\" role=\"group\" aria-roledescription=\"slide\" aria-label=\"6 de 18\"><figure class=\"swiper-slide-inner\"><img class=\"swiper-slide-image\" src=\"https:\/\/www.elfuerte.cl\/web\/wp-content\/uploads\/2026\/09\/WhatsApp-Image-2026-09-0asdasd5-at-09.00.09.jpeg\" alt=\"WhatsApp Image 2026-09-0asdasd5 at 09.00.09\" \/><\/figure><\/div><div class=\"swiper-slide\" role=\"group\" aria-roledescription=\"slide\" aria-label=\"7 de 18\"><figure class=\"swiper-slide-inner\"><img class=\"swiper-slide-image\" src=\"https:\/\/www.elfuerte.cl\/web\/wp-content\/uploads\/2026\/09\/WhatsApp-Image-2026-09-0ccc5-at-09.00.36.jpeg\" alt=\"WhatsApp Image 2026-09-0ccc5 at 09.00.36\" \/><\/figure><\/div><div class=\"swiper-slide\" role=\"group\" aria-roledescription=\"slide\" aria-label=\"8 de 18\"><figure class=\"swiper-slide-inner\"><img class=\"swiper-slide-image\" src=\"https:\/\/www.elfuerte.cl\/web\/wp-content\/uploads\/2026\/09\/WhatsApp-Image-2026-09-05-acccct-09.00.35.jpeg\" alt=\"WhatsApp Image 2026-09-05 acccct 09.00.35\" \/><\/figure><\/div><div class=\"swiper-slide\" role=\"group\" aria-roledescription=\"slide\" aria-label=\"9 de 18\"><figure class=\"swiper-slide-inner\"><img class=\"swiper-slide-image\" src=\"https:\/\/www.elfuerte.cl\/web\/wp-content\/uploads\/2026\/09\/WhatsApp-Image-2026-09-05-at-0cxvxcvx9.00.22.jpeg\" alt=\"WhatsApp Image 2026-09-05 at 0cxvxcvx9.00.22\" \/><\/figure><\/div><div class=\"swiper-slide\" role=\"group\" aria-roledescription=\"slide\" aria-label=\"10 de 18\"><figure class=\"swiper-slide-inner\"><img class=\"swiper-slide-image\" src=\"https:\/\/www.elfuerte.cl\/web\/wp-content\/uploads\/2026\/09\/WhatsApp-Image-2026-09-05-at-09.00.08.jpeg\" alt=\"WhatsApp Image 2026-09-05 at 09.00.08\" \/><\/figure><\/div><div class=\"swiper-slide\" role=\"group\" aria-roledescription=\"slide\" aria-label=\"11 de 18\"><figure class=\"swiper-slide-inner\"><img class=\"swiper-slide-image\" src=\"https:\/\/www.elfuerte.cl\/web\/wp-content\/uploads\/2026\/09\/WhatsApp-Image-2026-09-05-at-09bbbbb.00.35.jpeg\" alt=\"WhatsApp Image 2026-09-05 at 09bbbbb.00.35\" \/><\/figure><\/div><div class=\"swiper-slide\" role=\"group\" aria-roledescription=\"slide\" aria-label=\"12 de 18\"><figure class=\"swiper-slide-inner\"><img class=\"swiper-slide-image\" src=\"https:\/\/www.elfuerte.cl\/web\/wp-content\/uploads\/2026\/09\/WhatsApp-Image-2026-09-05-axcbxcbt-09.00.35.jpeg\" alt=\"WhatsApp Image 2026-09-05 axcbxcbt 09.00.35\" \/><\/figure><\/div><div class=\"swiper-slide\" role=\"group\" aria-roledescription=\"slide\" aria-label=\"13 de 18\"><figure class=\"swiper-slide-inner\"><img class=\"swiper-slide-image\" src=\"https:\/\/www.elfuerte.cl\/web\/wp-content\/uploads\/2026\/09\/WhatsApp-Image-2026-09-05ssssat-09.00.21.jpeg\" alt=\"WhatsApp Image 2026-09-05ssssat 09.00.21\" \/><\/figure><\/div><div class=\"swiper-slide\" role=\"group\" aria-roledescription=\"slide\" aria-label=\"14 de 18\"><figure class=\"swiper-slide-inner\"><img class=\"swiper-slide-image\" src=\"https:\/\/www.elfuerte.cl\/web\/wp-content\/uploads\/2026\/09\/WhatsApp-Image-2026-09sssss-05-at-09.00.21.jpeg\" alt=\"WhatsApp Image 2026-09sssss-05 at 09.00.21\" \/><\/figure><\/div><div class=\"swiper-slide\" role=\"group\" aria-roledescription=\"slide\" aria-label=\"15 de 18\"><figure class=\"swiper-slide-inner\"><img class=\"swiper-slide-image\" src=\"https:\/\/www.elfuerte.cl\/web\/wp-content\/uploads\/2026\/09\/WhatsApp-Image-2026asdasdasd-09-05-at-09.00.21.jpeg\" alt=\"WhatsApp Image 2026asdasdasd-09-05 at 09.00.21\" \/><\/figure><\/div><div class=\"swiper-slide\" role=\"group\" aria-roledescription=\"slide\" aria-label=\"16 de 18\"><figure class=\"swiper-slide-inner\"><img class=\"swiper-slide-image\" src=\"https:\/\/www.elfuerte.cl\/web\/wp-content\/uploads\/2026\/09\/WhatsApp-Imagsdfsdfe-2026-09-05-at-09.00.20.jpeg\" alt=\"WhatsApp Imagsdfsdfe 2026-09-05 at 09.00.20\" \/><\/figure><\/div><div class=\"swiper-slide\" role=\"group\" aria-roledescription=\"slide\" aria-label=\"17 de 18\"><figure class=\"swiper-slide-inner\"><img class=\"swiper-slide-image\" src=\"https:\/\/www.elfuerte.cl\/web\/wp-content\/uploads\/2026\/09\/WqwehatsApp-Image-2026-09-05-at-09.00.08.jpeg\" alt=\"WqwehatsApp Image 2026-09-05 at 09.00.08\" \/><\/figure><\/div><div class=\"swiper-slide\" role=\"group\" aria-roledescription=\"slide\" aria-label=\"18 de 18\"><figure class=\"swiper-slide-inner\"><img class=\"swiper-slide-image\" src=\"https:\/\/www.elfuerte.cl\/web\/wp-content\/uploads\/2026\/09\/xxxxxx.jpeg\" alt=\"xxxxxx\" \/><\/figure><\/div>\t\t\t<\/div>\n\t\t\t\t\t\t\t\t\t\t\t\t<div class=\"elementor-swiper-button elementor-swiper-button-prev\" role=\"button\" tabindex=\"0\">\n\t\t\t\t\t\t<svg aria-hidden=\"true\" class=\"e-font-icon-svg e-eicon-chevron-left\" viewBox=\"0 0 1000 1000\" xmlns=\"http:\/\/www.w3.org\/2000\/svg\"><path d=\"M646 125C629 125 613 133 604 142L308 442C296 454 292 471 292 487 292 504 296 521 308 533L604 854C617 867 629 875 646 875 663 875 679 871 692 858 704 846 713 829 713 812 713 796 708 779 692 767L438 487 692 225C700 217 708 204 708 187 708 171 704 154 692 142 675 129 663 125 646 125Z\"><\/path><\/svg>\t\t\t\t\t<\/div>\n\t\t\t\t\t<div class=\"elementor-swiper-button elementor-swiper-button-next\" role=\"button\" tabindex=\"0\">\n\t\t\t\t\t\t<svg aria-hidden=\"true\" class=\"e-font-icon-svg e-eicon-chevron-right\" viewBox=\"0 0 1000 1000\" xmlns=\"http:\/\/www.w3.org\/2000\/svg\"><path d=\"M696 533C708 521 713 504 713 487 713 471 708 454 696 446L400 146C388 133 375 125 354 125 338 125 325 129 313 142 300 154 292 171 292 187 292 204 296 221 308 233L563 492 304 771C292 783 288 800 288 817 288 833 296 850 308 863 321 871 338 875 354 875 371 875 388 867 400 854L696 533Z\"><\/path><\/svg>\t\t\t\t\t<\/div>\n\t\t\t\t\n\t\t\t\t\t\t\t\t\t<div class=\"swiper-pagination\"><\/div>\n\t\t\t\t\t\t\t\t\t<\/div>\n\t\t\t\t\t\t<\/div>\n\t\t\t\t<div class=\"elementor-element elementor-element-5ac3e4a flex-horizontal-align-default flex-horizontal-align-tablet-default flex-horizontal-align-mobile-default flex-vertical-align-default flex-vertical-align-tablet-default flex-vertical-align-mobile-default elementor-widget elementor-widget-thegem-styledimage\" data-id=\"5ac3e4a\" data-element_type=\"widget\" data-settings=\"{&quot;thegem_elementor_preset&quot;:&quot;style-2&quot;,&quot;image&quot;:{&quot;url&quot;:&quot;https:\\\/\\\/elfuerte.cl\\\/web\\\/wp-content\\\/uploads\\\/2025\\\/10\\\/bannerefdelsur.jpg&quot;,&quot;id&quot;:1540,&quot;size&quot;:&quot;&quot;,&quot;alt&quot;:&quot;&quot;,&quot;source&quot;:&quot;library&quot;},&quot;image_position&quot;:&quot;left&quot;}\" data-widget_type=\"thegem-styledimage.default\">\n\t\t\t\t<div class=\"elementor-widget-container\">\n\t\t\t\t\t\n<div class=\"styled-image-wrapper\">\n\t\t\t<div class=\"gem-image gem-wrapbox gem-wrapbox-style-2 gem-wrapbox-position-left lazy-loading \">\n\t\t\t<div class=\"gem-wrapbox-inner  lazy-loading-item\"  data-ll-effect=\"move-up\">\n\t\t\t\t\t\t\t\t<a href=\"#\">\n\t\t\t\t\t\t\t\t\t\t<img class=\"gem-wrapbox-element img-responsive \"\n\t\t\t\t\t\t src=\"https:\/\/www.elfuerte.cl\/web\/wp-content\/uploads\/2025\/10\/bannerefdelsur.jpg\"\n\t\t\t\t\t\t alt=\"bannerefdelsur\">\n\t\t\t\t\t\t\t\t\t\t\t\t\t\t<\/a>\n\t\t\t\t\t\t<\/div>\n\t\t<\/div>\n\t\t<\/div>\n\n\n\t\n\t\t\t\t\t\t<\/div>\n\t\t\t\t<\/div>\n\t\t\t\t\t<\/div>\n\t\t<\/div>\n\t\t\t\t<div class=\"elementor-column elementor-col-33 elementor-top-column elementor-element elementor-element-dfac7b7\" data-id=\"dfac7b7\" data-element_type=\"column\">\n\t\t\t<div class=\"elementor-widget-wrap elementor-element-populated\">\n\t\t\t\t\t\t<div class=\"elementor-element elementor-element-af7077d flex-horizontal-align-default flex-horizontal-align-tablet-default flex-horizontal-align-mobile-default flex-vertical-align-default flex-vertical-align-tablet-default flex-vertical-align-mobile-default elementor-widget elementor-widget-sidebar\" data-id=\"af7077d\" data-element_type=\"widget\" data-settings=\"{&quot;thegem_custom_css&quot;:&quot;.gem-pp-posts-image {\\r\\n    width: 72px;\\r\\n}\\r\\n.gem-pp-posts-image img {\\r\\n    border-radius: 50%;\\r\\n}\\r\\nselector h4 {\\r\\n    padding-top: 40px;\\r\\n}&quot;}\" data-widget_type=\"sidebar.default\">\n\t\t\t\t\t<aside id=\"media_image-3\" class=\"widget widget_media_image\"><img width=\"750\" height=\"750\" src=\"https:\/\/www.elfuerte.cl\/web\/wp-content\/uploads\/2025\/10\/bannerrojook.jpg\" class=\"image wp-image-1681  attachment-full size-full\" alt=\"\" style=\"max-width: 100%; height: auto;\" title=\"Banner\" srcset=\"https:\/\/www.elfuerte.cl\/web\/wp-content\/uploads\/2025\/10\/bannerrojook.jpg 750w, https:\/\/www.elfuerte.cl\/web\/wp-content\/uploads\/2025\/10\/bannerrojook-300x300.jpg 300w, https:\/\/www.elfuerte.cl\/web\/wp-content\/uploads\/2025\/10\/bannerrojook-150x150.jpg 150w, https:\/\/www.elfuerte.cl\/web\/wp-content\/uploads\/2025\/10\/bannerrojook-256x256.jpg 256w\" sizes=\"(max-width: 750px) 100vw, 750px\" \/><\/aside><aside id=\"categories-2\" class=\"widget widget_categories\"><h4 class=\"widget-title\">Secciones<\/h4>\n\t\t\t<ul>\n\t\t\t\t\t<li class=\"cat-item cat-item-21\"><a href=\"https:\/\/www.elfuerte.cl\/web\/category\/actualidad\/\" title=\"View all posts filed under Actualidad\">Actualidad<\/a>\n<\/li>\n\t<li class=\"cat-item cat-item-100\"><a href=\"https:\/\/www.elfuerte.cl\/web\/category\/destacados\/\" title=\"View all posts filed under Destacados\">Destacados<\/a>\n<\/li>\n\t<li class=\"cat-item cat-item-101\"><a href=\"https:\/\/www.elfuerte.cl\/web\/category\/region-ludica\/\" title=\"View all posts filed under Regi\u00f3n L\u00fadica\">Regi\u00f3n L\u00fadica<\/a>\n<\/li>\n\t<li class=\"cat-item cat-item-157\"><a href=\"https:\/\/www.elfuerte.cl\/web\/category\/sala-de-redaccion\/\" title=\"View all posts filed under Sala de Redacci\u00f3n\">Sala de Redacci\u00f3n<\/a>\n<\/li>\n\t\t\t<\/ul>\n\n\t\t\t<\/aside><aside id=\"custom_popular_posts-2\" class=\"widget Custom_Popular_Posts\"><h4 class=\"widget-title\">Populares<\/h4><ul class=\"posts  styled\"><li class=\"clearfix gem-pp-posts\"><div class=\"gem-pp-posts-image\"><a href=\"https:\/\/www.elfuerte.cl\/web\/2026\/09\/05\/valdivia-inauguro-su-primer-festival-de-chocolate-en-el-casino-dreams-con-50-expositores-y-un-cisne-de-400-kilos-de-chocolate\/\"><img src=\"https:\/\/www.elfuerte.cl\/web\/wp-content\/uploads\/2026\/09\/banner4-9-2.jpg\" srcset=\"https:\/\/www.elfuerte.cl\/web\/wp-content\/uploads\/2026\/09\/banner4-9-2.jpg 1x, https:\/\/www.elfuerte.cl\/web\/wp-content\/uploads\/2026\/09\/banner4-9-2.jpg 2x\" alt=\"\"\/><\/a><\/div><div class=\"gem-pp-posts-text\"> <div class=\"gem-pp-posts-item\"><a href=\"https:\/\/www.elfuerte.cl\/web\/2026\/09\/05\/valdivia-inauguro-su-primer-festival-de-chocolate-en-el-casino-dreams-con-50-expositores-y-un-cisne-de-400-kilos-de-chocolate\/\">Valdivia inaugur\u00f3 su Primer Festival de Chocolate en el casino Dreams con 50 expositores y un cisne de 400 kilos de chocolate<\/a><\/div><div class=\"gem-pp-posts-date\">05\/09\/2026<\/div><\/div><\/li><li class=\"clearfix gem-pp-posts\"><div class=\"gem-pp-posts-image\"><a href=\"https:\/\/www.elfuerte.cl\/web\/2025\/10\/11\/recuperar-una-casa-y-un-icono-de-la-historia-lotina\/\"><img src=\"https:\/\/www.elfuerte.cl\/web\/wp-content\/uploads\/2025\/10\/actualidad003-copia-thegem-post-thumb-large.jpg\" srcset=\"https:\/\/www.elfuerte.cl\/web\/wp-content\/uploads\/2025\/10\/actualidad003-copia-thegem-post-thumb-small.jpg 1x, https:\/\/www.elfuerte.cl\/web\/wp-content\/uploads\/2025\/10\/actualidad003-copia-thegem-post-thumb-large.jpg 2x\" alt=\"\"\/><\/a><\/div><div class=\"gem-pp-posts-text\"> <div class=\"gem-pp-posts-item\"><a href=\"https:\/\/www.elfuerte.cl\/web\/2025\/10\/11\/recuperar-una-casa-y-un-icono-de-la-historia-lotina\/\">Recuperar una casa y un \u00edcono de la historia lotina<\/a><\/div><div class=\"gem-pp-posts-date\">11\/10\/2025<\/div><\/div><\/li><li class=\"clearfix gem-pp-posts\"><div class=\"gem-pp-posts-image\"><a href=\"https:\/\/www.elfuerte.cl\/web\/2025\/10\/08\/indap-impulsa-acceso-a-tierras-y-emprendimiento-para-juventudes-rurales-con-nuevo-programa-tierra-joven\/\"><img src=\"https:\/\/www.elfuerte.cl\/web\/wp-content\/uploads\/2025\/10\/actualidad001-copia-thegem-post-thumb-large.jpg\" srcset=\"https:\/\/www.elfuerte.cl\/web\/wp-content\/uploads\/2025\/10\/actualidad001-copia-thegem-post-thumb-small.jpg 1x, https:\/\/www.elfuerte.cl\/web\/wp-content\/uploads\/2025\/10\/actualidad001-copia-thegem-post-thumb-large.jpg 2x\" alt=\"\"\/><\/a><\/div><div class=\"gem-pp-posts-text\"> <div class=\"gem-pp-posts-item\"><a href=\"https:\/\/www.elfuerte.cl\/web\/2025\/10\/08\/indap-impulsa-acceso-a-tierras-y-emprendimiento-para-juventudes-rurales-con-nuevo-programa-tierra-joven\/\">INDAP impulsa acceso a tierras y emprendimiento para juventudes rurales con nuevo programa \u201cTierra Joven\u201d<\/a><\/div><div class=\"gem-pp-posts-date\">08\/10\/2025<\/div><\/div><\/li><li class=\"clearfix gem-pp-posts\"><div class=\"gem-pp-posts-image\"><a href=\"https:\/\/www.elfuerte.cl\/web\/2025\/09\/05\/la-derrota-que-dejo-al-gobierno-sin-brujula\/\"><img src=\"https:\/\/www.elfuerte.cl\/web\/wp-content\/uploads\/2025\/09\/actualidad004-thegem-post-thumb-large.jpg\" srcset=\"https:\/\/www.elfuerte.cl\/web\/wp-content\/uploads\/2025\/09\/actualidad004-thegem-post-thumb-small.jpg 1x, https:\/\/www.elfuerte.cl\/web\/wp-content\/uploads\/2025\/09\/actualidad004-thegem-post-thumb-large.jpg 2x\" alt=\"\"\/><\/a><\/div><div class=\"gem-pp-posts-text\"> <div class=\"gem-pp-posts-item\"><a href=\"https:\/\/www.elfuerte.cl\/web\/2025\/09\/05\/la-derrota-que-dejo-al-gobierno-sin-brujula\/\">La derrota que dej\u00f3 al gobierno sin br\u00fajula<\/a><\/div><div class=\"gem-pp-posts-date\">05\/09\/2025<\/div><\/div><\/li><\/ul><\/aside>\t\t\t\t<\/div>\n\t\t\t\t\t<\/div>\n\t\t<\/div>\n\t\t\t\t\t<\/div><\/div>\r\n\t\t<\/section>\r\n\t\t\t\t<\/div>\n\t\t","protected":false},"excerpt":{"rendered":"<p>El evento gastron\u00f3mico sigue hoy s\u00e1bado y el momento culmine ser\u00e1 el domingo 6 de septiembre a las 18.30 horas, cuando sea rota la estructura donada por Chocolater\u00eda Entrelagos.<\/p>\n","protected":false},"author":1,"featured_media":9289,"comment_status":"closed","ping_status":"closed","sticky":false,"template":"single-fullwidth.php","format":"standard","meta":{"footnotes":""},"categories":[21,100],"tags":[413,330,387],"class_list":{"0":"post-9287","1":"post","2":"type-post","3":"status-publish","4":"format-standard","5":"has-post-thumbnail","7":"category-actualidad","8":"category-destacados","9":"tag-chocolate","10":"tag-emprendimiento","11":"tag-feria"},"menu_order":1,"_links":{"self":[{"href":"https:\/\/www.elfuerte.cl\/web\/wp-json\/wp\/v2\/posts\/9287","targetHints":{"allow":["GET"]}}],"collection":[{"href":"https:\/\/www.elfuerte.cl\/web\/wp-json\/wp\/v2\/posts"}],"about":[{"href":"https:\/\/www.elfuerte.cl\/web\/wp-json\/wp\/v2\/types\/post"}],"author":[{"embeddable":true,"href":"https:\/\/www.elfuerte.cl\/web\/wp-json\/wp\/v2\/users\/1"}],"replies":[{"embeddable":true,"href":"https:\/\/www.elfuerte.cl\/web\/wp-json\/wp\/v2\/comments?post=9287"}],"version-history":[{"count":7,"href":"https:\/\/www.elfuerte.cl\/web\/wp-json\/wp\/v2\/posts\/9287\/revisions"}],"predecessor-version":[{"id":9313,"href":"https:\/\/www.elfuerte.cl\/web\/wp-json\/wp\/v2\/posts\/9287\/revisions\/9313"}],"wp:featuredmedia":[{"embeddable":true,"href":"https:\/\/www.elfuerte.cl\/web\/wp-json\/wp\/v2\/media\/9289"}],"wp:attachment":[{"href":"https:\/\/www.elfuerte.cl\/web\/wp-json\/wp\/v2\/media?parent=9287"}],"wp:term":[{"taxonomy":"category","embeddable":true,"href":"https:\/\/www.elfuerte.cl\/web\/wp-json\/wp\/v2\/categories?post=9287"},{"taxonomy":"post_tag","embeddable":true,"href":"https:\/\/www.elfuerte.cl\/web\/wp-json\/wp\/v2\/tags?post=9287"}],"curies":[{"name":"wp","href":"https:\/\/api.w.org\/{rel}","templated":true}]}}